{"id":69773,"date":"2019-06-17T19:47:05","date_gmt":"2019-06-18T00:47:05","guid":{"rendered":"https:\/\/www.uv.mx\/prensa\/?p=69773"},"modified":"2019-06-19T19:58:39","modified_gmt":"2019-06-20T00:58:39","slug":"academicos-de-la-u-de-quebec-impartiran-cursos-a-docentes-uv","status":"publish","type":"post","link":"https:\/\/www.uv.mx\/prensa\/general\/academicos-de-la-u-de-quebec-impartiran-cursos-a-docentes-uv\/","title":{"rendered":"Acad\u00e9micos de la U. de Quebec impartir\u00e1n cursos a docentes UV"},"content":{"rendered":"<ul>\n<li data-leveltext=\"\uf0b7\" data-font=\"Symbol\" data-listid=\"1\" data-aria-posinset=\"1\" data-aria-level=\"1\"><i><span data-contrast=\"auto\">\u201c<\/span><\/i><i><span data-contrast=\"auto\">Es la primera vez en Latinoam\u00e9rica y en M\u00e9xico que se imparten estos curso<\/span><\/i><i><span data-contrast=\"auto\">s de formaci\u00f3n con enfoque <\/span><\/i><i><span data-contrast=\"auto\">neuroling\u00fc\u00edstico<\/span><\/i><i><span data-contrast=\"auto\">\u201d<\/span><\/i><i><span data-contrast=\"auto\">, subray\u00f3 la profesora visitante Gladys <\/span><\/i><i><span data-contrast=\"auto\">Benudiz<\/span><\/i><span data-ccp-props=\"{&quot;134233279&quot;:true}\">\u00a0<\/span><\/li>\n<li data-leveltext=\"\uf0b7\" data-font=\"Symbol\" data-listid=\"1\" data-aria-posinset=\"2\" data-aria-level=\"1\"><i><span data-contrast=\"auto\">Son tres cursos de formaci\u00f3n con enfoque neuroling\u00fc\u00edstico aplicado a la did\u00e1ctica de lenguas<\/span><\/i><i><span data-contrast=\"auto\"> en espa\u00f1ol, franc\u00e9s e ingl\u00e9s<\/span><\/i><\/li>\n<\/ul>\n<div id=\"attachment_69747\" style=\"width: 732px\" class=\"wp-caption aligncenter\"><a href=\"https:\/\/www.uv.mx\/prensa\/files\/2019\/06\/170619-enfoque-NL-1.jpg\"><img loading=\"lazy\" decoding=\"async\" aria-describedby=\"caption-attachment-69747\" class=\"size-full wp-image-69747\" src=\"https:\/\/www.uv.mx\/prensa\/files\/2019\/06\/170619-enfoque-NL-1.jpg\" alt=\"Magdalena Hern\u00e1ndez, secretaria Acad\u00e9mica de la UV, dio la bienvenida a los profesores de la Universidad de Qu\u00e9bec \" width=\"722\" height=\"481\" srcset=\"https:\/\/www.uv.mx\/prensa\/files\/2019\/06\/170619-enfoque-NL-1.jpg 722w, https:\/\/www.uv.mx\/prensa\/files\/2019\/06\/170619-enfoque-NL-1-300x200.jpg 300w\" sizes=\"auto, (max-width: 722px) 100vw, 722px\" \/><\/a><p id=\"caption-attachment-69747\" class=\"wp-caption-text\">Magdalena Hern\u00e1ndez, secretaria Acad\u00e9mica de la UV, dio la bienvenida a los profesores de la Universidad de Quebec<\/p><\/div>\n<p><b><i><span data-contrast=\"auto\">David Sandoval Rodr\u00edguez<\/span><\/i><\/b><span data-ccp-props=\"{}\">\u00a0<\/span><\/p>\n<p><b><i><span data-contrast=\"auto\">17\/06\/19, Xalapa, <\/span><\/i><\/b><b><i><span data-contrast=\"auto\">Ver.-<\/span><\/i><\/b><span data-contrast=\"auto\"> La Universidad Veracruzana (UV), a trav\u00e9s de la Escuela para Estudiantes Extranjeros (EEE), dio la bienvenida a tres profesores de la Universidad de <\/span><span data-contrast=\"auto\">Quebec<\/span><span data-contrast=\"auto\"> en Montreal, Canad\u00e1, quienes impartir\u00e1n a docentes de esta casa de estudios tres cursos de formaci\u00f3n con enfoque <\/span><span data-contrast=\"auto\">neuroling\u00fc\u00edstico<\/span><span data-contrast=\"auto\"> aplicado a la did\u00e1ctica de lenguas.<\/span><span data-ccp-props=\"{}\">\u00a0<\/span><\/p>\n<p><span data-contrast=\"auto\">Ser\u00e1n 18 acad\u00e9micos de la UV <\/span><span data-contrast=\"auto\">los que<\/span><span data-contrast=\"auto\"> participar\u00e1n en la capacitaci\u00f3n intensiva durante una semana<\/span><span data-contrast=\"auto\"> en tres<\/span><span data-contrast=\"auto\"> cursos: uno <\/span><span data-contrast=\"auto\">del espa\u00f1ol como lengua extranjera, otro <\/span><span data-contrast=\"auto\">del franc\u00e9s c<\/span><span data-contrast=\"auto\">omo lengua extranjera y el tercero <\/span><span data-contrast=\"auto\">de ingl\u00e9s como lengua extranjera en materias que se imparten en ingl\u00e9s.<\/span><span data-ccp-props=\"{}\">\u00a0<\/span><\/p>\n<p><span data-contrast=\"auto\">Los profesores visitantes, Gladys <\/span><span data-contrast=\"auto\">Benudiz<\/span><span data-contrast=\"auto\">, <\/span><span data-contrast=\"auto\">Lyne<\/span> <span data-contrast=\"auto\">Montsion<\/span><span data-contrast=\"auto\"> y David <\/span><span data-contrast=\"auto\">MacFarlane<\/span><span data-contrast=\"auto\">, fueron recibidos por autoridades universitarias encabezadas por Magdalena Hern\u00e1ndez Alarc\u00f3n, secretaria Acad\u00e9mica de la UV, quien <\/span><span data-contrast=\"auto\">asever\u00f3<\/span><span data-contrast=\"auto\">:<\/span><span data-contrast=\"auto\"> \u201c<\/span><span data-contrast=\"auto\">P<\/span><span data-contrast=\"auto\">ara nosotros es muy importante recibir a este grupo que trabaja<\/span> <span data-contrast=\"auto\">con <\/span><span data-contrast=\"auto\">Claude Germain<\/span><span data-contrast=\"auto\">, especialista en <\/span><span data-contrast=\"auto\">cursos de formaci\u00f3n con enfoque <\/span><span data-contrast=\"auto\">neuroling\u00fc\u00edstico<\/span><span data-contrast=\"auto\">\u201d.<\/span><span data-ccp-props=\"{}\">\u00a0<\/span><\/p>\n<p><span data-contrast=\"auto\">Para la comunidad docente de la UV, estos cursos brindar\u00e1n una perspectiva m\u00e1s para llevar a cabo su quehacer cotidiano a partir de un enfoque innovador que reci\u00e9n comienza a aplicarse en la ense\u00f1a<\/span><span data-contrast=\"auto\">nza de los idiomas, coment\u00f3 la S<\/span><span data-contrast=\"auto\">ecretaria Acad\u00e9mica.<\/span><span data-ccp-props=\"{}\">\u00a0<\/span><\/p>\n<p><span data-contrast=\"auto\">A nombre de los <\/span><span data-contrast=\"auto\">catedr\u00e1ticos<\/span><span data-contrast=\"auto\"> visitantes, la profesora <\/span><span data-contrast=\"auto\">Gladys <\/span><span data-contrast=\"auto\">Benudiz<\/span><span data-contrast=\"auto\"> dijo: \u201cAgradecemos<\/span><span data-contrast=\"auto\"> a las autoridades de la Universidad Ve<\/span><span data-contrast=\"auto\">racruzana que han hecho posible<\/span><span data-contrast=\"auto\"> estos talleres gracias a su apertura y generosidad\u201d<\/span><span data-contrast=\"auto\">.<\/span><span data-ccp-props=\"{&quot;335559731&quot;:708}\">\u00a0<\/span><\/p>\n<p><span data-contrast=\"auto\">H<\/span><span data-contrast=\"auto\">ace cuatro a\u00f1os, <\/span><span data-contrast=\"auto\">Benudiz<\/span><span data-contrast=\"auto\"> conoci\u00f3 a <\/span><span data-contrast=\"auto\">Celia Cristina Contreras Asturias, directora de la EEE<\/span><span data-contrast=\"auto\">, y desde entonces conversaron sobre este proyecto de formaci\u00f3n en M\u00e9xico.<\/span><span data-ccp-props=\"{&quot;335559731&quot;:708}\">\u00a0<\/span><\/p>\n<p><span data-contrast=\"auto\">\u201cGracias a la determinaci\u00f3n de Celia estamos hoy con ustedes en la linda ciudad de Xalapa y quisi\u00e9ramos agradecer a los 18 valiosos acad\u00e9micos que aceptaron participar en estos cinco d\u00edas intensivos de formaci\u00f3n\u201d, coment\u00f3.<\/span><span data-ccp-props=\"{&quot;335559731&quot;:708}\">\u00a0<\/span><\/p>\n<p><span data-contrast=\"auto\">Es un evento hist\u00f3rico, subray\u00f3, ya que es la primera vez que una formaci\u00f3n con enfoque <\/span><span data-contrast=\"auto\">neuroling\u00fc\u00edstico<\/span><span data-contrast=\"auto\"> se lleva a cabo en M\u00e9xico e incluso Am\u00e9rica Latina; \u201cpor lo tanto, estamos muy orgullosos de compartir este evento que consolida la alianza <\/span><span data-contrast=\"auto\">Quebec<\/span><span data-contrast=\"auto\">-M\u00e9xico y que se a\u00f1ade a la <\/span><span data-contrast=\"auto\">de<\/span><span data-contrast=\"auto\"> Canad\u00e1-M\u00e9xico en el proceso de reforzar sus lazos econ\u00f3micos y culturales\u201d.<\/span><\/p>\n<div id=\"attachment_69746\" style=\"width: 732px\" class=\"wp-caption aligncenter\"><a href=\"https:\/\/www.uv.mx\/prensa\/files\/2019\/06\/170619-enfoque-NL-2.jpg\"><img loading=\"lazy\" decoding=\"async\" aria-describedby=\"caption-attachment-69746\" class=\"size-full wp-image-69746\" src=\"https:\/\/www.uv.mx\/prensa\/files\/2019\/06\/170619-enfoque-NL-2.jpg\" alt=\"Gladys Benudiz, profesora de la Universidad de Qu\u00e9bec, recalc\u00f3 que este evento consolida la alianza de Canad\u00e1 con M\u00e9xico \" width=\"722\" height=\"481\" srcset=\"https:\/\/www.uv.mx\/prensa\/files\/2019\/06\/170619-enfoque-NL-2.jpg 722w, https:\/\/www.uv.mx\/prensa\/files\/2019\/06\/170619-enfoque-NL-2-300x200.jpg 300w\" sizes=\"auto, (max-width: 722px) 100vw, 722px\" \/><\/a><p id=\"caption-attachment-69746\" class=\"wp-caption-text\">Gladys Benudiz, profesora de la Universidad de Quebec, recalc\u00f3 que este evento consolida la alianza de Canad\u00e1 con M\u00e9xico<\/p><\/div>\n<p><span data-contrast=\"auto\">Mario Oliva Su\u00e1rez<\/span><span data-contrast=\"auto\">, director general de Relaciones Internacionales,<\/span><span data-contrast=\"auto\"> record\u00f3 que<\/span> <span data-contrast=\"auto\">hab\u00eda <\/span><span data-contrast=\"auto\">un inter\u00e9s por parte de la direcci\u00f3n de la EEE en <\/span><span data-contrast=\"auto\">impartir estos cursos <\/span><span data-contrast=\"auto\">a profesores de la UV<\/span><span data-contrast=\"auto\">,<\/span> <span data-contrast=\"auto\">y <\/span><span data-contrast=\"auto\">adem\u00e1s <\/span><span data-contrast=\"auto\">ser\u00e1 la primera vez que se imp<\/span><span data-contrast=\"auto\">arten en M\u00e9xico y Latinoam\u00e9rica<\/span><span data-contrast=\"auto\">.<\/span><span data-ccp-props=\"{&quot;335559731&quot;:708}\">\u00a0<\/span><\/p>\n<p><span data-contrast=\"auto\">\u201cPara los profesores canadienses tambi\u00e9n existe un gran inter\u00e9s <\/span><span data-contrast=\"auto\">pues<\/span><span data-contrast=\"auto\"> ser\u00e1 la primera vez que imparten cursos de este tipo fuera de su universidad\u201d, esto brindar\u00e1 un valor agregado a su trabajo, agreg\u00f3 Oliva Su\u00e1rez.<\/span><span data-ccp-props=\"{&quot;335559731&quot;:708}\">\u00a0<\/span><\/p>\n<p><span data-contrast=\"auto\">Contreras Asturias<\/span> <span data-contrast=\"auto\">refiri\u00f3 que <\/span><span data-contrast=\"auto\">entre<\/span><span data-contrast=\"auto\"> los objetivos acad\u00e9micos de la dependencia considera \u201cproyectos de innovaci\u00f3n en su actividad sustantiva<\/span><span data-contrast=\"auto\">,<\/span><span data-contrast=\"auto\"> que es la did\u00e1ctica del espa\u00f1ol como lengua extranjera\u201d, ello considerando el compromiso y la responsabilidad social<\/span><span data-contrast=\"auto\">,<\/span><span data-contrast=\"auto\"> as\u00ed como la vinculaci\u00f3n con otr<\/span><span data-contrast=\"auto\">as dependencias universitarias.<\/span><span data-ccp-props=\"{&quot;335559731&quot;:708}\">\u00a0<\/span><\/p>\n<p><span data-contrast=\"auto\">\u201cAgradecemos en gran medida el apoyo de la Universidad de Quebec en Montreal, a trav\u00e9s del distinguido te\u00f3rico de la did\u00e1ctica de las lenguas extranjeras, Claude Germain<\/span><span data-contrast=\"auto\">;<\/span><span data-contrast=\"auto\"> asimismo<\/span><span data-contrast=\"auto\">,<\/span><span data-contrast=\"auto\"> a su distinguido equipo de especialistas aqu\u00ed presentes<\/span><span data-contrast=\"auto\">,<\/span> <span data-contrast=\"auto\">es para nosotros una verdadera distinci\u00f3n contar con su amable disposici\u00f3n<\/span><span data-contrast=\"auto\">\u201d, agreg\u00f3 <\/span><span data-contrast=\"auto\">la D<\/span><span data-contrast=\"auto\">irectora de la EEE<\/span><span data-contrast=\"auto\">.<\/span><span data-ccp-props=\"{&quot;335559731&quot;:708}\">\u00a0<\/span><\/p>\n<p><span data-contrast=\"auto\">En la inauguraci\u00f3n estuvieron tambi\u00e9n <\/span><span data-contrast=\"auto\">Adriana Victoria Abad Florescano<\/span><span data-contrast=\"auto\">, titular de la <\/span><span data-contrast=\"auto\">Direcci\u00f3n de los Centros de Idiomas y <\/span><span data-contrast=\"auto\">Autoacceso<\/span><span data-contrast=\"auto\">,<\/span> <span data-contrast=\"auto\">y <\/span><span data-contrast=\"auto\">Daniel Romero Le\u00f3n, <\/span><span data-contrast=\"auto\">coordinador del Programa de Estudios sobre Am\u00e9rica del Norte.<\/span><\/p>\n<div id=\"attachment_69745\" style=\"width: 732px\" class=\"wp-caption aligncenter\"><a href=\"https:\/\/www.uv.mx\/prensa\/files\/2019\/06\/170619-enfoque-NL-3.jpg\"><img loading=\"lazy\" decoding=\"async\" aria-describedby=\"caption-attachment-69745\" class=\"size-full wp-image-69745\" src=\"https:\/\/www.uv.mx\/prensa\/files\/2019\/06\/170619-enfoque-NL-3.jpg\" alt=\"Autoridades y acad\u00e9micos de la UV con los acad\u00e9micos de la Universidad de Qu\u00e9bec que impartir\u00e1n los cursos \" width=\"722\" height=\"481\" srcset=\"https:\/\/www.uv.mx\/prensa\/files\/2019\/06\/170619-enfoque-NL-3.jpg 722w, https:\/\/www.uv.mx\/prensa\/files\/2019\/06\/170619-enfoque-NL-3-300x200.jpg 300w\" sizes=\"auto, (max-width: 722px) 100vw, 722px\" \/><\/a><p id=\"caption-attachment-69745\" class=\"wp-caption-text\">Autoridades y acad\u00e9micos de la UV con los acad\u00e9micos de la Universidad de Quebec que impartir\u00e1n los cursos<\/p><\/div>\n","protected":false},"excerpt":{"rendered":"<p>Gladys Benudiz, Lyne Montsion y David MacFarlane, profesores visitantes, fueron recibidos por autoridades universitarias encabezadas por Magdalena Hern\u00e1ndez Alarc\u00f3n <\/p>\n","protected":false},"author":1775,"featured_media":69745,"comment_status":"closed","ping_status":"closed","sticky":false,"template":"","format":"standard","meta":{"footnotes":""},"categories":[1],"tags":[],"class_list":["post-69773","post","type-post","status-publish","format-standard","has-post-thumbnail","hentry","category-general"],"_links":{"self":[{"href":"https:\/\/www.uv.mx\/prensa\/wp-json\/wp\/v2\/posts\/69773","targetHints":{"allow":["GET"]}}],"collection":[{"href":"https:\/\/www.uv.mx\/prensa\/wp-json\/wp\/v2\/posts"}],"about":[{"href":"https:\/\/www.uv.mx\/prensa\/wp-json\/wp\/v2\/types\/post"}],"author":[{"embeddable":true,"href":"https:\/\/www.uv.mx\/prensa\/wp-json\/wp\/v2\/users\/1775"}],"replies":[{"embeddable":true,"href":"https:\/\/www.uv.mx\/prensa\/wp-json\/wp\/v2\/comments?post=69773"}],"version-history":[{"count":0,"href":"https:\/\/www.uv.mx\/prensa\/wp-json\/wp\/v2\/posts\/69773\/revisions"}],"wp:featuredmedia":[{"embeddable":true,"href":"https:\/\/www.uv.mx\/prensa\/wp-json\/wp\/v2\/media\/69745"}],"wp:attachment":[{"href":"https:\/\/www.uv.mx\/prensa\/wp-json\/wp\/v2\/media?parent=69773"}],"wp:term":[{"taxonomy":"category","embeddable":true,"href":"https:\/\/www.uv.mx\/prensa\/wp-json\/wp\/v2\/categories?post=69773"},{"taxonomy":"post_tag","embeddable":true,"href":"https:\/\/www.uv.mx\/prensa\/wp-json\/wp\/v2\/tags?post=69773"}],"curies":[{"name":"wp","href":"https:\/\/api.w.org\/{rel}","templated":true}]}}