{"id":69734,"date":"2019-06-17T12:53:33","date_gmt":"2019-06-17T17:53:33","guid":{"rendered":"https:\/\/www.uv.mx\/prensa\/?p=69734"},"modified":"2019-06-17T12:53:33","modified_gmt":"2019-06-17T17:53:33","slug":"conmemoraron-80-anos-del-exilio-espanol-en-mexico","status":"publish","type":"post","link":"https:\/\/www.uv.mx\/prensa\/regiones\/conmemoraron-80-anos-del-exilio-espanol-en-mexico\/","title":{"rendered":"Conmemoraron 80 a\u00f1os del\u00a0exilio espa\u00f1ol en M\u00e9xico\u00a0"},"content":{"rendered":"<ul>\n<li data-leveltext=\"\uf0b7\" data-font=\"Symbol\" data-listid=\"1\" data-aria-posinset=\"0\" data-aria-level=\"1\"><i><span data-contrast=\"auto\">\u201c<\/span><\/i><i><span data-contrast=\"auto\">La l<\/span><\/i><i><span data-contrast=\"auto\">legada de espa\u00f1oles republicanos exiliados fue ben\u00e9fica<\/span><\/i><i><span data-contrast=\"auto\"> para M\u00e9xic<\/span><\/i><i><span data-contrast=\"auto\">o y Espa\u00f1a<\/span><\/i><i><span data-contrast=\"auto\">\u201d<\/span><\/i><i><span data-contrast=\"auto\">: Cuauht\u00e9moc C\u00e1rdenas<\/span><\/i><span data-ccp-props=\"{&quot;134233279&quot;:true}\">\u00a0<\/span><\/li>\n<li data-leveltext=\"\uf0b7\" data-font=\"Symbol\" data-listid=\"1\" data-aria-posinset=\"0\" data-aria-level=\"1\"><i><span data-contrast=\"auto\">La Rectora de la UV <\/span><\/i><i><span data-contrast=\"auto\">invit\u00f3 a las diferentes instancias a recuperar y resguardar la memoria hist\u00f3rica\u00a0<\/span><\/i><span data-ccp-props=\"{&quot;134233279&quot;:true}\">\u00a0<\/span><\/li>\n<\/ul>\n<p><span data-ccp-props=\"{}\">\u00a0<\/span><b><i><\/i><\/b><\/p>\n<div id=\"attachment_69738\" style=\"width: 732px\" class=\"wp-caption aligncenter\"><a href=\"https:\/\/www.uv.mx\/prensa\/files\/2019\/06\/150619-veracruz-exilio-1.jpg\"><img aria-describedby=\"caption-attachment-69738\" decoding=\"async\" loading=\"lazy\" class=\"size-full wp-image-69738\" src=\"https:\/\/www.uv.mx\/prensa\/files\/2019\/06\/150619-veracruz-exilio-1.jpg\" alt=\"\" width=\"722\" height=\"481\" srcset=\"https:\/\/www.uv.mx\/prensa\/files\/2019\/06\/150619-veracruz-exilio-1.jpg 722w, https:\/\/www.uv.mx\/prensa\/files\/2019\/06\/150619-veracruz-exilio-1-300x200.jpg 300w\" sizes=\"(max-width: 722px) 100vw, 722px\" \/><\/a><p id=\"caption-attachment-69738\" class=\"wp-caption-text\">La UV particip\u00f3 en la conmemoraci\u00f3n de los 80 a\u00f1os del exilio espa\u00f1ol<\/p><\/div>\n<p><span data-ccp-props=\"{}\">\u00a0<\/span><\/p>\n<p><b><i><span data-contrast=\"auto\">Alma Mart\u00ednez Maldonado<\/span><\/i><\/b><span data-ccp-props=\"{}\">\u00a0<\/span><\/p>\n<p><b><i><span data-contrast=\"auto\">17\/06\/2019, Veracruz, Ver.-<\/span><\/i><\/b><span data-contrast=\"auto\"> En el marco de la conmemoraci\u00f3n de los 80 a\u00f1os del exilio republicano espa\u00f1ol en M\u00e9xico, el viernes 14 de junio se realiz\u00f3 una mesa redonda con la participaci\u00f3n de personalidades como Cuauht\u00e9moc C\u00e1rdenas Sol\u00f3rzano y la rectora de la Universidad Veracruzana (UV), Sara Ladr\u00f3n de Guevara, <\/span><span data-contrast=\"auto\">quienes <\/span><span data-contrast=\"auto\">compartieron opiniones y datos hist\u00f3ricos sobre esta etapa que vincula a M\u00e9xico y Espa\u00f1a.<\/span><span data-ccp-props=\"{}\">\u00a0<\/span><\/p>\n<p><span data-contrast=\"auto\">En la mesa redonda \u201cLos 80 a\u00f1os del exilio republicano espa\u00f1ol\u201d, moderada por Manuel <\/span><span data-contrast=\"auto\">Polgar<\/span><span data-contrast=\"auto\">, tambi\u00e9n <\/span><span data-contrast=\"auto\">disertaron <\/span><span data-contrast=\"auto\">Jorge de Hoyos, de la Comisi\u00f3n Espa\u00f1ola de Actos Conmemorativos de los 80 a\u00f1os del Exilio Espa\u00f1ol; Ernesto Casanova Caloto, presidente del Ateneo Espa\u00f1ol, y Silvia <\/span><span data-contrast=\"auto\">Guiorguli<\/span><span data-contrast=\"auto\">, presidenta de El Colegio de M\u00e9xico.<\/span><span data-ccp-props=\"{&quot;335559731&quot;:708}\">\u00a0<\/span><\/p>\n<p><span data-contrast=\"auto\">Los ponentes coincidieron en que la llegada de los exiliados espa\u00f1oles a M\u00e9xico fue un \u201cacto de humanismo y solidaridad\u201d donde ambos pa\u00edses fueron beneficiados; asimismo, en la necesidad de mantener una memoria hist\u00f3rica de esta etapa crucial que form\u00f3 parte de la Segunda Guerra Mundial y de los movimientos migratorios que se est\u00e1n dando actualmente.<\/span><span data-ccp-props=\"{&quot;335559731&quot;:708}\">\u00a0<\/span><\/p>\n<p><span data-contrast=\"auto\">Cuauht\u00e9moc C\u00e1rdenas <\/span><span data-contrast=\"auto\">a<\/span><span data-contrast=\"auto\">firm\u00f3 que la decisi\u00f3n del entonces presidente L\u00e1zaro C\u00e1rdenas del R\u00edo fue atinada y por eso es gratamente recordado despu\u00e9s de ocho d\u00e9cadas.<\/span><span data-ccp-props=\"{&quot;335559731&quot;:708}\">\u00a0<\/span><\/p>\n<p><span data-contrast=\"auto\">Refiri\u00f3 que el agradecimiento expresado en todas las actividades conmemorativas es mutuo<\/span><span data-contrast=\"auto\">,<\/span><span data-contrast=\"auto\"> puesto que \u201ca M\u00e9xico llegaron personas profesionistas que se integraron a nuestro pa\u00eds y trajeron beneficios para ambos\u201d.<\/span><span data-ccp-props=\"{&quot;335559731&quot;:708}\">\u00a0<\/span><\/p>\n<p><span data-contrast=\"auto\">En tanto la Rectora de la UV ley\u00f3 un texto redactado en colaboraci\u00f3n con el investigador universitario Jos\u00e9 Antonio Hernanz Moral. Record<\/span><span data-contrast=\"auto\">\u00f3<\/span><span data-contrast=\"auto\"> que h<\/span><span data-contrast=\"auto\">ace<\/span> <span data-contrast=\"auto\">80 a\u00f1os atrac\u00f3 el barco <\/span><span data-contrast=\"auto\">Sinaia<\/span><span data-contrast=\"auto\"> con mil 599 pasajeros; de ellos, seg\u00fan el listado custodiado por la Fundaci\u00f3n \u201cPablo Iglesias\u201d, se ten<\/span><span data-contrast=\"auto\">\u00ed<\/span><span data-contrast=\"auto\">a la informaci\u00f3n de su nombre, edad, lugar de nacimiento, partido pol\u00edtico, central sindical, residencia en Francia y cargos de antes y durante la guerra.<\/span><span data-ccp-props=\"{&quot;335559731&quot;:708}\">\u00a0<\/span><\/p>\n<p>&nbsp;<\/p>\n<div id=\"attachment_69736\" style=\"width: 732px\" class=\"wp-caption aligncenter\"><a href=\"https:\/\/www.uv.mx\/prensa\/files\/2019\/06\/150619-banner-veracruz-exilio-3.jpg\"><img aria-describedby=\"caption-attachment-69736\" decoding=\"async\" loading=\"lazy\" class=\"size-full wp-image-69736\" src=\"https:\/\/www.uv.mx\/prensa\/files\/2019\/06\/150619-banner-veracruz-exilio-3.jpg\" alt=\"\" width=\"722\" height=\"481\" srcset=\"https:\/\/www.uv.mx\/prensa\/files\/2019\/06\/150619-banner-veracruz-exilio-3.jpg 722w, https:\/\/www.uv.mx\/prensa\/files\/2019\/06\/150619-banner-veracruz-exilio-3-300x200.jpg 300w\" sizes=\"(max-width: 722px) 100vw, 722px\" \/><\/a><p id=\"caption-attachment-69736\" class=\"wp-caption-text\">La Rectora hizo un llamado para resguardar la memoria hist\u00f3rica<\/p><\/div>\n<p>&nbsp;<\/p>\n<p><span data-contrast=\"auto\">A\u00f1adi\u00f3 que actualmente no se tiene ning\u00fan registro de este tipo ante la oleada de migrantes que llegan a M\u00e9xico, \u201c<\/span><span data-contrast=\"auto\">n<\/span><span data-contrast=\"auto\">o hay registro de los 140 mil migrantes cuyo ingreso<\/span><span data-contrast=\"auto\"> es desconocido por la Secretar\u00ed<\/span><span data-contrast=\"auto\">a de Gobernaci\u00f3n. No hay listado de nombres, g\u00e9nero, edad, escolaridad<\/span><span data-contrast=\"auto\">, ocupaci\u00f3n. No tienen rostro\u201d.<\/span><span data-ccp-props=\"{&quot;335559731&quot;:708}\">\u00a0<\/span><\/p>\n<p><span data-contrast=\"auto\">Sara <\/span><span data-contrast=\"auto\">Ladr\u00f3n de Guevar<\/span><span data-contrast=\"auto\">a hizo un llamado para no caer e<\/span><span data-contrast=\"auto\">n la banalidad de la indiferencia <\/span><span data-contrast=\"auto\">que <\/span><span data-contrast=\"auto\">\u201c<\/span><span data-contrast=\"auto\">s<\/span><span data-contrast=\"auto\">upondr\u00eda <\/span><span data-contrast=\"auto\">asumir que el derecho internacional, la l\u00f3gica del capitalismo global y el espejismo de las redes sociales resolver\u00e1n el problema de la migraci\u00f3n\u201d<\/span><span data-contrast=\"auto\">.<\/span><span data-ccp-props=\"{&quot;335559731&quot;:708}\">\u00a0<\/span><\/p>\n<p><span data-contrast=\"auto\">Coincidiendo con C\u00e1rdenas Sol\u00f3rzano y los dem\u00e1s ponentes<\/span><span data-contrast=\"auto\">,<\/span><span data-contrast=\"auto\"> invit\u00f3 a las difer<\/span><span data-contrast=\"auto\">entes instancias a recuperar y resguardar<\/span><span data-contrast=\"auto\"> la memoria hist\u00f3rica mediante<\/span> <span data-contrast=\"auto\">\u201c<\/span><span data-contrast=\"auto\">gestos valientes y moralmente necesarios\u201d.<\/span><span data-ccp-props=\"{&quot;335559731&quot;:708}\">\u00a0<\/span><\/p>\n<p><span data-contrast=\"auto\">Por su parte, Silvia <\/span><span data-contrast=\"auto\">Guiorguli<\/span><span data-contrast=\"auto\"> explic\u00f3 que e<\/span><span data-contrast=\"auto\">n la actualidad<\/span><span data-contrast=\"auto\"> se enfrenta un <\/span><span data-contrast=\"auto\">panorama <\/span><span data-contrast=\"auto\">pol\u00edtico adverso en el tema migratorio, es un proceso complejo con diversas aristas donde la integraci\u00f3n no es f\u00e1cil y no siempre es positiva.<\/span><span data-ccp-props=\"{&quot;335559731&quot;:708}\">\u00a0<\/span><\/p>\n<p><span data-contrast=\"auto\">Puntualiz\u00f3 que en todo proceso migratorio es importante el contexto de la llegada, \u201cla<\/span> <span data-contrast=\"auto\">forma en que llega el migrante es relevante, pues de ello depende c\u00f3mo sea trata<\/span><span data-contrast=\"auto\">do y visto por los nacionales\u201d.<\/span><span data-ccp-props=\"{&quot;335559731&quot;:708}\">\u00a0<\/span><\/p>\n<p><span data-contrast=\"auto\">Jorge de Hoyos inform\u00f3 que a nivel mundial se est\u00e1n realizando diversas actividades conmemorativas del exilio, en agradecimiento a los diferentes pa\u00edses que acogieron a los espa\u00f1oles.<\/span><span data-ccp-props=\"{&quot;335559731&quot;:708}\">\u00a0<\/span><\/p>\n<p><span data-contrast=\"auto\">Mencion\u00f3<\/span><span data-contrast=\"auto\"> que en Espa\u00f1a se tuvo la iniciativa de recordar esta etapa significativa<\/span><span data-contrast=\"auto\">, lo cual se ha hecho<\/span> <span data-contrast=\"auto\">en m\u00e1s de 80 eventos <\/span><span data-contrast=\"auto\">desarrollados en los pa\u00edses qu<\/span><span data-contrast=\"auto\">e dieron asilo a los exiliados.<\/span><span data-ccp-props=\"{}\">\u00a0<\/span><\/p>\n<p><span data-contrast=\"auto\">Por \u00faltimo<\/span><span data-contrast=\"auto\">,<\/span><span data-contrast=\"auto\"> Ernesto Casanova explic\u00f3 que el Ateneo Espa\u00f1ol es una organizaci\u00f3n que se cre\u00f3 el 4 de enero de 1949 y durante 70 a\u00f1os ha congregado a los espa\u00f1oles, procurando mantener <\/span><span data-contrast=\"auto\">la cultura, tradici\u00f3n y memoria hist\u00f3rica de su pa\u00eds de origen.<\/span><span data-ccp-props=\"{&quot;335559731&quot;:708}\">\u00a0<\/span><\/p>\n<p><span data-contrast=\"auto\">Agradeci\u00f3 ampliamente las facilidades otorgadas para la <\/span><span data-contrast=\"auto\">conmemoraci\u00f3n de los 80 a\u00f1os del exilio espa\u00f1ol republicano en M\u00e9xico, que se realiz\u00f3 del 12 al 16 de junio en<\/span><span data-contrast=\"auto\"> el puerto de Veracruz<\/span><span data-contrast=\"auto\">.<\/span><span data-ccp-props=\"{&quot;335559731&quot;:708}\">\u00a0<\/span><\/p>\n<p><span data-ccp-props=\"{}\">\u00a0<\/span><\/p>\n<div id=\"attachment_69739\" style=\"width: 732px\" class=\"wp-caption aligncenter\"><a href=\"https:\/\/www.uv.mx\/prensa\/files\/2019\/06\/150619-veracruz-exilio-5.jpg\"><img aria-describedby=\"caption-attachment-69739\" decoding=\"async\" loading=\"lazy\" class=\"size-full wp-image-69739\" src=\"https:\/\/www.uv.mx\/prensa\/files\/2019\/06\/150619-veracruz-exilio-5.jpg\" alt=\"\" width=\"722\" height=\"481\" srcset=\"https:\/\/www.uv.mx\/prensa\/files\/2019\/06\/150619-veracruz-exilio-5.jpg 722w, https:\/\/www.uv.mx\/prensa\/files\/2019\/06\/150619-veracruz-exilio-5-300x200.jpg 300w\" sizes=\"(max-width: 722px) 100vw, 722px\" \/><\/a><p id=\"caption-attachment-69739\" class=\"wp-caption-text\">Exiliados espa\u00f1oles y sus familiares acudieron al evento<\/p><\/div>\n","protected":false},"excerpt":{"rendered":"<p>\u201cLlegaron personas profesionistas que se integraron a nuestro pa\u00eds y trajeron beneficios para ambos\u201d: Cuauht\u00e9moc C\u00e1rdenas\u00a0<\/p>\n","protected":false},"author":1869,"featured_media":69737,"comment_status":"closed","ping_status":"closed","sticky":false,"template":"","format":"standard","meta":[],"categories":[61,32,55],"tags":[],"_links":{"self":[{"href":"https:\/\/www.uv.mx\/prensa\/wp-json\/wp\/v2\/posts\/69734"}],"collection":[{"href":"https:\/\/www.uv.mx\/prensa\/wp-json\/wp\/v2\/posts"}],"about":[{"href":"https:\/\/www.uv.mx\/prensa\/wp-json\/wp\/v2\/types\/post"}],"author":[{"embeddable":true,"href":"https:\/\/www.uv.mx\/prensa\/wp-json\/wp\/v2\/users\/1869"}],"replies":[{"embeddable":true,"href":"https:\/\/www.uv.mx\/prensa\/wp-json\/wp\/v2\/comments?post=69734"}],"version-history":[{"count":0,"href":"https:\/\/www.uv.mx\/prensa\/wp-json\/wp\/v2\/posts\/69734\/revisions"}],"wp:featuredmedia":[{"embeddable":true,"href":"https:\/\/www.uv.mx\/prensa\/wp-json\/wp\/v2\/media\/69737"}],"wp:attachment":[{"href":"https:\/\/www.uv.mx\/prensa\/wp-json\/wp\/v2\/media?parent=69734"}],"wp:term":[{"taxonomy":"category","embeddable":true,"href":"https:\/\/www.uv.mx\/prensa\/wp-json\/wp\/v2\/categories?post=69734"},{"taxonomy":"post_tag","embeddable":true,"href":"https:\/\/www.uv.mx\/prensa\/wp-json\/wp\/v2\/tags?post=69734"}],"curies":[{"name":"wp","href":"https:\/\/api.w.org\/{rel}","templated":true}]}}