{"id":69721,"date":"2019-06-14T21:00:22","date_gmt":"2019-06-15T02:00:22","guid":{"rendered":"https:\/\/www.uv.mx\/prensa\/?p=69721"},"modified":"2019-06-14T21:00:22","modified_gmt":"2019-06-15T02:00:22","slug":"estudiantes-de-psicologia-presentaron-trabajos-recepcionales","status":"publish","type":"post","link":"https:\/\/www.uv.mx\/prensa\/regiones\/poza-rica\/estudiantes-de-psicologia-presentaron-trabajos-recepcionales\/","title":{"rendered":"Estudiantes de Psicolog\u00eda presentaron trabajos recepcionales"},"content":{"rendered":"<ul>\n<li data-leveltext=\"\uf0b7\" data-font=\"Symbol\" data-listid=\"1\" data-aria-posinset=\"1\" data-aria-level=\"1\"><i><span data-contrast=\"auto\">El <\/span><\/i><i><span data-contrast=\"auto\">III Foro Calidad de Vida, <\/span><\/i><i><span data-contrast=\"auto\">P<\/span><\/i><i><span data-contrast=\"auto\">rocesos <\/span><\/i><i><span data-contrast=\"auto\">P<\/span><\/i><i><span data-contrast=\"auto\">sicosociales y <\/span><\/i><i><span data-contrast=\"auto\">G<\/span><\/i><i><span data-contrast=\"auto\">\u00e9nero<\/span><\/i><i><span data-contrast=\"auto\"> fue <\/span><\/i><i><span data-contrast=\"auto\">o<\/span><\/i><i><span data-contrast=\"auto\">rganizado por el CA Calidad de Vida y Desarrollo Huma<\/span><\/i><i><span data-contrast=\"auto\">no<\/span><\/i><span data-ccp-props=\"{&quot;134233279&quot;:true,&quot;201341983&quot;:0,&quot;335559739&quot;:160,&quot;335559740&quot;:240}\">\u00a0<\/span><\/li>\n<\/ul>\n<p>&nbsp;<\/p>\n<div id=\"attachment_69633\" style=\"width: 732px\" class=\"wp-caption aligncenter\"><a href=\"https:\/\/www.uv.mx\/prensa\/files\/2019\/06\/130619-PR-1.jpg\"><img loading=\"lazy\" decoding=\"async\" aria-describedby=\"caption-attachment-69633\" class=\"size-full wp-image-69633\" src=\"https:\/\/www.uv.mx\/prensa\/files\/2019\/06\/130619-PR-1.jpg\" alt=\"\" width=\"722\" height=\"394\" srcset=\"https:\/\/www.uv.mx\/prensa\/files\/2019\/06\/130619-PR-1.jpg 722w, https:\/\/www.uv.mx\/prensa\/files\/2019\/06\/130619-PR-1-300x164.jpg 300w\" sizes=\"auto, (max-width: 722px) 100vw, 722px\" \/><\/a><p id=\"caption-attachment-69633\" class=\"wp-caption-text\">Estudiantes de Psicolog\u00eda en el III Foro Calidad de Vida, Procesos Psicosociales y G\u00e9nero<\/p><\/div>\n<p>&nbsp;<\/p>\n<p><b><i><span data-contrast=\"auto\">Alma Celia San Mart\u00edn Cruz<\/span><\/i><\/b><span data-ccp-props=\"{&quot;201341983&quot;:0,&quot;335559739&quot;:160,&quot;335559740&quot;:240}\">\u00a0<\/span><\/p>\n<p><b><i><span data-contrast=\"auto\">14<\/span><\/i><\/b><b><i><span data-contrast=\"auto\">\/06\/<\/span><\/i><\/b><b><i><span data-contrast=\"auto\">19<\/span><\/i><\/b><b><i><span data-contrast=\"auto\">,<\/span><\/i><\/b> <b><i><span data-contrast=\"auto\">Poza Rica, Ver.- <\/span><\/i><\/b><span data-contrast=\"auto\">Estudiantes de octavo semestre de la Facultad de Psicolog\u00eda <\/span><span data-contrast=\"auto\">de la Universidad Veracruzana (UV)<\/span><span data-contrast=\"auto\"> presentaron resultados de sus trabajos de investigaci\u00f3n en el III Foro Calidad de Vida, <\/span><span data-contrast=\"auto\">P<\/span><span data-contrast=\"auto\">rocesos <\/span><span data-contrast=\"auto\">P<\/span><span data-contrast=\"auto\">sicosociales y <\/span><span data-contrast=\"auto\">G<\/span><span data-contrast=\"auto\">\u00e9nero, <\/span><span data-contrast=\"auto\">coordinado por el <\/span><span data-contrast=\"auto\">c<\/span><span data-contrast=\"auto\">uerpo <\/span><span data-contrast=\"auto\">a<\/span><span data-contrast=\"auto\">cad\u00e9mico <\/span><span data-contrast=\"auto\">(CA) c<\/span><span data-contrast=\"auto\">onsolidado Calidad de Vida y Desarrollo Humano<\/span><span data-contrast=\"auto\">.<\/span><span data-ccp-props=\"{&quot;201341983&quot;:0,&quot;335559739&quot;:160,&quot;335559740&quot;:240}\">\u00a0<\/span><\/p>\n<p><span data-contrast=\"auto\">En <\/span><span data-contrast=\"auto\">la sala de videoconferencias de la <\/span><span data-contrast=\"auto\">Unidad de Servicios Bibliotecarios y de Informaci\u00f3n (<\/span><span data-contrast=\"auto\">USBI<\/span><span data-contrast=\"auto\">)<\/span><span data-contrast=\"auto\"> y c<\/span><span data-contrast=\"auto\">omo parte de las l\u00edneas de in<\/span><span data-contrast=\"auto\">vestigaci\u00f3n <\/span><span data-contrast=\"auto\">de<\/span> <span data-contrast=\"auto\">este CA<\/span><span data-contrast=\"auto\">,<\/span> <span data-contrast=\"auto\">se presentaron las s\u00edntesis de las tesis realizadas por los estudiantes a lo largo de un a\u00f1o.<\/span><span data-ccp-props=\"{&quot;201341983&quot;:0,&quot;335559731&quot;:708,&quot;335559739&quot;:160,&quot;335559740&quot;:240}\">\u00a0<\/span><\/p>\n<p><span data-contrast=\"auto\">Francisco Berm\u00fadez <\/span><span data-contrast=\"auto\">Jim\u00e9nez<\/span><span data-contrast=\"auto\">,<\/span><span data-contrast=\"auto\"> integrante del <\/span><span data-contrast=\"auto\">CA,<\/span><span data-contrast=\"auto\"> dijo que <\/span><span data-contrast=\"auto\">el<\/span><span data-contrast=\"auto\"> foro se realiz\u00f3 p<\/span><span data-contrast=\"auto\">ara mostrar los resultados de lo<\/span><span data-contrast=\"auto\">s <\/span><span data-contrast=\"auto\">trabajos <\/span><span data-contrast=\"auto\">que los estudiantes realizan<\/span><span data-contrast=\"auto\">,<\/span> <span data-contrast=\"auto\">con la<\/span><span data-contrast=\"auto\"> intenci\u00f3n apoyar a diferentes municipios de la regi\u00f3n a trav\u00e9s de sus productos de investigaci\u00f3n.<\/span><span data-ccp-props=\"{&quot;201341983&quot;:0,&quot;335559731&quot;:708,&quot;335559739&quot;:160,&quot;335559740&quot;:240}\">\u00a0<\/span><\/p>\n<p><span data-contrast=\"auto\">Los <\/span><span data-contrast=\"auto\">temas que se presentaron en cuatro me<\/span><span data-contrast=\"auto\">sas<\/span><span data-contrast=\"auto\"> fueron: Trabajo, s<\/span><span data-contrast=\"auto\">alud y <\/span><span data-contrast=\"auto\">f<\/span><span data-contrast=\"auto\">amilia; <\/span><span data-contrast=\"auto\">Salud <\/span><span data-contrast=\"auto\">m<\/span><span data-contrast=\"auto\">ental, <\/span><span data-contrast=\"auto\">s<\/span><span data-contrast=\"auto\">exualidad y <\/span><span data-contrast=\"auto\">g<\/span><span data-contrast=\"auto\">\u00e9nero; Salud, <\/span><span data-contrast=\"auto\">r<\/span><span data-contrast=\"auto\">iesgo <\/span><span data-contrast=\"auto\">p<\/span><span data-contrast=\"auto\">sicosocial y emprendimiento; <\/span><span data-contrast=\"auto\">y <\/span><span data-contrast=\"auto\">Procesos <\/span><span data-contrast=\"auto\">p<\/span><span data-contrast=\"auto\">sicosociales en <\/span><span data-contrast=\"auto\">p<\/span><span data-contrast=\"auto\">oblac<\/span><span data-contrast=\"auto\">iones de <\/span><span data-contrast=\"auto\">n<\/span><span data-contrast=\"auto\">ecesidades <\/span><span data-contrast=\"auto\">e<\/span><span data-contrast=\"auto\">speciales.<\/span><span data-ccp-props=\"{&quot;201341983&quot;:0,&quot;335559731&quot;:708,&quot;335559739&quot;:160,&quot;335559740&quot;:240}\">\u00a0<\/span><\/p>\n<p><span data-contrast=\"auto\">En <\/span><span data-contrast=\"auto\">la inauguraci\u00f3n del foro estuvo presente el vicerrector de la regi\u00f3n Poza Rica-Tuxpan<\/span><span data-contrast=\"auto\">, Jos\u00e9 Luis Alan\u00eds M\u00e9ndez;<\/span><span data-contrast=\"auto\"> la directora de la Facultad de Psicolo<\/span><span data-contrast=\"auto\">g\u00eda<\/span><span data-contrast=\"auto\">,<\/span><span data-contrast=\"auto\"> Am\u00e9rica Espinosa Hern\u00e1ndez<\/span><span data-contrast=\"auto\">;<\/span> <span data-contrast=\"auto\">la c<\/span><span data-contrast=\"auto\">oordinadora<\/span><span data-contrast=\"auto\"> r<\/span><span data-contrast=\"auto\">egional de G\u00e9nero, <\/span><span data-contrast=\"auto\">G<\/span><span data-contrast=\"auto\">riselda Garc\u00eda <\/span><span data-contrast=\"auto\">Garc\u00eda<\/span><span data-contrast=\"auto\">;<\/span> <span data-contrast=\"auto\">as\u00ed como integrantes del <\/span><span data-contrast=\"auto\">CA<\/span><span data-contrast=\"auto\"> y familiares de los estudiantes.<\/span><span data-ccp-props=\"{&quot;201341983&quot;:0,&quot;335559731&quot;:708,&quot;335559739&quot;:160,&quot;335559740&quot;:240}\">\u00a0<\/span><\/p>\n","protected":false},"excerpt":{"rendered":"<p>Los temas abordados fueron: Trabajo, salud y familia; Salud mental, sexualidad y g\u00e9nero; Salud, riesgo psicosocial y emprendimiento; y Procesos psicosociales en poblaciones de necesidades especiales<\/p>\n","protected":false},"author":1508,"featured_media":69633,"comment_status":"closed","ping_status":"closed","sticky":false,"template":"","format":"standard","meta":{"footnotes":""},"categories":[54],"tags":[],"class_list":["post-69721","post","type-post","status-publish","format-standard","has-post-thumbnail","hentry","category-poza-rica"],"_links":{"self":[{"href":"https:\/\/www.uv.mx\/prensa\/wp-json\/wp\/v2\/posts\/69721","targetHints":{"allow":["GET"]}}],"collection":[{"href":"https:\/\/www.uv.mx\/prensa\/wp-json\/wp\/v2\/posts"}],"about":[{"href":"https:\/\/www.uv.mx\/prensa\/wp-json\/wp\/v2\/types\/post"}],"author":[{"embeddable":true,"href":"https:\/\/www.uv.mx\/prensa\/wp-json\/wp\/v2\/users\/1508"}],"replies":[{"embeddable":true,"href":"https:\/\/www.uv.mx\/prensa\/wp-json\/wp\/v2\/comments?post=69721"}],"version-history":[{"count":0,"href":"https:\/\/www.uv.mx\/prensa\/wp-json\/wp\/v2\/posts\/69721\/revisions"}],"wp:featuredmedia":[{"embeddable":true,"href":"https:\/\/www.uv.mx\/prensa\/wp-json\/wp\/v2\/media\/69633"}],"wp:attachment":[{"href":"https:\/\/www.uv.mx\/prensa\/wp-json\/wp\/v2\/media?parent=69721"}],"wp:term":[{"taxonomy":"category","embeddable":true,"href":"https:\/\/www.uv.mx\/prensa\/wp-json\/wp\/v2\/categories?post=69721"},{"taxonomy":"post_tag","embeddable":true,"href":"https:\/\/www.uv.mx\/prensa\/wp-json\/wp\/v2\/tags?post=69721"}],"curies":[{"name":"wp","href":"https:\/\/api.w.org\/{rel}","templated":true}]}}