{"id":69688,"date":"2019-06-16T08:00:13","date_gmt":"2019-06-16T13:00:13","guid":{"rendered":"https:\/\/www.uv.mx\/prensa\/?p=69688"},"modified":"2019-06-14T19:39:47","modified_gmt":"2019-06-15T00:39:47","slug":"anfeca-otorgo-dos-reconocimientos-a-fca-coatzacoalcos","status":"publish","type":"post","link":"https:\/\/www.uv.mx\/prensa\/regiones\/coatzacoalcos\/anfeca-otorgo-dos-reconocimientos-a-fca-coatzacoalcos\/","title":{"rendered":"ANFECA otorg\u00f3 dos reconocimientos a la FCA-Coatzacoalcos"},"content":{"rendered":"<ul>\n<li data-leveltext=\"\uf0b7\" data-font=\"Symbol\" data-listid=\"27\" data-aria-posinset=\"1\" data-aria-level=\"1\"><i><span data-contrast=\"auto\">En la ceremonia se otorgaron constancias a las acad\u00e9micas que participaron en el proceso de la obtenci\u00f3n del distintivo RSU: M\u00f3nica Berenice, Casilda L\u00f3pez Garc\u00eda y Lizbeth Pav\u00f3n Valencia<\/span><\/i><span data-ccp-props=\"{&quot;134233279&quot;:true}\">\u00a0<\/span><\/li>\n<li data-leveltext=\"\uf0b7\" data-font=\"Symbol\" data-listid=\"27\" data-aria-posinset=\"2\" data-aria-level=\"1\"><i><span data-contrast=\"auto\">Jos\u00e9 Antonio Vergara Camacho, director de la FCA, felicit\u00f3 a los galardonados por comprometerse con la calidad educativa<\/span><\/i><\/li>\n<\/ul>\n<p>&nbsp;<\/p>\n<div id=\"attachment_69609\" style=\"width: 732px\" class=\"wp-caption aligncenter\"><a href=\"https:\/\/www.uv.mx\/prensa\/files\/2019\/06\/130619-CECILIA-ANFECA.jpg\"><img loading=\"lazy\" decoding=\"async\" aria-describedby=\"caption-attachment-69609\" class=\"size-full wp-image-69609\" src=\"https:\/\/www.uv.mx\/prensa\/files\/2019\/06\/130619-CECILIA-ANFECA.jpg\" alt=\"\" width=\"722\" height=\"481\" srcset=\"https:\/\/www.uv.mx\/prensa\/files\/2019\/06\/130619-CECILIA-ANFECA.jpg 722w, https:\/\/www.uv.mx\/prensa\/files\/2019\/06\/130619-CECILIA-ANFECA-300x200.jpg 300w\" sizes=\"auto, (max-width: 722px) 100vw, 722px\" \/><\/a><p id=\"caption-attachment-69609\" class=\"wp-caption-text\">Patricia Mart\u00ednez present\u00f3 el reconocimiento al director de la FCA, Jos\u00e9 Antonio Vergara Camacho<\/p><\/div>\n<p>&nbsp;<\/p>\n<p><b><i><span data-contrast=\"auto\">Cecilia Escribano Reyes<\/span><\/i><\/b><span data-ccp-props=\"{}\"><br \/>\n<\/span><\/p>\n<p><b><i><span data-contrast=\"auto\">16<\/span><\/i><\/b><b><i><span data-contrast=\"auto\">\/06\/<\/span><\/i><\/b><b><i><span data-contrast=\"auto\">19, <\/span><\/i><\/b><b><i><span data-contrast=\"auto\">Coatzacoalcos<\/span><\/i><\/b><b><i><span data-contrast=\"auto\">, Ver.-<\/span><\/i><\/b> <span data-contrast=\"auto\">La Facultad de Contadur\u00eda y Administraci\u00f3n <\/span><span data-contrast=\"auto\">(FCA) <\/span><span data-contrast=\"auto\">de la Universidad Veracruzana<\/span><span data-contrast=\"auto\"> (UV)<\/span><span data-contrast=\"auto\">, <\/span><i><span data-contrast=\"auto\">campus<\/span><\/i><span data-contrast=\"auto\"> Coatzacoalcos, obtuvo <\/span><span data-contrast=\"auto\">dos <\/span><span data-contrast=\"auto\">reconocimientos <\/span><span data-contrast=\"auto\">en la 60 Asamblea Nacional <\/span><span data-contrast=\"auto\">de la <\/span><span data-contrast=\"auto\">A<\/span><span data-contrast=\"auto\">sociaci\u00f3<\/span><span data-contrast=\"auto\">n Nacional de Facultades y Escuelas<\/span><span data-contrast=\"auto\"> de Contadur<\/span><span data-contrast=\"auto\">\u00ed<\/span><span data-contrast=\"auto\">a y Administraci\u00f3<\/span><span data-contrast=\"auto\">n (<\/span><span data-contrast=\"auto\">ANFECA<\/span><span data-contrast=\"auto\">)<\/span><span data-contrast=\"auto\">, celebrada <\/span><span data-contrast=\"auto\">del 5 al 8 de junio<\/span> <span data-contrast=\"auto\">en M\u00e9rida, Yucat\u00e1n.<\/span><span data-ccp-props=\"{}\">\u00a0<\/span><\/p>\n<p><span data-contrast=\"auto\">El primer reconocimiento fue recibido por la acad\u00e9mica M\u00f3nica Berenice Ordaz Hern\u00e1ndez, y se otorg\u00f3 a la FCA por refrenda<\/span><span data-contrast=\"auto\">r <\/span><span data-contrast=\"auto\">el Distintivo de Responsabilidad Social Universitaria (RSU); es decir, por cumplir los principios fundamentales de responsabilidad social, promover la calidad y la \u00e9tica del desempe\u00f1o en la Facultad mediante una gesti\u00f3n responsable en el impacto educativo, as\u00ed como en la generaci\u00f3n y aplicaci\u00f3n del conocimiento organizacional, ambiental y social para fortalecer el desarrollo humano sostenible.<\/span><span data-ccp-props=\"{&quot;335559731&quot;:708}\">\u00a0<\/span><\/p>\n<p><span data-contrast=\"auto\">El <\/span><span data-contrast=\"auto\">segundo <\/span><span data-contrast=\"auto\">reconocimiento fue para <\/span><span data-contrast=\"auto\">la acad\u00e9mica <\/span><span data-contrast=\"auto\">Patricia Mart\u00ednez Moreno, <\/span><span data-contrast=\"auto\">quien obtuvo el p<\/span><span data-contrast=\"auto\">rimer <\/span><span data-contrast=\"auto\">l<\/span><span data-contrast=\"auto\">ugar <\/span><span data-contrast=\"auto\">de<\/span><span data-contrast=\"auto\"> la Z<\/span><span data-contrast=\"auto\">ona 6 <\/span><span data-contrast=\"auto\">Sur <\/span><span data-contrast=\"auto\">en el <\/span><span data-contrast=\"auto\">D<\/span><span data-contrast=\"auto\">\u00e9cimo <\/span><span data-contrast=\"auto\">C<\/span><span data-contrast=\"auto\">uarto<\/span> <span data-contrast=\"auto\">C<\/span><span data-contrast=\"auto\">oncurso <\/span><span data-contrast=\"auto\">N<\/span><span data-contrast=\"auto\">acional de <\/span><span data-contrast=\"auto\">C<\/span><span data-contrast=\"auto\">asos<\/span><span data-contrast=\"auto\"> 2019<\/span><span data-contrast=\"auto\">, <\/span><span data-contrast=\"auto\">de nivel licenciatura en el \u00e1rea de uso y aplicaci\u00f3n de las <\/span><span data-contrast=\"auto\">Tecnolog\u00edas de la Informaci\u00f3n y la Comunicaci\u00f3n<\/span><span data-contrast=\"auto\"> (TIC)<\/span><span data-contrast=\"auto\">,<\/span><span data-contrast=\"auto\"> con el trabajo \u201c<\/span><span data-contrast=\"auto\">I<\/span><span data-contrast=\"auto\">mpacto ambiental: <\/span><span data-contrast=\"auto\">u<\/span><span data-contrast=\"auto\">n caso de es<\/span><span data-contrast=\"auto\">t<\/span><span data-contrast=\"auto\">u<\/span><span data-contrast=\"auto\">dio experi<\/span><span data-contrast=\"auto\">m<\/span><span data-contrast=\"auto\">e<\/span><span data-contrast=\"auto\">ntal en equipos p<\/span><span data-contrast=\"auto\">o<\/span><span data-contrast=\"auto\">r<\/span><span data-contrast=\"auto\">t\u00e1tiles\u201d<\/span><span data-contrast=\"auto\">.<\/span><span data-ccp-props=\"{}\">\u00a0<\/span><\/p>\n<p><span data-ccp-props=\"{}\">\u00a0<\/span><\/p>\n<div id=\"attachment_69607\" style=\"width: 732px\" class=\"wp-caption aligncenter\"><a href=\"https:\/\/www.uv.mx\/prensa\/files\/2019\/06\/130619-CECILIA-ANFECA1.jpg\"><img loading=\"lazy\" decoding=\"async\" aria-describedby=\"caption-attachment-69607\" class=\"size-full wp-image-69607\" src=\"https:\/\/www.uv.mx\/prensa\/files\/2019\/06\/130619-CECILIA-ANFECA1.jpg\" alt=\"\" width=\"722\" height=\"481\" srcset=\"https:\/\/www.uv.mx\/prensa\/files\/2019\/06\/130619-CECILIA-ANFECA1.jpg 722w, https:\/\/www.uv.mx\/prensa\/files\/2019\/06\/130619-CECILIA-ANFECA1-300x200.jpg 300w\" sizes=\"auto, (max-width: 722px) 100vw, 722px\" \/><\/a><p id=\"caption-attachment-69607\" class=\"wp-caption-text\">M\u00f3nica Berenice Ordaz Hern\u00e1ndez entreg\u00f3 el Distintivo RSU al Director de la Facultad<\/p><\/div>\n<p>&nbsp;<\/p>\n<p><b><span data-contrast=\"auto\">Orgullo en la FC<\/span><\/b><b><span data-contrast=\"auto\">A<\/span><\/b><span data-ccp-props=\"{}\">\u00a0<\/span><\/p>\n<p><span data-contrast=\"auto\">Para dar a conocer estos reconocimientos<\/span><span data-contrast=\"auto\">,<\/span><span data-contrast=\"auto\"> la F<\/span><span data-contrast=\"auto\">CA <\/span><span data-contrast=\"auto\">realiz\u00f3 una ceremonia<\/span><span data-contrast=\"auto\"> el 12 de junio, <\/span><span data-contrast=\"auto\">donde estuvieron presentes Carlos <\/span><span data-contrast=\"auto\">Lamothe<\/span><span data-contrast=\"auto\"> Zavaleta, vicerrector; Arturo Bocardo Valle, <\/span><span data-contrast=\"auto\">d<\/span><span data-contrast=\"auto\">irector <\/span><span data-contrast=\"auto\">general <\/span><span data-contrast=\"auto\">del \u00c1rea Acad\u00e9mica Econ\u00f3mico-Administr<\/span><span data-contrast=\"auto\">at<\/span><span data-contrast=\"auto\">iva; Florentino Cruz Mart\u00ednez, s<\/span><span data-contrast=\"auto\">ecretario Acad\u00e9mico <\/span><span data-contrast=\"auto\">r<\/span><span data-contrast=\"auto\">egional; <\/span><span data-contrast=\"auto\">Mar\u00eda In\u00e9s Quevedo L\u00f3pez, s<\/span><span data-contrast=\"auto\">ecretaria <\/span><span data-contrast=\"auto\">r<\/span><span data-contrast=\"auto\">egional de Administraci\u00f3n y Finanz<\/span><span data-contrast=\"auto\">as; Enrique Ram\u00edrez <\/span><span data-contrast=\"auto\">Nazariega<\/span><span data-contrast=\"auto\">, m<\/span><span data-contrast=\"auto\">iembro de la Junta de Gobierno; Jos\u00e9 Antonio Vergara Camacho y Mercedes Mor\u00e1n Urcelay, <\/span><span data-contrast=\"auto\">d<\/span><span data-contrast=\"auto\">irector y <\/span><span data-contrast=\"auto\">s<\/span><span data-contrast=\"auto\">e<\/span><span data-contrast=\"auto\">c<\/span><span data-contrast=\"auto\">retaria <\/span><span data-contrast=\"auto\">A<\/span><span data-contrast=\"auto\">cad\u00e9mica de la Facultad<\/span><span data-contrast=\"auto\">, respectivamente, as\u00ed<\/span><span data-contrast=\"auto\"> como<\/span><span data-contrast=\"auto\"> acad\u00e9micos y <\/span><span data-contrast=\"auto\">e<\/span><span data-contrast=\"auto\">studiantes.<\/span><span data-ccp-props=\"{}\">\u00a0<\/span><\/p>\n<p><span data-contrast=\"auto\">Patricia Mart\u00ednez <\/span><span data-contrast=\"auto\">se\u00f1al\u00f3 que este resultado es reflejo de la perseverancia y mot<\/span><span data-contrast=\"auto\">ivaci\u00f3n que caracterizan a la FC<\/span><span data-contrast=\"auto\">A<\/span><span data-contrast=\"auto\">;<\/span><span data-contrast=\"auto\"> \u201ccomo acad\u00e9micos nos apoyamos fir<\/span><span data-contrast=\"auto\">memente a trav\u00e9s de la retroali<\/span><span data-contrast=\"auto\">mentaci\u00f3n profesional, que nos motiva a salir de nuestra zona de confort y alcanzar estos logros\u201d.<\/span><span data-ccp-props=\"{}\">\u00a0<\/span><\/p>\n<p><span data-contrast=\"auto\">Por su parte, M\u00f3nica Berenice Ordaz, <\/span><span data-contrast=\"auto\">quien coordin\u00f3 los trabajos de RSU, <\/span><span data-contrast=\"auto\">expres\u00f3 que <\/span><span data-contrast=\"auto\">la r<\/span><span data-contrast=\"auto\">espo<\/span><span data-contrast=\"auto\">n<\/span><span data-contrast=\"auto\">sa<\/span><span data-contrast=\"auto\">bilidad <\/span><span data-contrast=\"auto\">s<\/span><span data-contrast=\"auto\">ocial<\/span><span data-contrast=\"auto\"> es un compromiso de las instituciones<\/span><span data-contrast=\"auto\"> universitarias<\/span><span data-contrast=\"auto\"> y<\/span><span data-contrast=\"auto\"> para lograrlo<\/span><span data-contrast=\"auto\"> es <\/span><span data-contrast=\"auto\">vital el <\/span><span data-contrast=\"auto\">trabajo <\/span><span data-contrast=\"auto\">colaborativo<\/span><span data-contrast=\"auto\">.<\/span><span data-contrast=\"auto\"> \u201c<\/span><span data-contrast=\"auto\">N<\/span><span data-contrast=\"auto\">os dimos a la tarea de reunir las evidencias y <\/span><span data-contrast=\"auto\">presentarlas a<\/span><span data-contrast=\"auto\"> ANFECA, es un trabajo co<\/span><span data-contrast=\"auto\">n<\/span><span data-contrast=\"auto\">junto,<\/span><span data-contrast=\"auto\"> pero el reconocimiento es de todos.<\/span> <span data-contrast=\"auto\">L<\/span><span data-contrast=\"auto\">os invito a continuar trabajando con la RSU para formar seres humanos mejores y m\u00e1s responsables\u201d.<\/span><span data-ccp-props=\"{&quot;335559731&quot;:708}\">\u00a0<\/span><\/p>\n<p><span data-contrast=\"auto\">Jos\u00e9 Antonio Vergara Camacho, <\/span><span data-contrast=\"auto\">d<\/span><span data-contrast=\"auto\">irector de la FCA, felicit\u00f3 a los <\/span><span data-contrast=\"auto\">galardonados <\/span><span data-contrast=\"auto\">por compromet<\/span><span data-contrast=\"auto\">erse <\/span><span data-contrast=\"auto\">con <\/span><span data-contrast=\"auto\">la calidad educativa.<\/span> <span data-contrast=\"auto\">\u201c<\/span><span data-contrast=\"auto\">E<\/span><span data-contrast=\"auto\">n la <\/span><span data-contrast=\"auto\">F<\/span><span data-contrast=\"auto\">acultad tenemos<\/span><span data-contrast=\"auto\"> programas e<\/span><span data-contrast=\"auto\">ducativos con pertinencia, hacemos<\/span><span data-contrast=\"auto\"> investigaci<\/span><span data-contrast=\"auto\">\u00f3n que atiende<\/span><span data-contrast=\"auto\"> las problem\u00e1<\/span><span data-contrast=\"auto\">ticas de nuestro contexto, hacemos<\/span><span data-contrast=\"auto\"> vinculaci\u00f3n con sectores privados<\/span><span data-contrast=\"auto\"> y<\/span><span data-contrast=\"auto\"> p\u00fablicos para fortalecer nuestras competencias y <\/span><span data-contrast=\"auto\">formar profesionales integrales<\/span><span data-contrast=\"auto\">. Se trata de <\/span><span data-contrast=\"auto\">un trabajo constante y en conjunto\u201d<\/span><span data-contrast=\"auto\">, coment\u00f3<\/span><span data-contrast=\"auto\">.<\/span><span data-ccp-props=\"{&quot;335559731&quot;:708}\">\u00a0<\/span><\/p>\n<p><span data-contrast=\"auto\">En la c<\/span><span data-contrast=\"auto\">eremonia<\/span><span data-contrast=\"auto\"> se oto<\/span><span data-contrast=\"auto\">r<\/span><span data-contrast=\"auto\">garon constancias a las acad\u00e9micas que partic<\/span><span data-contrast=\"auto\">iparon en el proceso de la <\/span><span data-contrast=\"auto\">obtenci\u00f3n del distintivo <\/span><span data-contrast=\"auto\">RSU: M\u00f3nica Berenice, Casilda<\/span><span data-contrast=\"auto\"> L\u00f3pez Garc\u00eda<\/span><span data-contrast=\"auto\"> y <\/span><span data-contrast=\"auto\">Lizbeth <\/span><span data-contrast=\"auto\">Pav\u00f3n<\/span><span data-contrast=\"auto\"> Valencia.<\/span><span data-ccp-props=\"{}\">\u00a0<\/span><\/p>\n<p><span data-contrast=\"auto\">En su oportunidad, Arturo Bocardo se\u00f1al\u00f3 que <\/span><span data-contrast=\"auto\">este logro representa un reconocimiento al trabajo de la regi<\/span><span data-contrast=\"auto\">\u00f3n y su esfuerzo constante por ser l\u00edder en los aspectos acad\u00e9micos; agreg\u00f3 que la UV tiene la capacidad de participar en las convocatori<\/span><span data-contrast=\"auto\">as de la ANFECA y obtener excelentes resultados<\/span><span data-contrast=\"auto\">, lo cual <\/span><span data-contrast=\"auto\">\u201c<\/span><span data-contrast=\"auto\">no es f\u00e1<\/span><span data-contrast=\"auto\">c<\/span><span data-contrast=\"auto\">il, n<\/span><span data-contrast=\"auto\">os sometemos al escrutinio y an\u00e1lisis que valora la auten<\/span><span data-contrast=\"auto\">ti<\/span><span data-contrast=\"auto\">cidad de las acciones de la Facultad<\/span><span data-contrast=\"auto\"> y le oto<\/span><span data-contrast=\"auto\">r<\/span><span data-contrast=\"auto\">ga este distintivo<\/span><span data-contrast=\"auto\">; <\/span><span data-contrast=\"auto\">la construcci\u00f3n de trabajos relevantes que enorgullecen <\/span><span data-contrast=\"auto\">a la F<\/span><span data-contrast=\"auto\">CA<\/span><span data-contrast=\"auto\">, a la D<\/span><span data-contrast=\"auto\">irecci\u00f3n <\/span><span data-contrast=\"auto\">General <\/span><span data-contrast=\"auto\">del <\/span><span data-contrast=\"auto\">\u00c1<\/span><span data-contrast=\"auto\">rea <\/span><span data-contrast=\"auto\">Acad\u00e9mica <\/span><span data-contrast=\"auto\">E<\/span><span data-contrast=\"auto\">con<\/span><span data-contrast=\"auto\">\u00f3mico-A<\/span><span data-contrast=\"auto\">dmin<\/span><span data-contrast=\"auto\">is<\/span><span data-contrast=\"auto\">trativa y a la UV<\/span><span data-contrast=\"auto\">,<\/span> <span data-contrast=\"auto\">es un logro compartido<\/span><span data-contrast=\"auto\">\u201d.<\/span><span data-ccp-props=\"{&quot;335559731&quot;:708}\">\u00a0<\/span><\/p>\n<p><span data-contrast=\"auto\">Para finalizar, <\/span><span data-contrast=\"auto\">el Vicerrector<\/span><span data-contrast=\"auto\"> expres\u00f3 su orgullo por la comunidad de la FCA<\/span><span data-contrast=\"auto\"> y dijo:<\/span><span data-contrast=\"auto\"> \u201c<\/span><span data-contrast=\"auto\">L<\/span><span data-contrast=\"auto\">o que se ha logrado en la regi\u00f3n es consecuencia del apoyo<\/span><span data-contrast=\"auto\"> y<\/span> <span data-contrast=\"auto\">compromiso <\/span><span data-contrast=\"auto\">de cada miembro de <\/span><span data-contrast=\"auto\">la comunidad<\/span><span data-contrast=\"auto\">; <\/span><span data-contrast=\"auto\">estamos en un c\u00edrculo positivo<\/span><span data-contrast=\"auto\"> donde enfrentamos los retos con entusiasmo y obtenemos los mejores resultados\u201d.<\/span><span data-ccp-props=\"{}\">\u00a0<\/span><\/p>\n<p><span data-contrast=\"auto\">Recalc\u00f3 las f<\/span><span data-contrast=\"auto\">o<\/span><span data-contrast=\"auto\">rtalezas de la F<\/span><span data-contrast=\"auto\">acultad, como el m\u00f3dulo del <\/span><span data-contrast=\"auto\">Servicio de Administraci\u00f3n Tributaria <\/span><span data-contrast=\"auto\">que manifiesta el comp<\/span><span data-contrast=\"auto\">r<\/span><span data-contrast=\"auto\">omiso con la sociedad, la movilidad nacional e internacional, la vinculaci\u00f3n a nivel nacional<\/span><span data-contrast=\"auto\">,<\/span><span data-contrast=\"auto\"> entre otras.<\/span><span data-ccp-props=\"{&quot;335559731&quot;:708}\">\u00a0<\/span><\/p>\n<p>&nbsp;<\/p>\n<div id=\"attachment_69605\" style=\"width: 732px\" class=\"wp-caption aligncenter\"><a href=\"https:\/\/www.uv.mx\/prensa\/files\/2019\/06\/130619-CECILIA-ANFECA2.jpg\"><img loading=\"lazy\" decoding=\"async\" aria-describedby=\"caption-attachment-69605\" class=\"size-full wp-image-69605\" src=\"https:\/\/www.uv.mx\/prensa\/files\/2019\/06\/130619-CECILIA-ANFECA2.jpg\" alt=\"\" width=\"722\" height=\"433\" srcset=\"https:\/\/www.uv.mx\/prensa\/files\/2019\/06\/130619-CECILIA-ANFECA2.jpg 722w, https:\/\/www.uv.mx\/prensa\/files\/2019\/06\/130619-CECILIA-ANFECA2-300x180.jpg 300w\" sizes=\"auto, (max-width: 722px) 100vw, 722px\" \/><\/a><p id=\"caption-attachment-69605\" class=\"wp-caption-text\">Acad\u00e9micos de la FCA<\/p><\/div>\n","protected":false},"excerpt":{"rendered":"<p>Arturo Bocardo, director general del \u00c1rea Acad\u00e9mica Econ\u00f3mico-Administrativa, se\u00f1al\u00f3 que este logro representa un reconocimiento al trabajo de la regi\u00f3n y su esfuerzo constante por ser l\u00edder en los aspectos acad\u00e9micos\u00a0<\/p>\n","protected":false},"author":1508,"featured_media":69664,"comment_status":"closed","ping_status":"closed","sticky":false,"template":"","format":"standard","meta":{"footnotes":""},"categories":[52,61],"tags":[],"class_list":["post-69688","post","type-post","status-publish","format-standard","has-post-thumbnail","hentry","category-coatzacoalcos","category-banner"],"_links":{"self":[{"href":"https:\/\/www.uv.mx\/prensa\/wp-json\/wp\/v2\/posts\/69688","targetHints":{"allow":["GET"]}}],"collection":[{"href":"https:\/\/www.uv.mx\/prensa\/wp-json\/wp\/v2\/posts"}],"about":[{"href":"https:\/\/www.uv.mx\/prensa\/wp-json\/wp\/v2\/types\/post"}],"author":[{"embeddable":true,"href":"https:\/\/www.uv.mx\/prensa\/wp-json\/wp\/v2\/users\/1508"}],"replies":[{"embeddable":true,"href":"https:\/\/www.uv.mx\/prensa\/wp-json\/wp\/v2\/comments?post=69688"}],"version-history":[{"count":0,"href":"https:\/\/www.uv.mx\/prensa\/wp-json\/wp\/v2\/posts\/69688\/revisions"}],"wp:featuredmedia":[{"embeddable":true,"href":"https:\/\/www.uv.mx\/prensa\/wp-json\/wp\/v2\/media\/69664"}],"wp:attachment":[{"href":"https:\/\/www.uv.mx\/prensa\/wp-json\/wp\/v2\/media?parent=69688"}],"wp:term":[{"taxonomy":"category","embeddable":true,"href":"https:\/\/www.uv.mx\/prensa\/wp-json\/wp\/v2\/categories?post=69688"},{"taxonomy":"post_tag","embeddable":true,"href":"https:\/\/www.uv.mx\/prensa\/wp-json\/wp\/v2\/tags?post=69688"}],"curies":[{"name":"wp","href":"https:\/\/api.w.org\/{rel}","templated":true}]}}