{"id":69592,"date":"2019-06-13T13:12:24","date_gmt":"2019-06-13T18:12:24","guid":{"rendered":"https:\/\/www.uv.mx\/prensa\/?p=69592"},"modified":"2019-06-13T15:34:13","modified_gmt":"2019-06-13T20:34:13","slug":"festival-osx-concluye-con-el-doble-concierto-para-violin-y-violonchelo-de-brahms","status":"publish","type":"post","link":"https:\/\/www.uv.mx\/prensa\/banner\/festival-osx-concluye-con-el-doble-concierto-para-violin-y-violonchelo-de-brahms\/","title":{"rendered":"Festival OSX concluye con el <em>Doble concierto<\/em> para viol\u00edn y violonchelo de Brahms"},"content":{"rendered":"<ul>\n<li data-leveltext=\"\uf0b7\" data-font=\"Symbol\" data-listid=\"2\" data-aria-posinset=\"1\" data-aria-level=\"1\"><i><span data-contrast=\"auto\">Participar\u00e1<\/span><\/i><i><span data-contrast=\"auto\">n el <\/span><\/i><i><span data-contrast=\"auto\">violinista Manuel R<\/span><\/i><i><span data-contrast=\"auto\">amos y <\/span><\/i><i><span data-contrast=\"auto\">el <\/span><\/i><i><span data-contrast=\"auto\">violonchelista Adolfo Ramos<\/span><\/i><\/li>\n<\/ul>\n<p>&nbsp;<\/p>\n<div id=\"attachment_69541\" style=\"width: 732px\" class=\"wp-caption aligncenter\"><a href=\"https:\/\/www.uv.mx\/prensa\/files\/2019\/06\/120619-OSX-Manuel-Ramos.jpg\"><img loading=\"lazy\" decoding=\"async\" aria-describedby=\"caption-attachment-69541\" class=\"size-full wp-image-69541\" src=\"https:\/\/www.uv.mx\/prensa\/files\/2019\/06\/120619-OSX-Manuel-Ramos.jpg\" alt=\"Manuel Ramos\" width=\"722\" height=\"394\" srcset=\"https:\/\/www.uv.mx\/prensa\/files\/2019\/06\/120619-OSX-Manuel-Ramos.jpg 722w, https:\/\/www.uv.mx\/prensa\/files\/2019\/06\/120619-OSX-Manuel-Ramos-300x164.jpg 300w\" sizes=\"auto, (max-width: 722px) 100vw, 722px\" \/><\/a><p id=\"caption-attachment-69541\" class=\"wp-caption-text\">Manuel Ramos<\/p><\/div>\n<p>&nbsp;<\/p>\n<p><b><i><span data-contrast=\"auto\">13\/06\/19, Xalapa, Ver.- <\/span><\/i><\/b><span data-contrast=\"auto\">La Orquesta Sinf\u00f3nica de Xalapa (OSX) de la Universidad Veracruzana (UV) cerrar\u00e1 la sext<\/span><span data-contrast=\"auto\">a<\/span><span data-contrast=\"auto\"> edici\u00f3n de su festival con el cuarto programa dedicado a Johannes Brahms, en el que presentar\u00e1 la Obertura <\/span><i><span data-contrast=\"auto\">Festival acad\u00e9mico<\/span><\/i><span data-contrast=\"auto\">, la Sinfon\u00eda n\u00famero 4 y el <\/span><i><span data-contrast=\"auto\">Doble concierto<\/span><\/i><span data-contrast=\"auto\"> para viol\u00edn, violonchelo y orquesta. La cita es el viernes 14 de junio a las 20:30 horas en la Sala de Conciertos <\/span><span data-contrast=\"auto\">Tlaqn\u00e1<\/span><span data-contrast=\"auto\">, Centro Cultural, bajo la direcci\u00f3n de Lanfranco Marcelletti.<\/span><span data-ccp-props=\"{&quot;201341983&quot;:0,&quot;335559740&quot;:240}\">\u00a0<\/span><\/p>\n<p><span data-contrast=\"auto\">El programa <\/span><span data-contrast=\"auto\">iniciar\u00e1 <\/span><span data-contrast=\"auto\">con la Sinfon\u00eda 4, la \u00faltima en la serie de piezas de esta naturaleza por <\/span><span data-contrast=\"auto\">el <\/span><span data-contrast=\"auto\">compositor alem\u00e1n. Su estreno se realiz\u00f3 en Meiningen (Alemania) en 1885 y registr\u00f3 un \u00e9xito inmediato entre cr\u00edticos y p\u00fablico, lo que deriv\u00f3 en una gira que el autor efectu\u00f3 <\/span><span data-contrast=\"auto\">por<\/span><span data-contrast=\"auto\"> Alemania y Holanda dirigiendo su \u00faltima sinfon\u00eda.<\/span><span data-ccp-props=\"{&quot;201341983&quot;:0,&quot;335559731&quot;:720,&quot;335559740&quot;:240}\">\u00a0<\/span><\/p>\n<p><span data-contrast=\"auto\">El programa se complementa con la Obertura <\/span><i><span data-contrast=\"auto\">Festival acad\u00e9mico<\/span><\/i><span data-contrast=\"auto\">, estrenada en 1881 bajo la direcci\u00f3n del propio autor. Esta pieza fue compuesta como agradecimiento al recibir el Doctorado <\/span><i><span data-contrast=\"auto\">Honoris Causa<\/span><\/i><span data-contrast=\"auto\"> por la Universidad de Breslau, y est\u00e1 inspirada por diferentes tonadas estudiantiles que dan como resultado una pieza con aires de fantas\u00eda.<\/span><\/p>\n<p><span data-contrast=\"auto\">Para finalizar, la OSX interpretar\u00e1 el <\/span><i><span data-contrast=\"auto\">Doble concierto<\/span><\/i><span data-contrast=\"auto\"> con participaci\u00f3n solista de Manuel Ramos en el viol\u00edn y de Adolfo Ramos en el chelo. Este concierto registr\u00f3 una reacci\u00f3n negativa <\/span><span data-contrast=\"auto\">en<\/span><span data-contrast=\"auto\"> su estreno, debido a que se alejaba del estilo de composici\u00f3n al que estaban acostumbrados los seguidores de Brahms. Con el paso de los a\u00f1os, la obra se volvi\u00f3 importante y el cr\u00edtico Malcolm McDonald la describi\u00f3 como \u201cuna \u00f3pera sin palabras que cuenta con dos protagonistas (los instrumentos solistas)\u201d<\/span><span data-contrast=\"auto\">.<\/span><span data-ccp-props=\"{&quot;201341983&quot;:0,&quot;335559731&quot;:720,&quot;335559740&quot;:240}\">\u00a0<\/span><\/p>\n<p><span data-contrast=\"auto\">No se pierda la presentaci\u00f3n de este \u00faltimo programa dedicado a Brahms. Adquiera sus boletos en las oficinas de la OSX, de lunes a jueves de 9:00 a 14:30 horas<\/span><span data-contrast=\"auto\">,<\/span><span data-contrast=\"auto\"> y en la taquilla de Tlaqn\u00e1 el d\u00eda del concierto a partir de las 11:00 horas. Los costos son de 120 y 80 <\/span><span data-contrast=\"auto\">pesos <\/span><span data-contrast=\"auto\">para p\u00fablico en general, con precio especial de 30 pesos para estudiantes al presentar su credencial vigente.<\/span><span data-ccp-props=\"{&quot;201341983&quot;:0,&quot;335559731&quot;:720,&quot;335559740&quot;:240}\">\u00a0<\/span><\/p>\n<p><span data-contrast=\"auto\">Para m\u00e1s informaci\u00f3n sobre las actividades de la OSX, consultar el sitio oficial www.orquestasinfonicadexalapa.com o la p\u00e1gina en <\/span><i><span data-contrast=\"auto\">Facebook<\/span><\/i><span data-contrast=\"auto\">: Orquesta Sinf\u00f3nica de Xalapa.<\/span><\/p>\n<p>&nbsp;<\/p>\n<div id=\"attachment_69540\" style=\"width: 732px\" class=\"wp-caption aligncenter\"><a href=\"https:\/\/www.uv.mx\/prensa\/files\/2019\/06\/120619-OSX-Adolfo-Ramos.jpg\"><img loading=\"lazy\" decoding=\"async\" aria-describedby=\"caption-attachment-69540\" class=\"size-full wp-image-69540\" src=\"https:\/\/www.uv.mx\/prensa\/files\/2019\/06\/120619-OSX-Adolfo-Ramos.jpg\" alt=\"Adolfo Ramos\" width=\"722\" height=\"534\" srcset=\"https:\/\/www.uv.mx\/prensa\/files\/2019\/06\/120619-OSX-Adolfo-Ramos.jpg 722w, https:\/\/www.uv.mx\/prensa\/files\/2019\/06\/120619-OSX-Adolfo-Ramos-300x222.jpg 300w\" sizes=\"auto, (max-width: 722px) 100vw, 722px\" \/><\/a><p id=\"caption-attachment-69540\" class=\"wp-caption-text\">Adolfo Ramos<\/p><\/div>\n","protected":false},"excerpt":{"rendered":"<p>La velada ser\u00e1 el 14 de junio a las 20:30 horas, en Tlaqn\u00e1, Centro Cultural, con la participaci\u00f3n del violonchelista Adolfo Ramos y el violinista Manuel Ramos<\/p>\n","protected":false},"author":1775,"featured_media":69578,"comment_status":"closed","ping_status":"closed","sticky":false,"template":"","format":"standard","meta":{"footnotes":""},"categories":[61],"tags":[],"class_list":["post-69592","post","type-post","status-publish","format-standard","has-post-thumbnail","hentry","category-banner"],"_links":{"self":[{"href":"https:\/\/www.uv.mx\/prensa\/wp-json\/wp\/v2\/posts\/69592","targetHints":{"allow":["GET"]}}],"collection":[{"href":"https:\/\/www.uv.mx\/prensa\/wp-json\/wp\/v2\/posts"}],"about":[{"href":"https:\/\/www.uv.mx\/prensa\/wp-json\/wp\/v2\/types\/post"}],"author":[{"embeddable":true,"href":"https:\/\/www.uv.mx\/prensa\/wp-json\/wp\/v2\/users\/1775"}],"replies":[{"embeddable":true,"href":"https:\/\/www.uv.mx\/prensa\/wp-json\/wp\/v2\/comments?post=69592"}],"version-history":[{"count":0,"href":"https:\/\/www.uv.mx\/prensa\/wp-json\/wp\/v2\/posts\/69592\/revisions"}],"wp:featuredmedia":[{"embeddable":true,"href":"https:\/\/www.uv.mx\/prensa\/wp-json\/wp\/v2\/media\/69578"}],"wp:attachment":[{"href":"https:\/\/www.uv.mx\/prensa\/wp-json\/wp\/v2\/media?parent=69592"}],"wp:term":[{"taxonomy":"category","embeddable":true,"href":"https:\/\/www.uv.mx\/prensa\/wp-json\/wp\/v2\/categories?post=69592"},{"taxonomy":"post_tag","embeddable":true,"href":"https:\/\/www.uv.mx\/prensa\/wp-json\/wp\/v2\/tags?post=69592"}],"curies":[{"name":"wp","href":"https:\/\/api.w.org\/{rel}","templated":true}]}}