{"id":69588,"date":"2019-06-13T13:59:01","date_gmt":"2019-06-13T18:59:01","guid":{"rendered":"https:\/\/www.uv.mx\/prensa\/?p=69588"},"modified":"2019-06-14T18:39:00","modified_gmt":"2019-06-14T23:39:00","slug":"uv-y-naval-group-estrechan-relaciones","status":"publish","type":"post","link":"https:\/\/www.uv.mx\/prensa\/regiones\/uv-y-naval-group-estrechan-relaciones\/","title":{"rendered":"UV y Naval Group estrechan relaciones\u00a0"},"content":{"rendered":"<p>&nbsp;<\/p>\n<div id=\"attachment_69581\" style=\"width: 732px\" class=\"wp-caption aligncenter\"><a href=\"https:\/\/www.uv.mx\/prensa\/files\/2019\/06\/120619-veracruz-naval-group1.jpg\"><img loading=\"lazy\" decoding=\"async\" aria-describedby=\"caption-attachment-69581\" class=\"size-full wp-image-69581\" src=\"https:\/\/www.uv.mx\/prensa\/files\/2019\/06\/120619-veracruz-naval-group1.jpg\" alt=\"\" width=\"722\" height=\"481\" srcset=\"https:\/\/www.uv.mx\/prensa\/files\/2019\/06\/120619-veracruz-naval-group1.jpg 722w, https:\/\/www.uv.mx\/prensa\/files\/2019\/06\/120619-veracruz-naval-group1-300x200.jpg 300w\" sizes=\"auto, (max-width: 722px) 100vw, 722px\" \/><\/a><p id=\"caption-attachment-69581\" class=\"wp-caption-text\">UV y Naval Group firmaron una carta de intenci\u00f3n de colaboraci\u00f3n conjunta<\/p><\/div>\n<p>&nbsp;<\/p>\n<p><b><i><span data-contrast=\"auto\">1<\/span><\/i><\/b><b><i><span data-contrast=\"auto\">3<\/span><\/i><\/b><b><i><span data-contrast=\"auto\">\/06\/19, Veracruz, Ver.-<\/span><\/i><\/b> <span data-contrast=\"auto\">La Universidad Veracruzana (UV)<\/span><span data-contrast=\"auto\">,<\/span><span data-contrast=\"auto\"> a trav\u00e9<\/span><span data-contrast=\"auto\">s de la Vicerrector\u00eda Veracruz, <\/span><span data-contrast=\"auto\">sign\u00f3 una carta de intenci\u00f3n con la sociedad francesa Naval Group, en el marco del Primer <\/span><span data-contrast=\"auto\">F<\/span><span data-contrast=\"auto\">oro <\/span><span data-contrast=\"auto\">F<\/span><span data-contrast=\"auto\">ranco-<\/span><span data-contrast=\"auto\">M<\/span><span data-contrast=\"auto\">exicano de la <\/span><span data-contrast=\"auto\">I<\/span><span data-contrast=\"auto\">ndustria <\/span><span data-contrast=\"auto\">N<\/span><span data-contrast=\"auto\">aval realizado el 11 de junio en el <\/span><span data-contrast=\"auto\">p<\/span><span data-contrast=\"auto\">uerto de Veracruz.<\/span><span data-ccp-props=\"{&quot;134233117&quot;:true,&quot;134233118&quot;:true}\">\u00a0<\/span><\/p>\n<p><span data-contrast=\"auto\">En el documento se establece la posible alianza entre Naval Group y la Universidad para colaborar en el impulso a la ingenier\u00eda,<\/span> <span data-contrast=\"auto\">la investi<\/span><span data-contrast=\"auto\">gaci\u00f3n y la ciencia en nuestro e<\/span><span data-contrast=\"auto\">stado y en nuestro pa\u00eds.<\/span><span data-ccp-props=\"{&quot;134233117&quot;:true,&quot;134233118&quot;:true,&quot;335559731&quot;:708}\">\u00a0<\/span><\/p>\n<p><span data-contrast=\"auto\">La carta fue firmada por <\/span><span data-contrast=\"auto\">Olivier Michel, vicepresidente de Am\u00e9rica Latina<\/span><span data-contrast=\"auto\"> de Naval <\/span><span data-contrast=\"auto\">Group<\/span><span data-contrast=\"auto\">,<\/span><span data-contrast=\"auto\"> y Alfonso P\u00e9rez Morales, vicerrector de la regi\u00f3n Veracruz de la UV.<\/span><span data-ccp-props=\"{&quot;134233117&quot;:true,&quot;134233118&quot;:true}\">\u00a0<\/span><\/p>\n<p><span data-contrast=\"auto\">En ella se manifiesta el inter\u00e9s por colaborar juntos en tres ejes: <\/span><span data-contrast=\"auto\">cooperaci\u00f3n acad\u00e9mica, industria naval e innovaci\u00f3n<\/span><span data-contrast=\"auto\">,<\/span><span data-contrast=\"auto\"> y cooperaci\u00f3n industr<\/span><span data-contrast=\"auto\">ial.<\/span><span data-ccp-props=\"{&quot;134233117&quot;:true,&quot;134233118&quot;:true,&quot;335559731&quot;:708}\">\u00a0<\/span><\/p>\n<p>&nbsp;<\/p>\n<div id=\"attachment_69583\" style=\"width: 732px\" class=\"wp-caption aligncenter\"><a href=\"https:\/\/www.uv.mx\/prensa\/files\/2019\/06\/120619-veracruz-naval-group-2.jpg\"><img loading=\"lazy\" decoding=\"async\" aria-describedby=\"caption-attachment-69583\" class=\"wp-image-69583 size-full\" src=\"https:\/\/www.uv.mx\/prensa\/files\/2019\/06\/120619-veracruz-naval-group-2.jpg\" alt=\"\" width=\"722\" height=\"481\" srcset=\"https:\/\/www.uv.mx\/prensa\/files\/2019\/06\/120619-veracruz-naval-group-2.jpg 722w, https:\/\/www.uv.mx\/prensa\/files\/2019\/06\/120619-veracruz-naval-group-2-300x200.jpg 300w\" sizes=\"auto, (max-width: 722px) 100vw, 722px\" \/><\/a><p id=\"caption-attachment-69583\" class=\"wp-caption-text\">Participantes en el Primer Foro Franco-Mexicano de la Industria Naval<\/p><\/div>\n<p>&nbsp;<\/p>\n<p><span data-contrast=\"auto\">La carta de intenci\u00f3n previa a la alianza formal entre ambas instancias permitir\u00e1<\/span><span data-contrast=\"auto\">, <\/span><span data-contrast=\"auto\">a fut<\/span><span data-contrast=\"auto\">uro, <\/span><span data-contrast=\"auto\">generar acuerdos de colaboraci\u00f3n con universidades francesas, lo cual redundar\u00e1 en un beneficio acad\u00e9mico y estudiantil al intercambiar experiencias y conocimiento entre pares.<\/span><span data-ccp-props=\"{&quot;134233117&quot;:true,&quot;134233118&quot;:true,&quot;335559731&quot;:708}\">\u00a0<\/span><\/p>\n<p><span data-contrast=\"auto\">En el <\/span><span data-contrast=\"auto\">Primer Foro Franco-Mexicano de la Industria Naval <\/span><span data-contrast=\"auto\">participaron investigadores y acad\u00e9micos de instituciones que forman profesionales de la ingenier\u00eda<\/span><span data-contrast=\"auto\">, <\/span><span data-contrast=\"auto\">quienes compartieron experien<\/span><span data-contrast=\"auto\">cias exitosas e investigaciones.<\/span><span data-ccp-props=\"{&quot;134233117&quot;:true,&quot;134233118&quot;:true,&quot;335559731&quot;:708}\">\u00a0<\/span><\/p>\n<p><span data-contrast=\"auto\">Cabe mencionar que N<\/span><span data-contrast=\"auto\">aval Group es una compa\u00f1\u00eda de defensa naval con sede en Francia y uno de los principales constructores navales europeos<\/span><span data-contrast=\"auto\">.<\/span><span data-ccp-props=\"{&quot;134233117&quot;:true,&quot;134233118&quot;:true,&quot;335559731&quot;:708}\">\u00a0<\/span><\/p>\n<p><span data-ccp-props=\"{&quot;134233117&quot;:true,&quot;134233118&quot;:true}\">\u00a0<\/span><\/p>\n<div id=\"attachment_69582\" style=\"width: 732px\" class=\"wp-caption aligncenter\"><a href=\"https:\/\/www.uv.mx\/prensa\/files\/2019\/06\/120619-veracruz-naval-group-3.jpg\"><img loading=\"lazy\" decoding=\"async\" aria-describedby=\"caption-attachment-69582\" class=\"size-full wp-image-69582\" src=\"https:\/\/www.uv.mx\/prensa\/files\/2019\/06\/120619-veracruz-naval-group-3.jpg\" alt=\"\" width=\"722\" height=\"481\" srcset=\"https:\/\/www.uv.mx\/prensa\/files\/2019\/06\/120619-veracruz-naval-group-3.jpg 722w, https:\/\/www.uv.mx\/prensa\/files\/2019\/06\/120619-veracruz-naval-group-3-300x200.jpg 300w\" sizes=\"auto, (max-width: 722px) 100vw, 722px\" \/><\/a><p id=\"caption-attachment-69582\" class=\"wp-caption-text\">El foro congreg\u00f3 a ingenieros de diversas instituciones<\/p><\/div>\n","protected":false},"excerpt":{"rendered":"<p>Naval Group es una compa\u00f1\u00eda de defensa naval con sede en Francia y uno de los principales constructores navales europeos<\/p>\n","protected":false},"author":1869,"featured_media":69581,"comment_status":"closed","ping_status":"closed","sticky":false,"template":"","format":"standard","meta":{"footnotes":""},"categories":[32,55],"tags":[],"class_list":["post-69588","post","type-post","status-publish","format-standard","has-post-thumbnail","hentry","category-regiones","category-veracruz"],"_links":{"self":[{"href":"https:\/\/www.uv.mx\/prensa\/wp-json\/wp\/v2\/posts\/69588","targetHints":{"allow":["GET"]}}],"collection":[{"href":"https:\/\/www.uv.mx\/prensa\/wp-json\/wp\/v2\/posts"}],"about":[{"href":"https:\/\/www.uv.mx\/prensa\/wp-json\/wp\/v2\/types\/post"}],"author":[{"embeddable":true,"href":"https:\/\/www.uv.mx\/prensa\/wp-json\/wp\/v2\/users\/1869"}],"replies":[{"embeddable":true,"href":"https:\/\/www.uv.mx\/prensa\/wp-json\/wp\/v2\/comments?post=69588"}],"version-history":[{"count":0,"href":"https:\/\/www.uv.mx\/prensa\/wp-json\/wp\/v2\/posts\/69588\/revisions"}],"wp:featuredmedia":[{"embeddable":true,"href":"https:\/\/www.uv.mx\/prensa\/wp-json\/wp\/v2\/media\/69581"}],"wp:attachment":[{"href":"https:\/\/www.uv.mx\/prensa\/wp-json\/wp\/v2\/media?parent=69588"}],"wp:term":[{"taxonomy":"category","embeddable":true,"href":"https:\/\/www.uv.mx\/prensa\/wp-json\/wp\/v2\/categories?post=69588"},{"taxonomy":"post_tag","embeddable":true,"href":"https:\/\/www.uv.mx\/prensa\/wp-json\/wp\/v2\/tags?post=69588"}],"curies":[{"name":"wp","href":"https:\/\/api.w.org\/{rel}","templated":true}]}}