{"id":69576,"date":"2019-06-12T20:52:59","date_gmt":"2019-06-13T01:52:59","guid":{"rendered":"https:\/\/www.uv.mx\/prensa\/?p=69576"},"modified":"2019-06-13T11:52:42","modified_gmt":"2019-06-13T16:52:42","slug":"microna-uv-realizo-primer-simposio-de-nanomateriales","status":"publish","type":"post","link":"https:\/\/www.uv.mx\/prensa\/tecnologia\/microna-uv-realizo-primer-simposio-de-nanomateriales\/","title":{"rendered":"<em>Microna<\/em> UV realiz\u00f3 Primer Simposio de Nanomateriales"},"content":{"rendered":"<p>&nbsp;<\/p>\n<div id=\"attachment_69554\" style=\"width: 732px\" class=\"wp-caption aligncenter\"><a href=\"https:\/\/www.uv.mx\/prensa\/files\/2019\/06\/110619-veracruz-nanomateriales3.jpg\"><img loading=\"lazy\" decoding=\"async\" aria-describedby=\"caption-attachment-69554\" class=\"size-full wp-image-69554\" src=\"https:\/\/www.uv.mx\/prensa\/files\/2019\/06\/110619-veracruz-nanomateriales3.jpg\" alt=\"\" width=\"722\" height=\"542\" srcset=\"https:\/\/www.uv.mx\/prensa\/files\/2019\/06\/110619-veracruz-nanomateriales3.jpg 722w, https:\/\/www.uv.mx\/prensa\/files\/2019\/06\/110619-veracruz-nanomateriales3-300x225.jpg 300w\" sizes=\"auto, (max-width: 722px) 100vw, 722px\" \/><\/a><p id=\"caption-attachment-69554\" class=\"wp-caption-text\">Uno de los objetivos fue promover la investigaci\u00f3n desarrollada por estudiantes de <em>Microna<\/em><\/p><\/div>\n<p>&nbsp;<\/p>\n<p><b><i><span data-contrast=\"auto\">12<\/span><\/i><\/b><b><i><span data-contrast=\"auto\">\/06\/19, Boca del R\u00edo, Ver.-<\/span><\/i><\/b> <span data-contrast=\"auto\">E<\/span><span data-contrast=\"auto\">l Cap\u00edtulo <\/span><span data-contrast=\"auto\">E<\/span><span data-contrast=\"auto\">studiantil del <a href=\"https:\/\/www.uv.mx\/veracruz\/microna\/\">Centro de Investigaci\u00f3n en Micro y Nanotecnolog\u00eda<\/a><\/span> <span data-contrast=\"auto\">(<\/span><i><span data-contrast=\"auto\">Microna<\/span><\/i><span data-contrast=\"auto\">) de la Universidad Veracruzana <\/span><span data-contrast=\"auto\">(UV), <\/span><span data-contrast=\"auto\">perteneciente a la Sociedad Mexicana de Materiales, A.C., <\/span><span data-contrast=\"auto\">llev\u00f3 a cabo el <\/span><span data-contrast=\"auto\">Primer Simposio de <\/span><span data-contrast=\"auto\">Nanomateriales<\/span><span data-contrast=\"auto\">: Ciencia y Tecnolog\u00eda, <\/span><span data-contrast=\"auto\">con la finalidad de fortalec<\/span><span data-contrast=\"auto\">er<\/span><span data-contrast=\"auto\"> las redes colab<\/span><span data-contrast=\"auto\">orativas para el impulso<\/span><span data-contrast=\"auto\"> de la investigaci\u00f3n en este campo.<\/span><span data-ccp-props=\"{}\">\u00a0<\/span><\/p>\n<p><span data-contrast=\"auto\">El evento se realiz\u00f3 <\/span><span data-contrast=\"auto\">los d\u00edas <\/span><span data-contrast=\"auto\">10 y 11 de junio en las instalaciones de <\/span><i><span data-contrast=\"auto\">Microna<\/span><\/i><span data-contrast=\"auto\"> UV y cont\u00f3 con la asistencia de profesionales de <\/span><span data-contrast=\"auto\">las facultades<\/span><span data-contrast=\"auto\"> de <\/span><span data-contrast=\"auto\">Ingenier\u00eda Q<\/span><span data-contrast=\"auto\">u\u00edmica<\/span><span data-contrast=\"auto\">, <\/span><span data-contrast=\"auto\">Ingenier\u00eda Metal\u00fargica y C<\/span><span data-contrast=\"auto\">iencia de los <\/span><span data-contrast=\"auto\">M<\/span><span data-contrast=\"auto\">ateriales<\/span><span data-contrast=\"auto\"> e <\/span><span data-contrast=\"auto\">Ingenier\u00eda en Electr\u00f3nica y Comunicaciones<\/span><span data-contrast=\"auto\"> de la UV.<\/span><span data-ccp-props=\"{&quot;335559731&quot;:708}\">\u00a0<\/span><\/p>\n<p><span data-contrast=\"auto\">Tambi\u00e9n participaron <\/span><span data-contrast=\"auto\">integrantes <\/span><span data-contrast=\"auto\">de la Maestr\u00eda en Biotecnolog\u00eda de la Universidad Polit\u00e9cnica de Pachuca y de los institutos tecnol\u00f3gicos de Veracruz y Boca del R\u00edo.<\/span><span data-ccp-props=\"{&quot;335559731&quot;:708}\">\u00a0<\/span><\/p>\n<p><span data-contrast=\"auto\">Luis Zamora Peredo<\/span><span data-contrast=\"auto\">,<\/span> <span data-contrast=\"auto\">director de <\/span><i><span data-contrast=\"auto\">Microna<\/span><\/i><span data-contrast=\"auto\">,<\/span><span data-contrast=\"auto\"> coment\u00f3 que este simposio fue pensado y organizado por estudiantes<\/span><span data-contrast=\"auto\">,<\/span><span data-contrast=\"auto\"> con el objetivo de\u00a0 promover los <\/span><span data-contrast=\"auto\">trabajo<\/span><span data-contrast=\"auto\">s<\/span><span data-contrast=\"auto\"> de investigaci\u00f3n<\/span> <span data-contrast=\"auto\">que el<\/span><span data-contrast=\"auto\">los <\/span><span data-contrast=\"auto\">realizan <\/span><span data-contrast=\"auto\">y compartir avances en el \u00e1rea de <\/span><span data-contrast=\"auto\">nanomateriales<\/span><span data-contrast=\"auto\">.<\/span><span data-ccp-props=\"{}\">\u00a0<\/span><\/p>\n<p><span data-contrast=\"auto\">Expres\u00f3 su apoyo a estas iniciativas <\/span><span data-contrast=\"auto\">y coment\u00f3 la importancia de compartir inves<\/span><span data-contrast=\"auto\">tigaciones multidisciplinarias.<\/span><span data-ccp-props=\"{&quot;335559731&quot;:708}\">\u00a0<\/span><\/p>\n<p><span data-contrast=\"auto\">En tanto, el vicerrector Alfonso P\u00e9rez Morales coincidi\u00f3 y alent\u00f3 a los estudiantes a continuar detonando la investigaci\u00f3n local y nacional mediante sus trabajos en centros de investigaci\u00f3n, como es el <\/span><span data-contrast=\"auto\">caso <\/span><span data-contrast=\"auto\">de <\/span><i><span data-contrast=\"auto\">Microna<\/span><\/i><span data-contrast=\"auto\">.<\/span><span data-ccp-props=\"{&quot;335559731&quot;:708}\">\u00a0<\/span><\/p>\n<p><span data-contrast=\"auto\">Adem\u00e1s de los estudiantes, <\/span><span data-contrast=\"auto\">los especialistas <\/span><span data-contrast=\"auto\">de la UV <\/span><span data-contrast=\"auto\">Mariela Bravo S\u00e1nchez, Alfredo Mo<\/span><span data-contrast=\"auto\">rales Tapia, as\u00ed como Adriana B\u00e1ez R<\/span><span data-contrast=\"auto\">odr\u00edguez, Ernesto Francisco Rubio Cruz y Daniel de Jes\u00fas Araujo P\u00e9rez<\/span><span data-contrast=\"auto\">,<\/span><span data-contrast=\"auto\"> fueron los encargados de compartir las \u00faltimas investigaciones y avances en el \u00e1rea de nanomateriales.<\/span><span data-ccp-props=\"{&quot;335559731&quot;:708}\">\u00a0<\/span><\/p>\n<p><span data-contrast=\"auto\">Como parte del programa<\/span><span data-contrast=\"auto\"> tambi\u00e9n se imparti\u00f3 el taller de <\/span><span data-contrast=\"auto\">Electroscop\u00eda de Fotoelectrones E<\/span><span data-contrast=\"auto\">mitidos por <\/span><span data-contrast=\"auto\">R<\/span><span data-contrast=\"auto\">ayos X<\/span><span data-contrast=\"auto\">.<\/span><span data-ccp-props=\"{&quot;335559731&quot;:708}\">\u00a0<\/span><\/p>\n","protected":false},"excerpt":{"rendered":"<p>Luis Zamora Peredo, director del Centro de Investigaci\u00f3n en Micro y Nanotecnolog\u00eda, destac\u00f3 la importancia de compartir investigaciones multidisciplinarias<\/p>\n","protected":false},"author":1508,"featured_media":69554,"comment_status":"closed","ping_status":"closed","sticky":false,"template":"","format":"standard","meta":{"footnotes":""},"categories":[51,55],"tags":[],"class_list":["post-69576","post","type-post","status-publish","format-standard","has-post-thumbnail","hentry","category-tecnologia","category-veracruz"],"_links":{"self":[{"href":"https:\/\/www.uv.mx\/prensa\/wp-json\/wp\/v2\/posts\/69576","targetHints":{"allow":["GET"]}}],"collection":[{"href":"https:\/\/www.uv.mx\/prensa\/wp-json\/wp\/v2\/posts"}],"about":[{"href":"https:\/\/www.uv.mx\/prensa\/wp-json\/wp\/v2\/types\/post"}],"author":[{"embeddable":true,"href":"https:\/\/www.uv.mx\/prensa\/wp-json\/wp\/v2\/users\/1508"}],"replies":[{"embeddable":true,"href":"https:\/\/www.uv.mx\/prensa\/wp-json\/wp\/v2\/comments?post=69576"}],"version-history":[{"count":0,"href":"https:\/\/www.uv.mx\/prensa\/wp-json\/wp\/v2\/posts\/69576\/revisions"}],"wp:featuredmedia":[{"embeddable":true,"href":"https:\/\/www.uv.mx\/prensa\/wp-json\/wp\/v2\/media\/69554"}],"wp:attachment":[{"href":"https:\/\/www.uv.mx\/prensa\/wp-json\/wp\/v2\/media?parent=69576"}],"wp:term":[{"taxonomy":"category","embeddable":true,"href":"https:\/\/www.uv.mx\/prensa\/wp-json\/wp\/v2\/categories?post=69576"},{"taxonomy":"post_tag","embeddable":true,"href":"https:\/\/www.uv.mx\/prensa\/wp-json\/wp\/v2\/tags?post=69576"}],"curies":[{"name":"wp","href":"https:\/\/api.w.org\/{rel}","templated":true}]}}