{"id":69560,"date":"2019-06-12T20:38:34","date_gmt":"2019-06-13T01:38:34","guid":{"rendered":"https:\/\/www.uv.mx\/prensa\/?p=69560"},"modified":"2019-06-12T20:38:34","modified_gmt":"2019-06-13T01:38:34","slug":"uv-promueve-la-ingenieria-en-alumnas-de-secundaria","status":"publish","type":"post","link":"https:\/\/www.uv.mx\/prensa\/tecnologia\/uv-promueve-la-ingenieria-en-alumnas-de-secundaria\/","title":{"rendered":"UV promueve la ingenier\u00eda en alumnas de secundaria"},"content":{"rendered":"<ul>\n<li data-leveltext=\"\uf0b7\" data-font=\"Symbol\" data-listid=\"1\" data-aria-posinset=\"1\" data-aria-level=\"1\"><i><span data-contrast=\"auto\">En conjunto con <\/span><\/i><span data-contrast=\"auto\">Microsoft<\/span><i><span data-contrast=\"auto\"> M\u00e9xico<\/span><\/i><i><span data-contrast=\"auto\">,<\/span><\/i><i><span data-contrast=\"auto\"> Ayuntamiento de Veracruz<\/span><\/i><i><span data-contrast=\"auto\"> y <\/span><\/i><i><span data-contrast=\"auto\">Fundaci\u00f3n Televisa<\/span><\/i><i><span data-contrast=\"auto\">\u00a0<\/span><\/i><span data-ccp-props=\"{&quot;134233279&quot;:true,&quot;201341983&quot;:0,&quot;335559739&quot;:200,&quot;335559740&quot;:240}\">\u00a0<\/span><\/li>\n<\/ul>\n<p>&nbsp;<\/p>\n<div id=\"attachment_69565\" style=\"width: 732px\" class=\"wp-caption aligncenter\"><a href=\"https:\/\/www.uv.mx\/prensa\/files\/2019\/06\/120619-veracruz-digiGirlz-microsoft-1-100k-1.jpg\"><img loading=\"lazy\" decoding=\"async\" aria-describedby=\"caption-attachment-69565\" class=\"size-full wp-image-69565\" src=\"https:\/\/www.uv.mx\/prensa\/files\/2019\/06\/120619-veracruz-digiGirlz-microsoft-1-100k-1.jpg\" alt=\"\" width=\"722\" height=\"481\" srcset=\"https:\/\/www.uv.mx\/prensa\/files\/2019\/06\/120619-veracruz-digiGirlz-microsoft-1-100k-1.jpg 722w, https:\/\/www.uv.mx\/prensa\/files\/2019\/06\/120619-veracruz-digiGirlz-microsoft-1-100k-1-300x200.jpg 300w\" sizes=\"auto, (max-width: 722px) 100vw, 722px\" \/><\/a><p id=\"caption-attachment-69565\" class=\"wp-caption-text\">El programa DigiGirlz est\u00e1 dirigido a ni\u00f1as de secundaria<\/p><\/div>\n<p>&nbsp;<\/p>\n<p><b><i><span data-contrast=\"auto\">12<\/span><\/i><\/b><b><i><span data-contrast=\"auto\">\/06\/19, Boca del R\u00edo, Ver.-<\/span><\/i><\/b><span data-contrast=\"auto\"> Por primera vez en el sureste mexicano se llev\u00f3 a cabo el programa<\/span> <span data-contrast=\"auto\">DigiGirlz<\/span><span data-contrast=\"auto\">, Mujeres STEM (Ciencia, Tecnolog\u00eda, Ingenier\u00eda y Matem\u00e1ticas, por sus siglas en ingl\u00e9s), organizado por la Universidad Veracruzana (UV), <\/span><i><span data-contrast=\"auto\">Microsoft<\/span><\/i><span data-contrast=\"auto\"> Filantrop\u00eda M\u00e9xico, Fundaci\u00f3n Televisa<\/span><span data-contrast=\"auto\"> y el Ayuntamiento de Veracruz.<\/span><span data-ccp-props=\"{&quot;201341983&quot;:0,&quot;335559739&quot;:200,&quot;335559740&quot;:240}\">\u00a0<\/span><\/p>\n<p><span data-contrast=\"auto\">El programa<\/span> <span data-contrast=\"auto\">est\u00e1 <\/span><span data-contrast=\"auto\">dirigido a ni\u00f1as <\/span><span data-contrast=\"auto\">de secundaria<\/span><span data-contrast=\"auto\"> e<\/span><span data-contrast=\"auto\"> incluye conferencias, actividades l\u00fadicas y un panel de ingenieras destacadas que comparten sus saberes, con el objetivo de motivar <\/span><span data-contrast=\"auto\">a<\/span><span data-contrast=\"auto\">l estudio de la <\/span><span data-contrast=\"auto\">c<\/span><span data-contrast=\"auto\">iencia, <\/span><span data-contrast=\"auto\">t<\/span><span data-contrast=\"auto\">ecnolog\u00eda, <\/span><span data-contrast=\"auto\">i<\/span><span data-contrast=\"auto\">ngenier\u00eda y <\/span><span data-contrast=\"auto\">m<\/span><span data-contrast=\"auto\">atem\u00e1ticas.<\/span><span data-ccp-props=\"{&quot;201341983&quot;:0,&quot;335559731&quot;:708,&quot;335559739&quot;:200,&quot;335559740&quot;:240}\">\u00a0<\/span><\/p>\n<p><span data-contrast=\"auto\">El <\/span><span data-contrast=\"auto\">11 de junio<\/span><span data-contrast=\"auto\">,<\/span><span data-contrast=\"auto\"> la Facultad de <\/span><span data-contrast=\"auto\">I<\/span><span data-contrast=\"auto\">ngenier\u00eda <\/span><span data-contrast=\"auto\">de la UV recibi\u00f3 a<\/span><span data-contrast=\"auto\"> 40 ni\u00f1as de primero y segundo a\u00f1o de la <\/span><span data-contrast=\"auto\">E<\/span><span data-contrast=\"auto\">scuela <\/span><span data-contrast=\"auto\">S<\/span><span data-contrast=\"auto\">ecundaria <\/span><span data-contrast=\"auto\">\u201c<\/span><span data-contrast=\"auto\">Emelia<\/span><span data-contrast=\"auto\"> L. <\/span><span data-contrast=\"auto\">Turincio<\/span><span data-contrast=\"auto\">\u201d<\/span><span data-contrast=\"auto\">, as\u00ed como a 20 padres de familia y <\/span><span data-contrast=\"auto\">cuatro<\/span><span data-contrast=\"auto\"> profesores de la instituci\u00f3n que las acompa\u00f1aron.<\/span><span data-ccp-props=\"{&quot;201341983&quot;:0,&quot;335559731&quot;:708,&quot;335559739&quot;:200,&quot;335559740&quot;:240}\"><br \/>\n<\/span><\/p>\n<p><span data-contrast=\"auto\">DigiGirlz<\/span><span data-contrast=\"auto\"> busca capacitar y alentar a las j\u00f3venes para que se interesen en el sector cient\u00edfico y tecnol\u00f3gico, mediante talleres <\/span><span data-contrast=\"auto\">y pl\u00e1ticas, explic\u00f3<\/span> <span data-contrast=\"auto\">Stephani<\/span><span data-contrast=\"auto\"> Medina <\/span><span data-contrast=\"auto\">Barojas<\/span><span data-contrast=\"auto\">, coordinadora de reclutamiento de <\/span><i><span data-contrast=\"auto\">Microsoft<\/span><\/i><span data-contrast=\"auto\"> M\u00e9xico.<\/span><span data-ccp-props=\"{&quot;201341983&quot;:0,&quot;335559731&quot;:708,&quot;335559739&quot;:200,&quot;335559740&quot;:240}\">\u00a0<\/span><\/p>\n<p><span data-contrast=\"auto\">Alfonso Gerardo P\u00e9rez Morales<\/span><span data-contrast=\"auto\">,<\/span> <span data-contrast=\"auto\">v<\/span><span data-contrast=\"auto\">icerrector de la <\/span><span data-contrast=\"auto\">regi\u00f3n Veracruz <\/span><span data-contrast=\"auto\">de la UV, destac\u00f3 que el programa<\/span><span data-contrast=\"auto\"> busca \u201c<\/span><span data-contrast=\"auto\">c<\/span><span data-contrast=\"auto\">rear conciencia acerca de la variedad de carreras emocionantes y significativas, disponibles <\/span><span data-contrast=\"auto\">en la industria de la tecnolog\u00eda<\/span><span data-contrast=\"auto\">\u201d<\/span><span data-contrast=\"auto\">.<\/span><span data-ccp-props=\"{&quot;201341983&quot;:0,&quot;335559731&quot;:708,&quot;335559739&quot;:200,&quot;335559740&quot;:240}\">\u00a0<\/span><\/p>\n<p><span data-contrast=\"auto\">P\u00e9rez Morales<\/span> <span data-contrast=\"auto\">celebr\u00f3 que la UV aloje eventos enfocados a los futuros profesionales y afirm\u00f3 que la tecnolog\u00eda \u201cha hecho el mundo m\u00e1s peque\u00f1o\u201d, pues est\u00e1 inmersa en todas las disciplinas.<\/span><span data-ccp-props=\"{&quot;201341983&quot;:0,&quot;335559731&quot;:708,&quot;335559739&quot;:200,&quot;335559740&quot;:240}\">\u00a0<\/span><\/p>\n<p><span data-contrast=\"auto\">El alcalde de Veracruz<\/span><span data-contrast=\"auto\">,<\/span><span data-contrast=\"auto\"> Fernando Yunes M\u00e1rquez<\/span><span data-contrast=\"auto\">, aplaudi\u00f3 este programa que \u201cl<\/span><span data-contrast=\"auto\">e est\u00e1 apostando al futuro de las ni\u00f1as\u201d y se congratul\u00f3 de formar parte de \u00e9l.<\/span><span data-ccp-props=\"{&quot;201341983&quot;:0,&quot;335559731&quot;:708,&quot;335559739&quot;:200,&quot;335559740&quot;:240}\">\u00a0<\/span><\/p>\n<p>&nbsp;<\/p>\n<div id=\"attachment_69566\" style=\"width: 732px\" class=\"wp-caption aligncenter\"><a href=\"https:\/\/www.uv.mx\/prensa\/files\/2019\/06\/120619-veracruz-digiGirlz-microsoft-2-100k-1.jpg\"><img loading=\"lazy\" decoding=\"async\" aria-describedby=\"caption-attachment-69566\" class=\"size-full wp-image-69566\" src=\"https:\/\/www.uv.mx\/prensa\/files\/2019\/06\/120619-veracruz-digiGirlz-microsoft-2-100k-1.jpg\" alt=\"\" width=\"722\" height=\"481\" srcset=\"https:\/\/www.uv.mx\/prensa\/files\/2019\/06\/120619-veracruz-digiGirlz-microsoft-2-100k-1.jpg 722w, https:\/\/www.uv.mx\/prensa\/files\/2019\/06\/120619-veracruz-digiGirlz-microsoft-2-100k-1-300x200.jpg 300w\" sizes=\"auto, (max-width: 722px) 100vw, 722px\" \/><\/a><p id=\"caption-attachment-69566\" class=\"wp-caption-text\">El Vicerrector celebr\u00f3 la iniciativa de <em>Microsoft<\/em><\/p><\/div>\n<p>&nbsp;<\/p>\n<p><span data-contrast=\"auto\">Sostuvo que se deben romper las barreras de g\u00e9nero y estereotipos en el \u00e1rea de ingenier\u00eda<\/span><span data-contrast=\"auto\"> y \u201c<\/span><span data-contrast=\"auto\">c<\/span><span data-contrast=\"auto\">uando se piense en <\/span><span data-contrast=\"auto\">tecnolog\u00eda se debe pensar en el talento, en las capacidades y en la dedicaci\u00f3n, no en el g\u00e9nero\u201d.<\/span><span data-ccp-props=\"{&quot;201341983&quot;:0,&quot;335559731&quot;:708,&quot;335559739&quot;:200,&quot;335559740&quot;:240}\">\u00a0<\/span><\/p>\n<p><span data-contrast=\"auto\">DigiGirlz <\/span><span data-contrast=\"auto\">es una <\/span><span data-contrast=\"auto\">iniciativa d<\/span><span data-contrast=\"auto\">e <\/span><i><span data-contrast=\"auto\">Microsoft<\/span><\/i><span data-contrast=\"auto\"> Filantrop\u00eda y \u201c<\/span><span data-contrast=\"auto\">r<\/span><span data-contrast=\"auto\">epresenta un compromiso para fortalecer la presencia de las mujeres en la tecnolog\u00eda, al exponer a las ni\u00f1as las vastas <\/span><span data-contrast=\"auto\">oportunidades<\/span><span data-contrast=\"auto\"> que la industria<\/span><span data-contrast=\"auto\"> t<\/span><span data-contrast=\"auto\">ecnol\u00f3gica tiene para ofrecer\u201d, a\u00f1adi\u00f3 Stephani Medina.<\/span><span data-ccp-props=\"{&quot;201341983&quot;:0,&quot;335559731&quot;:708,&quot;335559739&quot;:200,&quot;335559740&quot;:240}\">\u00a0<\/span><\/p>\n<p><span data-contrast=\"auto\">El objetivo es \u201cromper los estereotipos asociados con las carreras de ciencia, tecnolog\u00eda, ingenier\u00eda y matem\u00e1ticas, dando a las j\u00f3venes la oportunidad de experimentar de primera mano <\/span><span data-contrast=\"auto\">el<\/span><span data-contrast=\"auto\"> desarrollo de tecnolog\u00eda de vanguardia\u201d.<\/span><span data-ccp-props=\"{&quot;201341983&quot;:0,&quot;335559731&quot;:708,&quot;335559739&quot;:200,&quot;335559740&quot;:240}\">\u00a0<\/span><\/p>\n<p><span data-contrast=\"auto\">Medina <\/span><span data-contrast=\"auto\">Barojas<\/span><span data-contrast=\"auto\"> detall\u00f3 que con las di<\/span><span data-contrast=\"auto\">versas actividades <\/span><span data-contrast=\"auto\">las ni\u00f1as <\/span><span data-contrast=\"auto\">comprueban <\/span><span data-contrast=\"auto\">que \u201clas ciencias no son nada aburridas<\/span><span data-contrast=\"auto\">, no son s\u00f3lo para los s\u00fa<\/span><span data-contrast=\"auto\">per dotados ni s\u00f3lo para hombres<\/span><span data-contrast=\"auto\">,<\/span> <span data-contrast=\"auto\">sino<\/span><span data-contrast=\"auto\"> que es algo que requiere creatividad e imaginaci\u00f3n y da muchas satisfacciones\u201d.<\/span><span data-ccp-props=\"{&quot;201341983&quot;:0,&quot;335559731&quot;:708,&quot;335559739&quot;:200,&quot;335559740&quot;:240}\">\u00a0<\/span><\/p>\n<p><span data-contrast=\"auto\">Durante la jornada, las alumnas participaron en talleres activos en la computadora y con <\/span><span data-contrast=\"auto\">micro<\/span><span data-contrast=\"auto\">dispositivos<\/span><span data-contrast=\"auto\">, escucharon a ingenieras destacadas de la UV que compartieron sus experiencias y trayectoria laboral.<\/span><span data-ccp-props=\"{&quot;201341983&quot;:0,&quot;335559731&quot;:708,&quot;335559739&quot;:200,&quot;335559740&quot;:240}\">\u00a0<\/span><\/p>\n<p><span data-contrast=\"auto\">En el <\/span><span data-contrast=\"auto\">inicio del programa tambi\u00e9n estuvieron <\/span><span data-contrast=\"auto\">Jes\u00fas Santamar\u00eda L\u00f3pez<\/span><span data-contrast=\"auto\"> y<\/span> <span data-contrast=\"auto\">Agust\u00edn Herrera <\/span><span data-contrast=\"auto\">May<\/span><span data-contrast=\"auto\">,<\/span><span data-contrast=\"auto\"> director de Facultad del H\u00e1bitat y la Construcci\u00f3n <\/span><span data-contrast=\"auto\">y<\/span><span data-contrast=\"auto\"> d<\/span><span data-contrast=\"auto\">irector de posgrados de la <\/span><span data-contrast=\"auto\">misma entidad acad\u00e9mica, respectivamente, as\u00ed como<\/span><span data-contrast=\"auto\"> Maricruz Morales Cort\u00e9s, d<\/span><span data-contrast=\"auto\">irectora<\/span> <span data-contrast=\"auto\">de <\/span><span data-contrast=\"auto\">l<\/span><span data-contrast=\"auto\">a <\/span><span data-contrast=\"auto\">E<\/span><span data-contrast=\"auto\">scuela <\/span><span data-contrast=\"auto\">S<\/span><span data-contrast=\"auto\">ecundaria <\/span><span data-contrast=\"auto\">\u201c<\/span><span data-contrast=\"auto\">Emelia<\/span><span data-contrast=\"auto\"> L. <\/span><span data-contrast=\"auto\">Turincio<\/span><span data-contrast=\"auto\">\u201d<\/span><span data-contrast=\"auto\">.<\/span><span data-ccp-props=\"{&quot;201341983&quot;:0,&quot;335559731&quot;:708,&quot;335559739&quot;:200,&quot;335559740&quot;:240}\">\u00a0<\/span><\/p>\n<p>&nbsp;<\/p>\n<div id=\"attachment_69563\" style=\"width: 732px\" class=\"wp-caption aligncenter\"><a href=\"https:\/\/www.uv.mx\/prensa\/files\/2019\/06\/120619-veracruz-digiGirlz-microsoft-3-100k.jpg\"><img loading=\"lazy\" decoding=\"async\" aria-describedby=\"caption-attachment-69563\" class=\"size-full wp-image-69563\" src=\"https:\/\/www.uv.mx\/prensa\/files\/2019\/06\/120619-veracruz-digiGirlz-microsoft-3-100k.jpg\" alt=\"\" width=\"722\" height=\"430\" srcset=\"https:\/\/www.uv.mx\/prensa\/files\/2019\/06\/120619-veracruz-digiGirlz-microsoft-3-100k.jpg 722w, https:\/\/www.uv.mx\/prensa\/files\/2019\/06\/120619-veracruz-digiGirlz-microsoft-3-100k-300x179.jpg 300w\" sizes=\"auto, (max-width: 722px) 100vw, 722px\" \/><\/a><p id=\"caption-attachment-69563\" class=\"wp-caption-text\">El Alcalde de Veracruz invit\u00f3 a romper las barreras de g\u00e9nero en la tecnolog\u00eda<\/p><\/div>\n","protected":false},"excerpt":{"rendered":"<p>El programa DigiGirlz incluye conferencias, actividades l\u00fadicas y un panel de ingenieras destacadas que comparten sus saberes<\/p>\n","protected":false},"author":1508,"featured_media":69565,"comment_status":"closed","ping_status":"closed","sticky":false,"template":"","format":"standard","meta":{"footnotes":""},"categories":[51,55],"tags":[],"class_list":["post-69560","post","type-post","status-publish","format-standard","has-post-thumbnail","hentry","category-tecnologia","category-veracruz"],"_links":{"self":[{"href":"https:\/\/www.uv.mx\/prensa\/wp-json\/wp\/v2\/posts\/69560","targetHints":{"allow":["GET"]}}],"collection":[{"href":"https:\/\/www.uv.mx\/prensa\/wp-json\/wp\/v2\/posts"}],"about":[{"href":"https:\/\/www.uv.mx\/prensa\/wp-json\/wp\/v2\/types\/post"}],"author":[{"embeddable":true,"href":"https:\/\/www.uv.mx\/prensa\/wp-json\/wp\/v2\/users\/1508"}],"replies":[{"embeddable":true,"href":"https:\/\/www.uv.mx\/prensa\/wp-json\/wp\/v2\/comments?post=69560"}],"version-history":[{"count":0,"href":"https:\/\/www.uv.mx\/prensa\/wp-json\/wp\/v2\/posts\/69560\/revisions"}],"wp:featuredmedia":[{"embeddable":true,"href":"https:\/\/www.uv.mx\/prensa\/wp-json\/wp\/v2\/media\/69565"}],"wp:attachment":[{"href":"https:\/\/www.uv.mx\/prensa\/wp-json\/wp\/v2\/media?parent=69560"}],"wp:term":[{"taxonomy":"category","embeddable":true,"href":"https:\/\/www.uv.mx\/prensa\/wp-json\/wp\/v2\/categories?post=69560"},{"taxonomy":"post_tag","embeddable":true,"href":"https:\/\/www.uv.mx\/prensa\/wp-json\/wp\/v2\/tags?post=69560"}],"curies":[{"name":"wp","href":"https:\/\/api.w.org\/{rel}","templated":true}]}}