{"id":69555,"date":"2019-06-15T07:59:17","date_gmt":"2019-06-15T12:59:17","guid":{"rendered":"https:\/\/www.uv.mx\/prensa\/?p=69555"},"modified":"2019-07-04T17:27:07","modified_gmt":"2019-07-04T22:27:07","slug":"leer-un-libro","status":"publish","type":"post","link":"https:\/\/www.uv.mx\/prensa\/cultura\/leer-un-libro\/","title":{"rendered":"Leer un libro es abrir la puerta a nuevos paisajes y otros mundos\u202f"},"content":{"rendered":"<ul>\n<li data-leveltext=\"\uf0b7\" data-font=\"Symbol\" data-listid=\"2\" data-aria-posinset=\"1\" data-aria-level=\"1\"><i><span data-contrast=\"none\">\u201c<\/span><\/i><i><span data-contrast=\"none\">P<\/span><\/i><i><span data-contrast=\"none\">ara leer tenemos que estar motivados, ya sea que alguien nos haya recomendado un libro o al <\/span><\/i><i><span data-contrast=\"none\">menos nos haya hablado de \u00e9l<\/span><\/i><i><span data-contrast=\"none\">\u201d<\/span><\/i><i><span data-contrast=\"auto\">: Juan Jos\u00e9 Barrientos<\/span><\/i><span data-ccp-props=\"{&quot;134233117&quot;:true,&quot;134233118&quot;:true,&quot;201341983&quot;:0,&quot;335559740&quot;:240}\">\u00a0<\/span><\/li>\n<\/ul>\n<p>&nbsp;<\/p>\n<div id=\"attachment_70666\" style=\"width: 551px\" class=\"wp-caption aligncenter\"><a href=\"https:\/\/www.uv.mx\/prensa\/files\/2019\/06\/Bateaubus-1.jpg\"><img loading=\"lazy\" decoding=\"async\" aria-describedby=\"caption-attachment-70666\" class=\"wp-image-70666 size-full\" src=\"https:\/\/www.uv.mx\/prensa\/files\/2019\/06\/Bateaubus-1-e1562279220287.jpg\" alt=\"\" width=\"541\" height=\"722\" \/><\/a><p id=\"caption-attachment-70666\" class=\"wp-caption-text\">Juan Jos\u00e9 Barrientos Contreras, investigador de la UV<\/p><\/div>\n<p><span data-ccp-props=\"{&quot;134233117&quot;:true,&quot;134233118&quot;:true,&quot;201341983&quot;:0,&quot;335559740&quot;:240}\">\u00a0<\/span><\/p>\n<p><b><i><span data-contrast=\"auto\">Jos\u00e9 Luis <\/span><\/i><\/b><b><i><span data-contrast=\"auto\">Couttolenc<\/span><\/i><\/b><b><i><span data-contrast=\"auto\"> Soto<\/span><\/i><\/b><span data-ccp-props=\"{&quot;134233117&quot;:true,&quot;134233118&quot;:true,&quot;201341983&quot;:0,&quot;335559740&quot;:240}\">\u00a0<\/span><\/p>\n<p><b><i><span data-contrast=\"auto\">1<\/span><\/i><\/b><b><i><span data-contrast=\"auto\">5<\/span><\/i><\/b><b><i><span data-contrast=\"auto\">\/0<\/span><\/i><\/b><b><i><span data-contrast=\"auto\">6<\/span><\/i><\/b><b><i><span data-contrast=\"auto\">\/19, <\/span><\/i><\/b><b><i><span data-contrast=\"auto\">Xalapa<\/span><\/i><\/b><b><i><span data-contrast=\"auto\">, <\/span><\/i><\/b><b><i><span data-contrast=\"auto\">Ver.-<\/span><\/i><\/b> <span data-contrast=\"auto\">E<\/span><span data-contrast=\"auto\">l investigador de la Universidad Veracruzana (UV), Juan Jos\u00e9 Barrientos Contreras<\/span><span data-contrast=\"auto\">,<\/span> <span data-contrast=\"auto\">consider<\/span><span data-contrast=\"auto\">\u00f3 <\/span><span data-contrast=\"auto\">que leer un libro es abrir una puerta a otros mundos y otras personas, <\/span><span data-contrast=\"auto\">al mismo tiempo que <\/span><span data-contrast=\"auto\">lament\u00f3 que en M\u00e9xico se lea menos que en otros<\/span><span data-contrast=\"auto\"> pa\u00edses<\/span><span data-contrast=\"auto\">.<\/span><span data-ccp-props=\"{&quot;134233117&quot;:true,&quot;134233118&quot;:true,&quot;201341983&quot;:0,&quot;335559740&quot;:240}\">\u00a0<\/span><\/p>\n<p><span data-contrast=\"auto\">Escritor, cr\u00edtico literario y traductor, <\/span><span data-contrast=\"auto\">Juan Jos\u00e9 Barrientos <\/span><span data-contrast=\"auto\">ha dedicado parte de su trayectoria profesional a promover la lectura, abarcando diversos g\u00e9neros, \u201cporque para leer tenemos que estar motivados, ya sea que alguien nos haya recomendado el libro, nos haya hablado de \u00e9l o nos comparta un resumen\u201d.<\/span><span data-ccp-props=\"{&quot;134233117&quot;:true,&quot;134233118&quot;:true,&quot;201341983&quot;:0,&quot;335559731&quot;:708,&quot;335559740&quot;:240}\">\u00a0<\/span><\/p>\n<p><span data-contrast=\"auto\">R<\/span><span data-contrast=\"auto\">ecord\u00f3 que en los <\/span><span data-contrast=\"auto\">ochenta <\/span><span data-contrast=\"auto\">empez\u00f3 a colaborar en el programa <\/span><i><span data-contrast=\"auto\">La revista <\/span><\/i><span data-contrast=\"auto\">que se transmit\u00eda a trav\u00e9s de Televisi\u00f3n Universitaria, donde rese\u00f1\u00f3 algunos libros que le parecieron interesantes; a\u00f1os despu\u00e9s colabor\u00f3 en el programa <\/span><i><span data-contrast=\"auto\">M\u00e1s cultura<\/span><\/i><span data-contrast=\"auto\"> de Radio Televisi\u00f3n de Veracruz.<\/span><span data-ccp-props=\"{&quot;134233117&quot;:true,&quot;134233118&quot;:true,&quot;201341983&quot;:0,&quot;335559731&quot;:708,&quot;335559740&quot;:240}\">\u00a0<\/span><\/p>\n<p><span data-contrast=\"auto\">En esos programas coment\u00f3 brevemente libros como el de Arturo Casado Navarro sobre Gerardo Murillo, el Dr. <\/span><span data-contrast=\"auto\">Atl<\/span><span data-contrast=\"auto\">,<\/span><span data-contrast=\"auto\"> y <\/span><i><span data-contrast=\"auto\">La feria de la vida<\/span><\/i><span data-contrast=\"auto\">, de Jos\u00e9 Juan Tablada, que es una <\/span><span data-contrast=\"auto\">auto<\/span><span data-contrast=\"auto\">biograf\u00eda donde <\/span><span data-contrast=\"auto\">menciona<\/span><span data-contrast=\"auto\"> su estancia en Bogot\u00e1, Colombia, \u201c<\/span><span data-contrast=\"auto\">una <\/span><span data-contrast=\"auto\">ciudad que por cierto compara con Xalapa, aunque yo no le encuentro parecido <\/span><span data-contrast=\"auto\">pues es mucho m\u00e1s grande y se encuentra en una planicie muy extensa, y el <\/span><span data-contrast=\"auto\">cerro de <\/span><span data-contrast=\"auto\">Monserrat es mucho m\u00e1s alto que el <\/span><span data-contrast=\"auto\">Macui<\/span><span data-contrast=\"auto\">l<\/span><span data-contrast=\"auto\">t\u00e9petl<\/span> <span data-contrast=\"auto\">de<\/span><span data-contrast=\"auto\"> esta<\/span><span data-contrast=\"auto\"> ciudad\u201d. A\u00f1adi\u00f3<\/span><span data-contrast=\"auto\"> que se puede subir en funicular o en telef\u00e9rico<\/span><span data-contrast=\"auto\">.<\/span><span data-ccp-props=\"{&quot;134233117&quot;:true,&quot;134233118&quot;:true,&quot;201341983&quot;:0,&quot;335559731&quot;:708,&quot;335559740&quot;:240}\">\u00a0<\/span><\/p>\n<p><span data-contrast=\"auto\">Acot\u00f3 que no s\u00f3<\/span><span data-contrast=\"auto\">lo se ocup\u00f3 de obras literarias, sino tambi\u00e9n de la <\/span><i><span data-contrast=\"auto\">Historia de la tecnolog\u00eda<\/span><\/i><span data-contrast=\"auto\"> publicada por la editorial Siglo XXI en tres vol\u00famenes de bolsillo<\/span><span data-contrast=\"auto\">,<\/span><span data-contrast=\"auto\"> \u201ccon datos interesantes como el del m\u00e9dico escoc\u00e9s al que se le ocurri\u00f3 ponerle caucho a las ruedas de la bicicleta de su hijo que antes estaban cubiertas co<\/span><span data-contrast=\"auto\">n tiras de corteza de un \u00e1rbol\u201d.<\/span><span data-ccp-props=\"{&quot;134233117&quot;:true,&quot;134233118&quot;:true,&quot;201341983&quot;:0,&quot;335559731&quot;:708,&quot;335559740&quot;:240}\">\u00a0<\/span><\/p>\n<p><span data-contrast=\"auto\">Para <\/span><em>M\u00e1s Cultura<\/em> <span data-contrast=\"auto\">rese\u00f1<\/span><span data-contrast=\"none\">\u00f3<\/span> <i><span data-contrast=\"auto\">Mi vida por el mundo <\/span><\/i><span data-contrast=\"auto\">de Manuel Maples Arce y <\/span><i><span data-contrast=\"auto\">Memoria <\/span><\/i><span data-contrast=\"auto\">de Rosario Ferr\u00e9, <\/span><span data-contrast=\"auto\">a quie<\/span><span data-contrast=\"auto\">n conoci\u00f3 porque estuvo casada con un amigo<\/span><span data-contrast=\"auto\">.<\/span><span data-ccp-props=\"{&quot;134233117&quot;:true,&quot;134233118&quot;:true,&quot;201341983&quot;:0,&quot;335559731&quot;:708,&quot;335559740&quot;:240}\">\u00a0<\/span><\/p>\n<p><span data-contrast=\"auto\">\u201cMe llamaban de RTV para citarme en un caf\u00e9 junto a la Casa del Lago, don<\/span><span data-contrast=\"auto\">de hablaba de dos o tres libros<\/span><span data-contrast=\"auto\"> y grababan las <\/span><span data-contrast=\"auto\">rese\u00f1as, pero desde el periodo de <\/span><span data-contrast=\"auto\">Yunes<\/span><span data-contrast=\"auto\"> Linares<\/span><span data-contrast=\"auto\"> no me d<\/span><span data-contrast=\"auto\">an chance<\/span><span data-contrast=\"auto\">\u201d<\/span><span data-contrast=\"auto\">, se quej\u00f3<\/span><span data-contrast=\"auto\">.<\/span><span data-ccp-props=\"{&quot;134233117&quot;:true,&quot;134233118&quot;:true,&quot;201341983&quot;:0,&quot;335559731&quot;:708,&quot;335559740&quot;:240}\">\u00a0<\/span><\/p>\n<p><span data-contrast=\"auto\">Adem\u00e1s de participar en programas de televisi\u00f3n, <\/span><span data-contrast=\"auto\">Juan Jos\u00e9 <\/span><span data-contrast=\"auto\">Barrientos publica sus rese\u00f1as en el <\/span><i><span data-contrast=\"auto\">Diario de Xalapa<\/span><\/i><span data-contrast=\"auto\"> y otros peri\u00f3dicos locales.<\/span><span data-ccp-props=\"{&quot;134233117&quot;:true,&quot;134233118&quot;:true,&quot;201341983&quot;:0,&quot;335559731&quot;:708,&quot;335559740&quot;:240}\">\u00a0<\/span><\/p>\n<p><span data-contrast=\"auto\">\u201cHace unos meses, por ejemplo, escrib\u00ed una breve rese\u00f1a de <\/span><i><span data-contrast=\"auto\">Nahui<\/span><\/i><i><span data-contrast=\"auto\"> Olin, la mujer del sol<\/span><\/i><span data-contrast=\"auto\">, de Adriana Malvido, que luego ampli\u00e9 y mand\u00e9 a <\/span><i><span data-contrast=\"auto\">Tierra <\/span><\/i><i><span data-contrast=\"auto\">A<\/span><\/i><i><span data-contrast=\"auto\">dentro<\/span><\/i><span data-contrast=\"auto\">, ambas tituladas \u201cAquellos ojos verdes\u201d, todav\u00eda se pueden ver en la nube.<\/span><span data-ccp-props=\"{&quot;134233117&quot;:true,&quot;134233118&quot;:true,&quot;201341983&quot;:0,&quot;335559731&quot;:708,&quot;335559740&quot;:240}\">\u00a0<\/span><\/p>\n<p><span data-contrast=\"auto\">\u201d<\/span><span data-contrast=\"auto\">O<\/span><span data-contrast=\"auto\">tras que originalmente aparecieron en el <\/span><i><span data-contrast=\"auto\">Diario de Xalapa<\/span><\/i> <span data-contrast=\"auto\">las envi\u00e9 luego a la <\/span><i><span data-contrast=\"auto\">Revista <\/span><\/i><i><span data-contrast=\"auto\">C<\/span><\/i><i><span data-contrast=\"auto\">ronopio<\/span><\/i> <span data-contrast=\"auto\">\u2013<\/span><span data-contrast=\"auto\">que publican u<\/span><span data-contrast=\"auto\">nos muchachos en Estados Unidos\u2013<\/span><span data-contrast=\"auto\"> como la del <\/span><i><span data-contrast=\"auto\">Diccionario hist\u00f3rico de la traducci\u00f3n en Hispanoam\u00e9rica<\/span><\/i><span data-contrast=\"auto\"> y la de <\/span><i><span data-contrast=\"auto\">Borges en la <\/span><\/i><i><span data-contrast=\"auto\">antolog\u00eda <\/span><\/i><i><span data-contrast=\"auto\">de la literatura fant\u00e1stica<\/span><\/i><span data-contrast=\"auto\">, de Daniel Zavala.<\/span><span data-ccp-props=\"{&quot;134233117&quot;:true,&quot;134233118&quot;:true,&quot;201341983&quot;:0,&quot;335559731&quot;:708,&quot;335559740&quot;:240}\">\u00a0<\/span><\/p>\n<p><span data-contrast=\"auto\">\u201d<\/span><span data-contrast=\"auto\">Tambi\u00e9n me publicaron en <\/span><span data-contrast=\"auto\">la p\u00e1gina de la UV <\/span><span data-contrast=\"auto\">una<\/span><span data-contrast=\"auto\"> rese\u00f1a de <\/span><i><span data-contrast=\"auto\">Mente joven<\/span><\/i><span data-contrast=\"auto\">, un libro sobre la alimentaci\u00f3n escrito por un ge<\/span><span data-contrast=\"auto\">ront\u00f3logo que ense\u00f1a en Harvard<\/span><span data-contrast=\"auto\">.<\/span><span data-ccp-props=\"{&quot;134233117&quot;:true,&quot;134233118&quot;:true,&quot;201341983&quot;:0,&quot;335559731&quot;:708,&quot;335559740&quot;:240}\">\u00a0<\/span><\/p>\n<p><span data-contrast=\"auto\">\u201d<\/span><span data-contrast=\"auto\">Para m\u00ed es muy importante publicar en los peri\u00f3dicos locales y no s<\/span><span data-contrast=\"auto\">\u00f3<\/span><span data-contrast=\"auto\">lo en revistas l<\/span><span data-contrast=\"auto\">iterarias o miscel\u00e1neas\u201d, agreg\u00f3<\/span><span data-contrast=\"auto\">.<\/span><span data-ccp-props=\"{&quot;134233117&quot;:true,&quot;134233118&quot;:true,&quot;201341983&quot;:0,&quot;335559731&quot;:708,&quot;335559740&quot;:240}\">\u00a0<\/span><\/p>\n<p><span data-contrast=\"auto\">Adem\u00e1s de rese\u00f1as, ha publicado una antolog\u00eda de cuentos y relatos de Ribeyro, para promover la lectura, y tiene otra de cuentos y ensayos de Tournier, que tradujo y a<\/span><span data-contrast=\"auto\">\u00fa<\/span><span data-contrast=\"auto\">n no se publica.<\/span><span data-ccp-props=\"{&quot;134233117&quot;:true,&quot;134233118&quot;:true,&quot;201341983&quot;:0,&quot;335559731&quot;:708,&quot;335559740&quot;:240}\">\u00a0<\/span><\/p>\n<p><span data-contrast=\"auto\">Trat<\/span><span data-contrast=\"auto\">a<\/span><span data-contrast=\"auto\"> de compartir <\/span><span data-contrast=\"auto\">su<\/span><span data-contrast=\"auto\">s lecturas para devolverle a la sociedad el apoyo que recib<\/span><span data-contrast=\"auto\">e<\/span><span data-contrast=\"auto\"> como investigador.<\/span><span data-ccp-props=\"{&quot;134233117&quot;:true,&quot;134233118&quot;:true,&quot;201341983&quot;:0,&quot;335559731&quot;:708,&quot;335559740&quot;:240}\">\u00a0<\/span><\/p>\n","protected":false},"excerpt":{"rendered":"<p>Juan Jos\u00e9 Barrientos trata de compartir sus lecturas para devolverle a la sociedad el apoyo que recibe como investigador<\/p>\n","protected":false},"author":1508,"featured_media":70666,"comment_status":"closed","ping_status":"closed","sticky":false,"template":"","format":"standard","meta":{"footnotes":""},"categories":[11],"tags":[],"class_list":["post-69555","post","type-post","status-publish","format-standard","has-post-thumbnail","hentry","category-cultura"],"_links":{"self":[{"href":"https:\/\/www.uv.mx\/prensa\/wp-json\/wp\/v2\/posts\/69555","targetHints":{"allow":["GET"]}}],"collection":[{"href":"https:\/\/www.uv.mx\/prensa\/wp-json\/wp\/v2\/posts"}],"about":[{"href":"https:\/\/www.uv.mx\/prensa\/wp-json\/wp\/v2\/types\/post"}],"author":[{"embeddable":true,"href":"https:\/\/www.uv.mx\/prensa\/wp-json\/wp\/v2\/users\/1508"}],"replies":[{"embeddable":true,"href":"https:\/\/www.uv.mx\/prensa\/wp-json\/wp\/v2\/comments?post=69555"}],"version-history":[{"count":0,"href":"https:\/\/www.uv.mx\/prensa\/wp-json\/wp\/v2\/posts\/69555\/revisions"}],"wp:featuredmedia":[{"embeddable":true,"href":"https:\/\/www.uv.mx\/prensa\/wp-json\/wp\/v2\/media\/70666"}],"wp:attachment":[{"href":"https:\/\/www.uv.mx\/prensa\/wp-json\/wp\/v2\/media?parent=69555"}],"wp:term":[{"taxonomy":"category","embeddable":true,"href":"https:\/\/www.uv.mx\/prensa\/wp-json\/wp\/v2\/categories?post=69555"},{"taxonomy":"post_tag","embeddable":true,"href":"https:\/\/www.uv.mx\/prensa\/wp-json\/wp\/v2\/tags?post=69555"}],"curies":[{"name":"wp","href":"https:\/\/api.w.org\/{rel}","templated":true}]}}