{"id":69498,"date":"2019-06-12T08:00:43","date_gmt":"2019-06-12T13:00:43","guid":{"rendered":"https:\/\/www.uv.mx\/prensa\/?p=69498"},"modified":"2019-06-11T19:19:53","modified_gmt":"2019-06-12T00:19:53","slug":"uv-aportara-propuestas-al-nuevo-marco-de-referencia-del-pnpc","status":"publish","type":"post","link":"https:\/\/www.uv.mx\/prensa\/general\/uv-aportara-propuestas-al-nuevo-marco-de-referencia-del-pnpc\/","title":{"rendered":"UV aportar\u00e1 propuestas al nuevo marco de referencia del PNPC"},"content":{"rendered":"<ul>\n<li data-leveltext=\"\uf0b7\" data-font=\"Symbol\" data-listid=\"2\" data-aria-posinset=\"1\" data-aria-level=\"1\"><i><span data-contrast=\"auto\">A petici\u00f3n expresa <\/span><\/i><i><span data-contrast=\"auto\">del <\/span><\/i><span data-contrast=\"auto\">Conacyt<\/span><i><span data-contrast=\"auto\">, <\/span><\/i><i><span data-contrast=\"auto\">tres coordinadores de <\/span><\/i><i><span data-contrast=\"auto\">posgrado<\/span><\/i> <i><span data-contrast=\"auto\">acudir\u00e1n al <\/span><\/i><i><span data-contrast=\"auto\">P<\/span><\/i><i><span data-contrast=\"auto\">rimer <\/span><\/i><i><span data-contrast=\"auto\">F<\/span><\/i><i><span data-contrast=\"auto\">oro <\/span><\/i><i><span data-contrast=\"auto\">N<\/span><\/i><i><span data-contrast=\"auto\">acional <\/span><\/i><i><span data-contrast=\"auto\">C<\/span><\/i><i><span data-contrast=\"auto\">onsultivo<\/span><\/i><span data-ccp-props=\"{&quot;201341983&quot;:0,&quot;335559739&quot;:0,&quot;335559740&quot;:240}\">\u00a0<\/span><\/li>\n<\/ul>\n<p>&nbsp;<\/p>\n<div id=\"attachment_69416\" style=\"width: 732px\" class=\"wp-caption aligncenter\"><a href=\"https:\/\/www.uv.mx\/prensa\/files\/2019\/06\/100619-Foro-universitario-PNPC-1.jpg\"><img loading=\"lazy\" decoding=\"async\" aria-describedby=\"caption-attachment-69416\" class=\"size-full wp-image-69416\" src=\"https:\/\/www.uv.mx\/prensa\/files\/2019\/06\/100619-Foro-universitario-PNPC-1.jpg\" alt=\"\" width=\"722\" height=\"482\" srcset=\"https:\/\/www.uv.mx\/prensa\/files\/2019\/06\/100619-Foro-universitario-PNPC-1.jpg 722w, https:\/\/www.uv.mx\/prensa\/files\/2019\/06\/100619-Foro-universitario-PNPC-1-300x200.jpg 300w\" sizes=\"auto, (max-width: 722px) 100vw, 722px\" \/><\/a><p id=\"caption-attachment-69416\" class=\"wp-caption-text\">Laura Teresa Hern\u00e1ndez, Jos\u00e9 Rigoberto Gabriel y Antonio Andrade<\/p><\/div>\n<p>&nbsp;<\/p>\n<p><b><i><span data-contrast=\"auto\">Jos\u00e9 Luis <\/span><\/i><\/b><b><i><span data-contrast=\"auto\">Couttolenc<\/span><\/i><\/b><b><i><span data-contrast=\"auto\"> Soto<\/span><\/i><\/b><span data-ccp-props=\"{&quot;201341983&quot;:0,&quot;335559739&quot;:0,&quot;335559740&quot;:240}\">\u00a0<\/span><\/p>\n<p><b><i><span data-contrast=\"auto\">12\/06\/19, Xalapa, Ver.-<\/span><\/i><\/b><span data-contrast=\"auto\"> El Consejo Nacional de Ciencia y Tecnolog\u00eda (<\/span><i><span data-contrast=\"auto\">Conacyt<\/span><\/i><span data-contrast=\"auto\">) <\/span><span data-contrast=\"auto\">convoc\u00f3 <\/span><span data-contrast=\"auto\">a la Universidad Veracruzana (UV) a participar en el Primer Foro Nacional Consultivo para el dise\u00f1o del nuevo marco de referencia del Programa Nacional de Posgrados de Calidad (PNPC), que tendr\u00e1 lugar los d\u00edas 17 y 18 de junio en la Ciudad de M\u00e9xico.<\/span><span data-ccp-props=\"{&quot;201341983&quot;:0,&quot;335559739&quot;:0,&quot;335559740&quot;:240}\">\u00a0<\/span><\/p>\n<p><span data-contrast=\"auto\">Lo anterior, por ser una de las instituciones de educaci\u00f3n superior <\/span><span data-contrast=\"auto\">que <\/span><span data-contrast=\"auto\">m\u00e1s <\/span><span data-contrast=\"auto\">opciones <\/span><span data-contrast=\"auto\">de posgrado <\/span><span data-contrast=\"auto\">tiene <\/span><span data-contrast=\"auto\">en el pa\u00eds, <\/span><span data-contrast=\"auto\">con un total de <\/span><span data-contrast=\"auto\">81<\/span><span data-contrast=\"auto\"> programas<\/span><span data-contrast=\"auto\">.<\/span><span data-ccp-props=\"{&quot;201341983&quot;:0,&quot;335559731&quot;:708,&quot;335559739&quot;:0,&quot;335559740&quot;:240}\">\u00a0<\/span><\/p>\n<p><span data-contrast=\"auto\">Al foro denominado \u201cReflexiones en torno al compromiso social y la pertinencia cient\u00edfica de los posgrados\u201d<\/span><span data-contrast=\"auto\">,<\/span><span data-contrast=\"auto\"> acudir\u00e1n<\/span> <span data-contrast=\"auto\">Laura Teresa Hern\u00e1ndez, Antonio Andrade Torres<\/span><span data-contrast=\"auto\"> y<\/span><span data-contrast=\"auto\"> Martha Elena Mungu\u00eda <\/span><span data-contrast=\"auto\">Zatara\u00edn<\/span><span data-contrast=\"auto\">, <\/span><span data-contrast=\"auto\">coordinadores<\/span> <span data-contrast=\"auto\">del Doctor<\/span><span data-contrast=\"auto\">ado y Maestr\u00eda en <\/span><span data-contrast=\"auto\">Neuroetolog\u00eda<\/span><span data-contrast=\"auto\">,<\/span><span data-contrast=\"auto\"> del Doctorado y Maestr\u00eda en Ciencias en Ecolog\u00eda y Biotecnolog\u00eda y<\/span> <span data-contrast=\"auto\">de la Maestr\u00eda en Literatura Mexicana, <\/span><span data-contrast=\"auto\">respectivamente, <\/span><span data-contrast=\"auto\">quienes presentar\u00e1n<\/span><span data-contrast=\"auto\"> la propuesta<\/span><span data-contrast=\"auto\"> que emane<\/span><span data-contrast=\"auto\"> de esta casa de estudios.<\/span><span data-ccp-props=\"{&quot;201341983&quot;:0,&quot;335559731&quot;:708,&quot;335559739&quot;:0,&quot;335559740&quot;:240}\">\u00a0<\/span><\/p>\n<p><span data-contrast=\"auto\">Para elaborar el documento correspondiente<\/span><span data-contrast=\"auto\"> y en atenci\u00f3n a la solicitud del director de posgrado de <\/span><i><span data-contrast=\"auto\">Conacyt<\/span><\/i><span data-contrast=\"auto\">, Luis Ponce Ram\u00edrez, <\/span><span data-contrast=\"auto\">el lunes 10 de junio en el auditorio de la <\/span><span data-contrast=\"auto\">D<\/span><span data-contrast=\"auto\">irecci\u00f3n <\/span><span data-contrast=\"auto\">G<\/span><span data-contrast=\"auto\">eneral de Investigaciones,<\/span><span data-contrast=\"auto\"> los coordinad<\/span><span data-contrast=\"auto\">ores de los estudios de posgrado que imparte la UV, encabezados por el director general Jos\u00e9 Rigoberto Gabriel Arg\u00fcelles, analizaron y discutieron<\/span><span data-contrast=\"auto\"> en un foro<\/span><span data-contrast=\"auto\"> el nuevo manual de procedimientos que propone el PNPC.<\/span><span data-ccp-props=\"{&quot;201341983&quot;:0,&quot;335559739&quot;:0,&quot;335559740&quot;:240}\">\u00a0<\/span><\/p>\n<p><span data-contrast=\"auto\">En el nuevo marco de referencia se contemplan los cap\u00edtulos: Programa Nacional de Posgrados de Calidad (PNPC);<\/span> <span data-contrast=\"auto\">La pertinenc<\/span><span data-contrast=\"auto\">ia del PNPC; El modelo del PNPC,<\/span><span data-contrast=\"auto\"> y Contenido de las solicitudes de los programas que aspiran a ingresar al PNPC<\/span><span data-contrast=\"auto\">.\u00a0<\/span><span data-ccp-props=\"{&quot;201341983&quot;:0,&quot;335559739&quot;:0,&quot;335559740&quot;:240}\">\u00a0<\/span><\/p>\n<p><span data-contrast=\"auto\">El foro nacional consultivo tendr\u00e1 lugar en las instalaciones del <\/span><i><span data-contrast=\"auto\">Conacyt<\/span><\/i><span data-contrast=\"auto\"> en la Ciudad de M\u00e9xico.<\/span><span data-ccp-props=\"{&quot;201341983&quot;:0,&quot;335559739&quot;:0,&quot;335559740&quot;:240}\">\u00a0<\/span><\/p>\n<p>&nbsp;<\/p>\n<div id=\"attachment_69414\" style=\"width: 732px\" class=\"wp-caption aligncenter\"><a href=\"https:\/\/www.uv.mx\/prensa\/files\/2019\/06\/100619-Foro-universitario-PNPC-2.jpg\"><img loading=\"lazy\" decoding=\"async\" aria-describedby=\"caption-attachment-69414\" class=\"size-full wp-image-69414\" src=\"https:\/\/www.uv.mx\/prensa\/files\/2019\/06\/100619-Foro-universitario-PNPC-2.jpg\" alt=\"\" width=\"722\" height=\"482\" srcset=\"https:\/\/www.uv.mx\/prensa\/files\/2019\/06\/100619-Foro-universitario-PNPC-2.jpg 722w, https:\/\/www.uv.mx\/prensa\/files\/2019\/06\/100619-Foro-universitario-PNPC-2-300x200.jpg 300w\" sizes=\"auto, (max-width: 722px) 100vw, 722px\" \/><\/a><p id=\"caption-attachment-69414\" class=\"wp-caption-text\">Coordinadores de estudios de posgrado de la UV analizaron y discutieron el nuevo manual de procedimientos que propone el PNPC<\/p><\/div>\n","protected":false},"excerpt":{"rendered":"<p>Esta casa de estudios es una de las instituciones de educaci\u00f3n superior que m\u00e1s opciones de posgrado tiene en el pa\u00eds, con 81 programas<\/p>\n","protected":false},"author":1508,"featured_media":69416,"comment_status":"closed","ping_status":"closed","sticky":false,"template":"","format":"standard","meta":{"footnotes":""},"categories":[1],"tags":[],"class_list":["post-69498","post","type-post","status-publish","format-standard","has-post-thumbnail","hentry","category-general"],"_links":{"self":[{"href":"https:\/\/www.uv.mx\/prensa\/wp-json\/wp\/v2\/posts\/69498","targetHints":{"allow":["GET"]}}],"collection":[{"href":"https:\/\/www.uv.mx\/prensa\/wp-json\/wp\/v2\/posts"}],"about":[{"href":"https:\/\/www.uv.mx\/prensa\/wp-json\/wp\/v2\/types\/post"}],"author":[{"embeddable":true,"href":"https:\/\/www.uv.mx\/prensa\/wp-json\/wp\/v2\/users\/1508"}],"replies":[{"embeddable":true,"href":"https:\/\/www.uv.mx\/prensa\/wp-json\/wp\/v2\/comments?post=69498"}],"version-history":[{"count":0,"href":"https:\/\/www.uv.mx\/prensa\/wp-json\/wp\/v2\/posts\/69498\/revisions"}],"wp:featuredmedia":[{"embeddable":true,"href":"https:\/\/www.uv.mx\/prensa\/wp-json\/wp\/v2\/media\/69416"}],"wp:attachment":[{"href":"https:\/\/www.uv.mx\/prensa\/wp-json\/wp\/v2\/media?parent=69498"}],"wp:term":[{"taxonomy":"category","embeddable":true,"href":"https:\/\/www.uv.mx\/prensa\/wp-json\/wp\/v2\/categories?post=69498"},{"taxonomy":"post_tag","embeddable":true,"href":"https:\/\/www.uv.mx\/prensa\/wp-json\/wp\/v2\/tags?post=69498"}],"curies":[{"name":"wp","href":"https:\/\/api.w.org\/{rel}","templated":true}]}}