{"id":69452,"date":"2019-06-11T10:20:23","date_gmt":"2019-06-11T15:20:23","guid":{"rendered":"https:\/\/www.uv.mx\/prensa\/?p=69452"},"modified":"2026-06-04T12:39:52","modified_gmt":"2026-06-04T18:39:52","slug":"soy-una-persona-que-inventa-historias-alberto-chimal","status":"publish","type":"post","link":"https:\/\/www.uv.mx\/prensa\/banner\/soy-una-persona-que-inventa-historias-alberto-chimal\/","title":{"rendered":"Soy una persona que inventa historias: Alberto Chimal"},"content":{"rendered":"<ul>\n<li data-leveltext=\"\uf0b7\" data-font=\"Symbol\" data-listid=\"3\" data-aria-posinset=\"1\" data-aria-level=\"1\"><i><span data-contrast=\"auto\">\u201c<\/span><\/i><i><span data-contrast=\"auto\">E<\/span><\/i><i><span data-contrast=\"auto\">n ciertas ocasiones de su vida <\/span><\/i><i><span data-contrast=\"auto\">u<\/span><\/i><i><span data-contrast=\"auto\">no deber\u00eda<\/span><\/i> <i><span data-contrast=\"auto\">tratar de ir m\u00e1s all\u00e1 de aquello que <\/span><\/i><i><span data-contrast=\"auto\">nos<\/span><\/i><i><span data-contrast=\"auto\"> sale bien<\/span><\/i><i><span data-contrast=\"auto\">, salirse de <\/span><\/i><i><span data-contrast=\"auto\">su<\/span><\/i><i><span data-contrast=\"auto\"> zona de confort\u201d<\/span><\/i><span data-ccp-props=\"{&quot;134233279&quot;:true}\">\u00a0<\/span><\/li>\n<\/ul>\n<p>&nbsp;<\/p>\n<div id=\"attachment_69404\" style=\"width: 732px\" class=\"wp-caption aligncenter\"><a href=\"https:\/\/www.uv.mx\/prensa\/files\/2019\/06\/070619-PAOLA-Alberto-Chimal.jpg\"><img loading=\"lazy\" decoding=\"async\" aria-describedby=\"caption-attachment-69404\" class=\"size-full wp-image-69404\" src=\"https:\/\/www.uv.mx\/prensa\/files\/2019\/06\/070619-PAOLA-Alberto-Chimal.jpg\" alt=\"El escritor dijo que moverse en diferentes g\u00e9neros sirve para aprender cosas y \u201cagregar nuevos colores a la paleta\u201d \" width=\"722\" height=\"481\" srcset=\"https:\/\/www.uv.mx\/prensa\/files\/2019\/06\/070619-PAOLA-Alberto-Chimal.jpg 722w, https:\/\/www.uv.mx\/prensa\/files\/2019\/06\/070619-PAOLA-Alberto-Chimal-300x200.jpg 300w\" sizes=\"auto, (max-width: 722px) 100vw, 722px\" \/><\/a><p id=\"caption-attachment-69404\" class=\"wp-caption-text\">El escritor dijo que moverse en diferentes g\u00e9neros sirve para aprender cosas y \u201cagregar nuevos colores a la paleta\u201d<\/p><\/div>\n<p>&nbsp;<\/p>\n<p><b><i><span data-contrast=\"auto\">Paola Cort\u00e9s P\u00e9rez<\/span><\/i><\/b><span data-ccp-props=\"{}\">\u00a0<\/span><\/p>\n<p><b><i><span data-contrast=\"auto\">1<\/span><\/i><\/b><b><i><span data-contrast=\"auto\">1\/06\/19, Xalapa, Ver.-<\/span><\/i><\/b><span data-contrast=\"auto\"> El escritor Alberto Chimal visit\u00f3 la ciudad de Xalapa para presentar su libro <\/span><i><span data-contrast=\"auto\">La distante<\/span><\/i><span data-contrast=\"auto\">, dentro de la Feria Internacional del Libro Universitario (FILU) 2019 de la Universidad Veracruzana (UV), ocasi\u00f3n en la que platic\u00f3 con <\/span><i><span data-contrast=\"auto\">Universo<\/span><\/i><span data-contrast=\"auto\"> acerca de su proceso creativo y de las posibilidades que ofrecen las redes sociales.<\/span><span data-ccp-props=\"{}\">\u00a0<\/span><\/p>\n<p><span data-contrast=\"auto\">Alberto Chimal es originario de<\/span><span data-contrast=\"auto\"> la ciudad de Toluca, E<\/span><span data-contrast=\"auto\">stado de M\u00e9xico; es <\/span><span data-contrast=\"auto\">narrador, dramaturgo, ensayista y <\/span><span data-contrast=\"auto\">minificcionista<\/span><span data-contrast=\"auto\">;<\/span><span data-contrast=\"auto\"> es considerado por los cr\u00edticos literarios como uno de los mejores narradores hispanoamericanos.<\/span><span data-ccp-props=\"{&quot;335559731&quot;:708}\">\u00a0<\/span><\/p>\n<p><span data-contrast=\"auto\">Parte de su obra ha sido traducida al ingl\u00e9s, franc\u00e9s, h\u00fangaro y esperanto<\/span><span data-contrast=\"auto\">.<\/span><span data-ccp-props=\"{&quot;335559731&quot;:708}\">\u00a0<\/span><\/p>\n<p>&nbsp;<\/p>\n<p><b><i><span data-contrast=\"auto\">Lo<\/span><\/i><\/b><b><i><span data-contrast=\"auto\">s<\/span><\/i><\/b><b><i><span data-contrast=\"auto\"> cr\u00edticos literarios <\/span><\/i><\/b><b><i><span data-contrast=\"auto\">lo <\/span><\/i><\/b><b><i><span data-contrast=\"auto\">describen como uno de los mejores narradores de la <\/span><\/i><\/b><b><i><span data-contrast=\"auto\">l<\/span><\/i><\/b><b><i><span data-contrast=\"auto\">iteratura <\/span><\/i><\/b><b><i><span data-contrast=\"auto\">h<\/span><\/i><\/b><b><i><span data-contrast=\"auto\">ispanoamericana, \u00bf<\/span><\/i><\/b><b><i><span data-contrast=\"auto\">usted <\/span><\/i><\/b><b><i><span data-contrast=\"auto\">c\u00f3mo <\/span><\/i><\/b><b><i><span data-contrast=\"auto\">se describe<\/span><\/i><\/b><b><i><span data-contrast=\"auto\">?<\/span><\/i><\/b><span data-ccp-props=\"{}\"><br \/>\n<\/span><span data-contrast=\"auto\">Me percibo como una persona que inventa historias, como un ser humano; es dif\u00edcil tratar de aquilatar la percepci\u00f3n de mi propio trabajo y no tiene caso tratar de hacerlo porque finalmente uno no lo vivir\u00e1 como la persona que lo lee.<\/span> <span data-contrast=\"auto\">Me da gusto poder contar con lectores, con el reconocimiento que he tenido, pero eso s\u00f3lo es un est\u00edmulo para seguir escribiendo.<\/span><span data-ccp-props=\"{}\">\u00a0<\/span><\/p>\n<p><span data-contrast=\"auto\">Trato de no pensar en que me ven como uno de los mejores narradores, de hacerlo me pondr\u00eda una presi\u00f3n que no me conviene tener, porque cuando se habla de los mejores narradores de tal o cual categor\u00eda se piensa que tiene que formar parte de una especie de grupo homog\u00e9neo o de una especie de obra <\/span><span data-contrast=\"auto\">homog\u00e9nea.<\/span><span data-ccp-props=\"{&quot;335559731&quot;:708}\">\u00a0<\/span><\/p>\n<p><span data-contrast=\"auto\">Estoy seguro <\/span><span data-contrast=\"auto\">de <\/span><span data-contrast=\"auto\">que mi trabajo tiene caracter\u00edsticas que permiten reconocerlo porque viene de mis intereses, de mi temperamento, pero probablemente soy la persona menos indicada para juzgar qu\u00e9 es lo que vuelve a un texto irreconociblemente m\u00edo, porque s\u00e9 c\u00f3mo los hago pero no s\u00e9 c\u00f3mo los leen y no puedo saberlo.<\/span><span data-ccp-props=\"{&quot;335559731&quot;:708}\">\u00a0<\/span><\/p>\n<p><span data-contrast=\"auto\">Lo que trato es de seguir haciendo esta b\u00fasqueda o trabajo a partir de lo que me rodea, porque el tratar de parecerme a lo que otras personas piensan de m\u00ed ser\u00eda contraproducente, har\u00eda que el texto se volviera una imitaci\u00f3n de algo que no soy yo.<\/span><span data-ccp-props=\"{&quot;335559731&quot;:708}\">\u00a0<\/span><\/p>\n<p>&nbsp;<\/p>\n<p><span data-ccp-props=\"{}\">\u00a0<\/span><b><i><span data-contrast=\"auto\">Ha escrito novela y cuento. \u00bfUn escritor debe dedicarse a un solo g\u00e9nero literario o tener libertad de ir y venir entre <\/span><\/i><\/b><b><i><span data-contrast=\"auto\">varios<\/span><\/i><\/b><b><i><span data-contrast=\"auto\">?<\/span><\/i><\/b><span data-ccp-props=\"{}\"><br \/>\n<\/span><span data-contrast=\"auto\">Creo que para cada escritor es distinto, cada uno sabr\u00e1 hasta donde quiere expandirse o concentrarse en un solo g\u00e9nero, creo que por aprendizaje \u2013y por honestidad con uno mismo\u2013 uno deber\u00eda al menos en ciertas ocasiones de su vida ir m\u00e1s all\u00e1 de aquello que le sale bien, salirse de su zona de confort, pero cada quien debe decir qu<\/span><span data-contrast=\"auto\">\u00e9 tanto y qu\u00e9<\/span><span data-contrast=\"auto\"> tan frecuentemente.<\/span><span data-ccp-props=\"{}\">\u00a0<\/span><\/p>\n<p><span data-contrast=\"auto\">Moverse entre un g\u00e9nero y otro puede servir para aprender cosas, para agregar nuevos colores a la paleta, pinceladas, t\u00e9cnicas diferentes. En mi caso, me interesa buscar algo nuevo en los trabajos que hago, me gusta retarme, contar historias por un medio que no he usado<\/span><span data-contrast=\"auto\">. S<\/span><span data-contrast=\"auto\">\u00e9 que hay cosas constantes, tengo h\u00e1bitos; por ejemplo, me gusta relacionar los diferentes libros que tengo, incluso si son de g\u00e9neros distintos, a m\u00ed me viene naturalmente porque creo que mi imaginaci\u00f3n \u2013y la de cualquiera\u2013 puede desenvolverse de muchas maneras y g\u00e9neros diferentes, no hay nada de malo que as\u00ed ocurra.<\/span><span data-ccp-props=\"{&quot;335559731&quot;:708}\">\u00a0<\/span><\/p>\n<p><span data-ccp-props=\"{}\">\u00a0<\/span><\/p>\n<p><b><i><span data-contrast=\"auto\">\u00bfEn qu\u00e9 g\u00e9nero literario<\/span><\/i><\/b> <b><i><span data-contrast=\"auto\">se siente m\u00e1s c\u00f3modo?<\/span><\/i><\/b><span data-ccp-props=\"{}\"><br \/>\n<\/span><span data-contrast=\"auto\">Me siento m\u00e1s c\u00f3modo escribiendo<\/span><span data-contrast=\"auto\"> cuento, en la narraci\u00f3n breve <\/span><span data-contrast=\"auto\">del tipo que sea; en cuanto a la forma me gusta mucho la novela y el cuento.<\/span><span data-ccp-props=\"{}\">\u00a0<\/span><\/p>\n<p><span data-contrast=\"auto\">En t\u00e9rminos tem\u00e1ticos, me interesa lo que se llama la narrativa de imaginaci\u00f3n, la narrativa fant\u00e1stica, no del tipo <\/span><i><span data-contrast=\"auto\">Harry Potter<\/span><\/i><span data-contrast=\"auto\"> o <\/span><i><span data-contrast=\"auto\">El se\u00f1or de los anillos<\/span><\/i><span data-contrast=\"auto\">, sino relatar historias en las cuales se note un l\u00edmite de aquello que entendemos como real o posible, hay toda una tradici\u00f3n de esto en Am\u00e9rica Latina<\/span><span data-contrast=\"auto\">.<\/span> <span data-contrast=\"auto\">A m\u00ed me formaron <\/span><span data-contrast=\"auto\">l<\/span><span data-contrast=\"auto\">os<\/span> <span data-contrast=\"auto\">libros<\/span><span data-contrast=\"auto\"> de Juan Jos\u00e9 Arreola, Amparo D\u00e1vila, Jorge Luis Borges <\/span><span data-contrast=\"auto\">o <\/span><span data-contrast=\"auto\">Julio Cort\u00e1zar, m\u00e1s que la fantas\u00eda en habla inglesa.<\/span><span data-ccp-props=\"{&quot;335559731&quot;:708}\">\u00a0<\/span><\/p>\n<p>&nbsp;<\/p>\n<p><b><i><span data-contrast=\"auto\">Tambi\u00e9n escribe en <\/span><\/i><\/b><b><span data-contrast=\"auto\">Twitter<\/span><\/b><b><i><span data-contrast=\"auto\">, \u00bflos escritores deben acercarse a las redes<\/span><\/i><\/b><b><i><span data-contrast=\"auto\"> sociales<\/span><\/i><\/b><b><i><span data-contrast=\"auto\">, por medio del <\/span><\/i><\/b><b><i><span data-contrast=\"auto\">microcuento<\/span><\/i><\/b> <b><i><span data-contrast=\"auto\">o <\/span><\/i><\/b><b><i><span data-contrast=\"auto\">microrrelatos<\/span><\/i><\/b><b><i><span data-contrast=\"auto\">?<\/span><\/i><\/b><span data-ccp-props=\"{}\"><br \/>\n<\/span><span data-contrast=\"auto\">No es que deban, es una elecci\u00f3n personal, vale la pena acercarse y utilizar las redes sociales como una herramienta creativa, muchas personas est\u00e1n <\/span><span data-contrast=\"auto\">en <\/span><span data-contrast=\"auto\">las redes sociales.<\/span><span data-ccp-props=\"{}\">\u00a0<\/span><\/p>\n<p><span data-contrast=\"auto\">En a\u00f1os recientes estos medios se han vuelto t\u00f3xicos, un campo donde proliferan ideas extremistas e intolerantes que por desgracia han enturbiado las otras posibilidades que pueden tener estos medios, y estos microcuentos o microrrelatos pretenden sacarle la vuelta a esta situaci\u00f3n.<\/span><span data-ccp-props=\"{&quot;335559731&quot;:708}\">\u00a0<\/span><\/p>\n<p><span data-contrast=\"auto\">Estas herramientas encierran grandes posibilidades creativas y por lo mismo debemos conocerlas, porque no se ir\u00e1n f\u00e1cilmente, el cambio que vive la especie humana con su llegada y asentamiento nos dice que no se ir\u00e1 tan f\u00e1cilmente.<\/span><\/p>\n<p><span data-ccp-props=\"{&quot;335559731&quot;:708}\">\u00a0<\/span><\/p>\n<p><span data-ccp-props=\"{}\">\u00a0<\/span><b><span data-contrast=\"auto\">Sobre el autor<\/span><\/b><span data-ccp-props=\"{}\"><br \/>\n<\/span><span data-contrast=\"auto\">Alberto Chimal realiz\u00f3 la Maestr\u00eda en Literatura Comparada en la Facultad de Filosof\u00eda y Letras de la Universidad Nacional Aut\u00f3noma de M\u00e9xico (UNAM) y el Diplomado de la Escuela de Escritores y Cinematograf\u00eda \u201cSergio Galindo\u201d, de la Sociedad General de Escritores de M\u00e9xico (<\/span><i><span data-contrast=\"auto\">Sogem<\/span><\/i><span data-contrast=\"auto\">).<\/span><span data-ccp-props=\"{}\">\u00a0<\/span><\/p>\n<p><span data-contrast=\"auto\">Ha sido profesor de la Universidad Aut\u00f3noma de Coahuila, d<\/span><span data-contrast=\"auto\">e la Escuela de Escritores del E<\/span><span data-contrast=\"auto\">stado de M\u00e9xico, de la Escuela de Escritores de<\/span> <span data-contrast=\"auto\">la <\/span><i><span data-contrast=\"auto\">Sogem<\/span><\/i><span data-contrast=\"auto\">, de la Universidad Iberoamericana y la Universidad del Claustro de Sor Juana.<\/span><span data-ccp-props=\"{&quot;335559731&quot;:708}\">\u00a0<\/span><\/p>\n","protected":false},"excerpt":{"rendered":"<p>\u201cEn ciertas ocasiones uno deber\u00eda tratar de ir m\u00e1s all\u00e1 de aquello que le sale bien, salirse de su zona de confort\u201d, se\u00f1al\u00f3 el escritor en entrevista con <em>Universo<\/em> <\/p>\n","protected":false},"author":1775,"featured_media":69453,"comment_status":"closed","ping_status":"closed","sticky":false,"template":"","format":"standard","meta":{"footnotes":""},"categories":[5128,61],"tags":[33718,5794,1537,580,1366,258,586,33720,2695,4164,33719],"class_list":["post-69452","post","type-post","status-publish","format-standard","has-post-thumbnail","hentry","category-filu","category-banner","tag-alberto-chimal","tag-dramaturgo","tag-ensayista","tag-escritor","tag-feria-internacional-del-libro-universitario","tag-filu","tag-libro","tag-minificcionista","tag-narrador","tag-paola-cortes-perez","tag-proceso-creativo"],"_links":{"self":[{"href":"https:\/\/www.uv.mx\/prensa\/wp-json\/wp\/v2\/posts\/69452","targetHints":{"allow":["GET"]}}],"collection":[{"href":"https:\/\/www.uv.mx\/prensa\/wp-json\/wp\/v2\/posts"}],"about":[{"href":"https:\/\/www.uv.mx\/prensa\/wp-json\/wp\/v2\/types\/post"}],"author":[{"embeddable":true,"href":"https:\/\/www.uv.mx\/prensa\/wp-json\/wp\/v2\/users\/1775"}],"replies":[{"embeddable":true,"href":"https:\/\/www.uv.mx\/prensa\/wp-json\/wp\/v2\/comments?post=69452"}],"version-history":[{"count":1,"href":"https:\/\/www.uv.mx\/prensa\/wp-json\/wp\/v2\/posts\/69452\/revisions"}],"predecessor-version":[{"id":104725,"href":"https:\/\/www.uv.mx\/prensa\/wp-json\/wp\/v2\/posts\/69452\/revisions\/104725"}],"wp:featuredmedia":[{"embeddable":true,"href":"https:\/\/www.uv.mx\/prensa\/wp-json\/wp\/v2\/media\/69453"}],"wp:attachment":[{"href":"https:\/\/www.uv.mx\/prensa\/wp-json\/wp\/v2\/media?parent=69452"}],"wp:term":[{"taxonomy":"category","embeddable":true,"href":"https:\/\/www.uv.mx\/prensa\/wp-json\/wp\/v2\/categories?post=69452"},{"taxonomy":"post_tag","embeddable":true,"href":"https:\/\/www.uv.mx\/prensa\/wp-json\/wp\/v2\/tags?post=69452"}],"curies":[{"name":"wp","href":"https:\/\/api.w.org\/{rel}","templated":true}]}}