{"id":69329,"date":"2019-06-08T08:00:58","date_gmt":"2019-06-08T13:00:58","guid":{"rendered":"https:\/\/www.uv.mx\/prensa\/?p=69329"},"modified":"2019-06-07T20:02:31","modified_gmt":"2019-06-08T01:02:31","slug":"estudiantes-de-antropologia-realizaron-foro-de-vinculacion-difusion-y-extension","status":"publish","type":"post","link":"https:\/\/www.uv.mx\/prensa\/banner\/estudiantes-de-antropologia-realizaron-foro-de-vinculacion-difusion-y-extension\/","title":{"rendered":"Estudiantes de Antropolog\u00eda realizaron Foro de Vinculaci\u00f3n, Difusi\u00f3n y Extensi\u00f3n"},"content":{"rendered":"<ul>\n<li data-leveltext=\"\uf0b7\" data-font=\"Symbol\" data-listid=\"2\" data-aria-posinset=\"1\" data-aria-level=\"1\"><i><span data-contrast=\"auto\">Alumnos de <\/span><\/i><i><span data-contrast=\"auto\">Arqueolog\u00eda, <\/span><\/i><i><span data-contrast=\"auto\">Antropolog<\/span><\/i><i><span data-contrast=\"auto\">\u00eda Social<\/span><\/i><i><span data-contrast=\"auto\">, Hist\u00f3rica y Ling\u00fc\u00edstica<\/span><\/i><i><span data-contrast=\"auto\">,<\/span><\/i><i><span data-contrast=\"auto\"> ex<\/span><\/i><i><span data-contrast=\"auto\">pusieron proyectos para promover<\/span><\/i><i><span data-contrast=\"auto\"> sus<\/span><\/i><i><span data-contrast=\"auto\"> disciplinas<\/span><\/i><span data-ccp-props=\"{&quot;134233279&quot;:true,&quot;201341983&quot;:0,&quot;335559739&quot;:160,&quot;335559740&quot;:240}\">\u00a0<\/span><\/li>\n<li data-leveltext=\"\uf0b7\" data-font=\"Symbol\" data-listid=\"2\" data-aria-posinset=\"2\" data-aria-level=\"1\"><i><span data-contrast=\"auto\">Resultado de las EE Vinculaci\u00f3n a la <\/span><\/i><i><span data-contrast=\"auto\">C<\/span><\/i><i><span data-contrast=\"auto\">omunidad<\/span><\/i><i><span data-contrast=\"auto\">,<\/span><\/i><i><span data-contrast=\"auto\"> y Difusi\u00f3n y Extensi\u00f3n<\/span><\/i><span data-ccp-props=\"{&quot;134233279&quot;:true,&quot;201341983&quot;:0,&quot;335559739&quot;:160,&quot;335559740&quot;:240}\">\u00a0<\/span><\/li>\n<\/ul>\n<p>&nbsp;<\/p>\n<div id=\"attachment_69253\" style=\"width: 732px\" class=\"wp-caption aligncenter\"><a href=\"https:\/\/www.uv.mx\/prensa\/files\/2019\/06\/060619-PROYECTOS-ANTROPOLOGIA-1.jpg\"><img loading=\"lazy\" decoding=\"async\" aria-describedby=\"caption-attachment-69253\" class=\"size-full wp-image-69253\" src=\"https:\/\/www.uv.mx\/prensa\/files\/2019\/06\/060619-PROYECTOS-ANTROPOLOGIA-1.jpg\" alt=\"\" width=\"722\" height=\"481\" srcset=\"https:\/\/www.uv.mx\/prensa\/files\/2019\/06\/060619-PROYECTOS-ANTROPOLOGIA-1.jpg 722w, https:\/\/www.uv.mx\/prensa\/files\/2019\/06\/060619-PROYECTOS-ANTROPOLOGIA-1-300x200.jpg 300w\" sizes=\"auto, (max-width: 722px) 100vw, 722px\" \/><\/a><p id=\"caption-attachment-69253\" class=\"wp-caption-text\">Alumnos de la Facultad de Antropolog\u00eda participaron en el Foro de Vinculaci\u00f3n, Difusi\u00f3n y Extensi\u00f3n<\/p><\/div>\n<p>&nbsp;<\/p>\n<p><b><i><span data-contrast=\"auto\">Claudia Peralta V\u00e1zquez<\/span><\/i><\/b><span data-ccp-props=\"{&quot;201341983&quot;:0,&quot;335559739&quot;:160,&quot;335559740&quot;:240}\">\u00a0<\/span><\/p>\n<p><b><i><span data-contrast=\"auto\">08<\/span><\/i><\/b><b><i><span data-contrast=\"auto\">\/<\/span><\/i><\/b><b><i><span data-contrast=\"auto\">06<\/span><\/i><\/b><b><i><span data-contrast=\"auto\">\/<\/span><\/i><\/b><b><i><span data-contrast=\"auto\">19, Xalapa, Ver.- <\/span><\/i><\/b><span data-contrast=\"auto\">Como cada semestre, alumnos de la<\/span> <span data-contrast=\"auto\">Facultad de Antropolog\u00eda<\/span><span data-contrast=\"auto\"> de la Universidad Veracruzana (UV)<\/span><span data-contrast=\"auto\"> participaron en el Foro de Vi<\/span><span data-contrast=\"auto\">nculaci\u00f3n, Difusi\u00f3n y Extensi\u00f3n<\/span><span data-contrast=\"auto\">,<\/span><span data-contrast=\"auto\"> qu<\/span><span data-contrast=\"auto\">e consisti\u00f3 en<\/span><span data-contrast=\"auto\"> la exposici\u00f3n de <\/span><span data-contrast=\"auto\">proyectos <\/span><span data-contrast=\"auto\">orientados a la <\/span><span data-contrast=\"auto\">promo<\/span><span data-contrast=\"auto\">ci\u00f3n del q<\/span><span data-contrast=\"auto\">uehacer de esta profesi\u00f3n entre<\/span><span data-contrast=\"auto\"> miembros de la comunidad <\/span><span data-contrast=\"auto\">universitaria <\/span><span data-contrast=\"auto\">y sociedad en general.<\/span><span data-ccp-props=\"{&quot;201341983&quot;:0,&quot;335559739&quot;:160,&quot;335559740&quot;:240}\">\u00a0<\/span><\/p>\n<p><span data-contrast=\"auto\">El pasado 31 de mayo, en el Sal\u00f3n Azul de <\/span><span data-contrast=\"auto\">la Unidad de <\/span><span data-contrast=\"auto\">H<\/span><span data-contrast=\"auto\">umanidades<\/span><span data-contrast=\"auto\">, tuvo lugar esta actividad <\/span><span data-contrast=\"auto\">resultado de las experiencias educativas (EE)<\/span> <span data-contrast=\"auto\">Vinculaci\u00f3n a la <\/span><span data-contrast=\"auto\">C<\/span><span data-contrast=\"auto\">omunidad<\/span><span data-contrast=\"auto\">,<\/span><span data-contrast=\"auto\"> y Difusi\u00f3n y Extensi\u00f3n, en las que intervinieron estudiantes de Antropolog\u00eda Social, Hist\u00f3rica<\/span><span data-contrast=\"auto\">,<\/span><span data-contrast=\"auto\"> Ling\u00fc\u00edstica<\/span><span data-contrast=\"auto\"> y de Arqueolog\u00eda.<\/span><span data-ccp-props=\"{&quot;201341983&quot;:0,&quot;335559731&quot;:708,&quot;335559739&quot;:160,&quot;335559740&quot;:240}\">\u00a0<\/span><\/p>\n<p><span data-contrast=\"auto\">En presencia de Mar\u00eda Antonia Aguilar P\u00e9rez, directora de la Facultad de Antropolog\u00eda, <\/span><span data-contrast=\"auto\">Ernesto Gerardo Fern\u00e1ndez Panes, coordinador de los proyectos, dio a cono<\/span><span data-contrast=\"auto\">cer que a trav\u00e9s de estas EE los j\u00f3venes <\/span><span data-contrast=\"auto\">tienen la oportunidad de <\/span><span data-contrast=\"auto\">vincularse con organizaciones civiles, gubernamentales, educativas y privadas<\/span><span data-contrast=\"auto\">, con la finalidad de <\/span><span data-contrast=\"auto\">aplicar sus conocimientos, tener un acercamiento con la sociedad <\/span><span data-contrast=\"auto\">y brindarles un<\/span><span data-contrast=\"auto\"> beneficio.<\/span><span data-ccp-props=\"{&quot;201341983&quot;:0,&quot;335559731&quot;:708,&quot;335559739&quot;:160,&quot;335559740&quot;:240}\">\u00a0<\/span><\/p>\n<p><span data-contrast=\"auto\">En algunos casos<\/span><span data-contrast=\"auto\"> el aprendizaje es de tipo did\u00e1ctico, pues interact\u00faan con alumnos de otros niveles educativos, lo cual les ayuda a reflexionar <\/span><span data-contrast=\"auto\">sobre el futuro de <\/span><span data-contrast=\"auto\">su profesi\u00f3n.<\/span><span data-ccp-props=\"{&quot;201341983&quot;:0,&quot;335559731&quot;:708,&quot;335559739&quot;:160,&quot;335559740&quot;:240}\">\u00a0<\/span><\/p>\n<p><span data-contrast=\"auto\">En esta ocasi\u00f3n, los universitarios <\/span><span data-contrast=\"auto\">plasmaron sus experiencias sobre los<\/span> <span data-contrast=\"auto\">talleres <\/span><span data-contrast=\"auto\">realizados en<\/span><span data-contrast=\"auto\"> la Casa de Cultura <\/span><span data-contrast=\"auto\">\u201c<\/span><span data-contrast=\"auto\">Alberto B\u00e1ez<\/span><span data-contrast=\"auto\">\u201d<\/span><span data-contrast=\"auto\"> de El <\/span><span data-contrast=\"auto\">Tronconal<\/span><span data-contrast=\"auto\">; en las pl\u00e1ticas sobre<\/span><span data-contrast=\"auto\"> a<\/span><span data-contrast=\"auto\">ntropolog\u00eda en el Ins<\/span><span data-contrast=\"auto\">tituto Cient\u00edf<\/span><span data-contrast=\"auto\">ico <\/span><span data-contrast=\"auto\">\u201c<\/span><span data-contrast=\"auto\">Motolin\u00eda<\/span><span data-contrast=\"auto\">\u201d<\/span><span data-contrast=\"auto\">, o la promoci\u00f3n de<\/span><span data-contrast=\"auto\"> sitios arqueol\u00f3<\/span><span data-contrast=\"auto\">gicos, como el de <\/span><span data-contrast=\"auto\">Zaachila<\/span><span data-contrast=\"auto\"> ubicado en Villa de <\/span><span data-contrast=\"auto\">Zaachila<\/span><span data-contrast=\"auto\">, Oaxaca.<\/span><span data-ccp-props=\"{&quot;201341983&quot;:0,&quot;335559731&quot;:708,&quot;335559739&quot;:160,&quot;335559740&quot;:240}\">\u00a0<\/span><\/p>\n<p><span data-contrast=\"auto\">Otros m\u00e1s se<\/span><span data-contrast=\"auto\"> enfoca<\/span><span data-contrast=\"auto\">ron<\/span><span data-contrast=\"auto\"> en charlas sobre <\/span><span data-contrast=\"auto\">a<\/span><span data-contrast=\"auto\">ntropolog\u00eda y <\/span><span data-contrast=\"auto\">a<\/span><span data-contrast=\"auto\">rqueolog\u00eda en diferentes escuelas de bachilleres de esta ciudad, como el Art\u00edculo Tercero Constitucional, turno vespertino.<\/span><span data-ccp-props=\"{&quot;201341983&quot;:0,&quot;335559731&quot;:708,&quot;335559739&quot;:160,&quot;335559740&quot;:240}\">\u00a0<\/span><\/p>\n<p><span data-contrast=\"auto\">Durante la jornada de exposici\u00f3n<\/span><span data-contrast=\"auto\">,<\/span><span data-contrast=\"auto\"> tambi\u00e9n se mostr\u00f3 un proyecto de<\/span><span data-contrast=\"auto\"> apoyo te\u00f3rico y metodol\u00f3gico en la asignatura Introducci\u00f3n a las Ciencias Sociales, en grupos de esta misma escuela de bachilleres.<\/span><span data-ccp-props=\"{&quot;201341983&quot;:0,&quot;335559731&quot;:708,&quot;335559739&quot;:160,&quot;335559740&quot;:240}\">\u00a0<\/span><\/p>\n<p><span data-contrast=\"auto\">Uno m\u00e1s, fue el de i<\/span><span data-contrast=\"auto\">mpacto sociocultural y ambiental de las pol\u00edticas alimentarias en una loc<\/span><span data-contrast=\"auto\">alidad de origen ind\u00edgena<\/span><span data-contrast=\"auto\"> del centro de Veracruz;<\/span><span data-contrast=\"auto\"> as\u00ed como charlas sobre h<\/span><span data-contrast=\"auto\">istoria y <\/span><span data-contrast=\"auto\">a<\/span><span data-contrast=\"auto\">ntropolog\u00eda a estud<\/span><span data-contrast=\"auto\">iantes de nivel medio superior.<\/span><span data-ccp-props=\"{&quot;201341983&quot;:0,&quot;335559731&quot;:708,&quot;335559739&quot;:160,&quot;335559740&quot;:240}\">\u00a0<\/span><\/p>\n<p><span data-ccp-props=\"{&quot;201341983&quot;:0,&quot;335559739&quot;:160,&quot;335559740&quot;:240}\">\u00a0<\/span><\/p>\n<div id='gallery-1' class='gallery galleryid-69329 gallery-columns-3 gallery-size-full'><dl class='gallery-item'>\n\t\t\t<dt class='gallery-icon landscape'>\n\t\t\t\t<a href='https:\/\/www.uv.mx\/prensa\/files\/2019\/06\/060619-PROYECTOS-ANTROPOLOGIA-2.jpg'><img loading=\"lazy\" decoding=\"async\" width=\"722\" height=\"481\" src=\"https:\/\/www.uv.mx\/prensa\/files\/2019\/06\/060619-PROYECTOS-ANTROPOLOGIA-2.jpg\" class=\"attachment-full size-full\" alt=\"\" aria-describedby=\"gallery-1-69255\" srcset=\"https:\/\/www.uv.mx\/prensa\/files\/2019\/06\/060619-PROYECTOS-ANTROPOLOGIA-2.jpg 722w, https:\/\/www.uv.mx\/prensa\/files\/2019\/06\/060619-PROYECTOS-ANTROPOLOGIA-2-300x200.jpg 300w\" sizes=\"auto, (max-width: 722px) 100vw, 722px\" \/><\/a>\n\t\t\t<\/dt>\n\t\t\t\t<dd class='wp-caption-text gallery-caption' id='gallery-1-69255'>\n\t\t\t\tF\u00e1tima Aguilar Rom\u00e1n realiz\u00f3 una actividad de promoci\u00f3n de la zona arqueol\u00f3gica de Zaachila\n\t\t\t\t<\/dd><\/dl><dl class='gallery-item'>\n\t\t\t<dt class='gallery-icon landscape'>\n\t\t\t\t<a href='https:\/\/www.uv.mx\/prensa\/files\/2019\/06\/060619-PROYECTOS-ANTROPOLOGIA-3.jpg'><img loading=\"lazy\" decoding=\"async\" width=\"722\" height=\"481\" src=\"https:\/\/www.uv.mx\/prensa\/files\/2019\/06\/060619-PROYECTOS-ANTROPOLOGIA-3.jpg\" class=\"attachment-full size-full\" alt=\"\" aria-describedby=\"gallery-1-69256\" srcset=\"https:\/\/www.uv.mx\/prensa\/files\/2019\/06\/060619-PROYECTOS-ANTROPOLOGIA-3.jpg 722w, https:\/\/www.uv.mx\/prensa\/files\/2019\/06\/060619-PROYECTOS-ANTROPOLOGIA-3-300x200.jpg 300w\" sizes=\"auto, (max-width: 722px) 100vw, 722px\" \/><\/a>\n\t\t\t<\/dt>\n\t\t\t\t<dd class='wp-caption-text gallery-caption' id='gallery-1-69256'>\n\t\t\t\tJoel Amaro Hern\u00e1ndez desarroll\u00f3 el proyecto \u201cHablemos de Antropolog\u00eda en el Instituto Cient\u00edfico Motolin\u00eda\u201d\n\t\t\t\t<\/dd><\/dl><dl class='gallery-item'>\n\t\t\t<dt class='gallery-icon landscape'>\n\t\t\t\t<a href='https:\/\/www.uv.mx\/prensa\/files\/2019\/06\/060619-PROYECTOS-ANTROPOLOGIA-4.jpg'><img loading=\"lazy\" decoding=\"async\" width=\"722\" height=\"481\" src=\"https:\/\/www.uv.mx\/prensa\/files\/2019\/06\/060619-PROYECTOS-ANTROPOLOGIA-4.jpg\" class=\"attachment-full size-full\" alt=\"\" aria-describedby=\"gallery-1-69258\" srcset=\"https:\/\/www.uv.mx\/prensa\/files\/2019\/06\/060619-PROYECTOS-ANTROPOLOGIA-4.jpg 722w, https:\/\/www.uv.mx\/prensa\/files\/2019\/06\/060619-PROYECTOS-ANTROPOLOGIA-4-300x200.jpg 300w\" sizes=\"auto, (max-width: 722px) 100vw, 722px\" \/><\/a>\n\t\t\t<\/dt>\n\t\t\t\t<dd class='wp-caption-text gallery-caption' id='gallery-1-69258'>\n\t\t\t\tMarco Aldair Rivera Oropeza, alumno de sexto semestre de Antropolog\u00eda Hist\u00f3rica\n\t\t\t\t<\/dd><\/dl><br style=\"clear: both\" \/>\n\t\t<\/div>\n\n<p>&nbsp;<\/p>\n<p><b><span data-contrast=\"auto\">Hablemos de a<\/span><\/b><b><span data-contrast=\"auto\">ntropolog\u00eda en el Instituto Cient\u00edfico <\/span><\/b><b><span data-contrast=\"auto\">\u201c<\/span><\/b><b><span data-contrast=\"auto\">Motolin\u00eda<\/span><\/b><b><span data-contrast=\"auto\">\u201d<\/span><\/b><span data-ccp-props=\"{&quot;201341983&quot;:0,&quot;335559739&quot;:160,&quot;335559740&quot;:240}\">\u00a0<\/span><\/p>\n<p><span data-contrast=\"auto\">Joel Amaro Hern\u00e1ndez<\/span><span data-contrast=\"auto\">, <\/span><span data-contrast=\"auto\">alumno de octavo semestre de Antropolog\u00eda H<\/span><span data-contrast=\"auto\">ist\u00f3rica, extern\u00f3 su inquietud por dar a conocer el impacto y quehacer de las <\/span><span data-contrast=\"auto\">c<\/span><span data-contrast=\"auto\">iencias <\/span><span data-contrast=\"auto\">s<\/span><span data-contrast=\"auto\">ociales y de la <\/span><span data-contrast=\"auto\">a<\/span><span data-contrast=\"auto\">ntropolog\u00eda.<\/span><span data-ccp-props=\"{&quot;201341983&quot;:0,&quot;335559739&quot;:160,&quot;335559740&quot;:240}\">\u00a0<\/span><\/p>\n<p><span data-contrast=\"auto\">\u201cJunto con mis compa\u00f1eros, en este instituto compartimos con los chavos de secundaria la importancia de la disciplina, pues muchos desconocen el <\/span><span data-contrast=\"auto\">papel que juega en la sociedad.\u201d<\/span><span data-ccp-props=\"{&quot;201341983&quot;:0,&quot;335559731&quot;:708,&quot;335559739&quot;:160,&quot;335559740&quot;:240}\">\u00a0<\/span><\/p>\n<p><span data-contrast=\"auto\">Coment<\/span><span data-contrast=\"auto\">\u00f3 que despu\u00e9s de esta actividad <\/span><span data-contrast=\"auto\">los<\/span><span data-contrast=\"auto\"> adolescentes<\/span><span data-contrast=\"auto\"> se mostraron interesados por aprender m\u00e1s del campo laboral de los antrop\u00f3logos, situaci\u00f3n que les provoc\u00f3 mucha satisfacci\u00f3n.<\/span><span data-ccp-props=\"{&quot;201341983&quot;:0,&quot;335559731&quot;:708,&quot;335559739&quot;:160,&quot;335559740&quot;:240}\">\u00a0<\/span><\/p>\n<p><span data-ccp-props=\"{&quot;201341983&quot;:0,&quot;335559739&quot;:160,&quot;335559740&quot;:240,&quot;469777462&quot;:[6270],&quot;469777927&quot;:[0],&quot;469777928&quot;:[1]}\">\u00a0<\/span><\/p>\n<p><b><span data-contrast=\"auto\">S<\/span><\/b><b><span data-contrast=\"auto\">itio arqueol\u00f3gico de <\/span><\/b><b><span data-contrast=\"auto\">Zaachila<\/span><\/b><b><span data-contrast=\"auto\">, p<\/span><\/b><b><span data-contrast=\"auto\">atrimonio cultural<\/span><\/b><span data-ccp-props=\"{&quot;201341983&quot;:0,&quot;335559739&quot;:160,&quot;335559740&quot;:240}\">\u00a0<\/span><\/p>\n<p><span data-contrast=\"auto\">Originaria de<\/span><span data-contrast=\"auto\"> esta comunidad ubicada en el e<\/span><span data-contrast=\"auto\">stado de Oaxaca<\/span><span data-contrast=\"auto\">,<\/span><span data-contrast=\"auto\"> F\u00e1tima Aguilar Ro<\/span><span data-contrast=\"auto\">m\u00e1n, alumna de Arqueolog\u00eda, decidi\u00f3 indaga<\/span><span data-contrast=\"auto\">r el significado e importancia <\/span><span data-contrast=\"auto\">que tiene para los pobladores esta zona arqueol\u00f3gica.<\/span><span data-ccp-props=\"{&quot;201341983&quot;:0,&quot;335559739&quot;:160,&quot;335559740&quot;:240}\">\u00a0<\/span><\/p>\n<p><span data-contrast=\"auto\">Para ello, se vincul\u00f3 con la administraci\u00f3n municipal y aplic\u00f3 encuestas entre los habitantes de la <\/span><span data-contrast=\"auto\">comunidad ind\u00edgena zapoteca de <\/span><span data-contrast=\"auto\">Zaachila<\/span><span data-contrast=\"auto\">.<\/span><span data-ccp-props=\"{&quot;201341983&quot;:0,&quot;335559731&quot;:708,&quot;335559739&quot;:160,&quot;335559740&quot;:240}\">\u00a0<\/span><\/p>\n<p><span data-contrast=\"auto\">De esta manera logr\u00f3 saber que todas l<\/span><span data-contrast=\"auto\">as personas, principalmente <\/span><span data-contrast=\"auto\">j\u00f3venes, est\u00e1<\/span><span data-contrast=\"auto\">n interesada<\/span><span data-contrast=\"auto\">s en conservar este sitio como patrimonio cultural, as\u00ed como sus festividades; mientras que para los adultos mayores es sin\u00f3nimo de identidad y forma parte de su historia.<\/span><span data-ccp-props=\"{&quot;201341983&quot;:0,&quot;335559731&quot;:708,&quot;335559739&quot;:160,&quot;335559740&quot;:240}\">\u00a0<\/span><\/p>\n<p><span data-ccp-props=\"{&quot;201341983&quot;:0,&quot;335559739&quot;:160,&quot;335559740&quot;:240}\">\u00a0<\/span><\/p>\n<p><b><span data-contrast=\"auto\">\u00bfHistoria para qu\u00e9?<\/span><\/b><span data-ccp-props=\"{&quot;201341983&quot;:0,&quot;335559739&quot;:160,&quot;335559740&quot;:240}\">\u00a0<\/span><\/p>\n<p><span data-contrast=\"auto\">Marco <\/span><span data-contrast=\"auto\">Aldair<\/span><span data-contrast=\"auto\"> Rivera Oropeza, alumno de sexto semestre de Antropolog\u00eda Hist\u00f3rica, coment\u00f3 que este proyecto fue aplicado en la Escuela de Bachilleres Art\u00edculo Tercero Constitucional<\/span><span data-contrast=\"auto\">, turno vespertino.<\/span><span data-ccp-props=\"{&quot;201341983&quot;:0,&quot;335559739&quot;:160,&quot;335559740&quot;:240}\">\u00a0<\/span><\/p>\n<p><span data-contrast=\"auto\">Consisti\u00f3 en hacer una serie de observaciones y participaciones dentro de las ma<\/span><span data-contrast=\"auto\">terias de Historia de M\u00e9xico II, en conjunto con las profesoras que las imparten.<\/span><span data-ccp-props=\"{&quot;201341983&quot;:0,&quot;335559731&quot;:708,&quot;335559739&quot;:160,&quot;335559740&quot;:240}\">\u00a0<\/span><\/p>\n<p><span data-contrast=\"auto\">\u201c<\/span><span data-contrast=\"auto\">El objetivo general fue buscar ciertas estrategias <\/span><span data-contrast=\"auto\">y<\/span><span data-contrast=\"auto\"> din\u00e1micas para saber c\u00f3mo el joven puede mantener un rendimiento escolar, sobre todo en<\/span><span data-contrast=\"auto\"> estas materias de orden te\u00f3rico que<\/span><span data-contrast=\"auto\"> no son f\u00e1ciles y se consideran aburridas<\/span><span data-contrast=\"auto\">.<\/span><span data-contrast=\"auto\">\u201d<\/span><span data-ccp-props=\"{&quot;201341983&quot;:0,&quot;335559731&quot;:708,&quot;335559739&quot;:160,&quot;335559740&quot;:240}\">\u00a0<\/span><\/p>\n<p><span data-contrast=\"auto\">En este sentido, durante tres meses la actividad consisti\u00f3 en emplear <\/span><span data-contrast=\"auto\">juegos de mesa para salir de ese c\u00edrculo vicioso que es la teor\u00eda b\u00e1<\/span><span data-contrast=\"auto\">sica de la h<\/span><span data-contrast=\"auto\">istoria de M\u00e9xico<\/span><span data-contrast=\"auto\">.<\/span><span data-ccp-props=\"{&quot;201341983&quot;:0,&quot;335559731&quot;:708,&quot;335559739&quot;:160,&quot;335559740&quot;:240}\">\u00a0<\/span><\/p>\n","protected":false},"excerpt":{"rendered":"<p>Expusieron proyectos orientados a la promoci\u00f3n del quehacer antropol\u00f3gico entre miembros de la comunidad universitaria y sociedad en general<\/p>\n","protected":false},"author":1508,"featured_media":69330,"comment_status":"closed","ping_status":"closed","sticky":false,"template":"","format":"standard","meta":{"footnotes":""},"categories":[61],"tags":[],"class_list":["post-69329","post","type-post","status-publish","format-standard","has-post-thumbnail","hentry","category-banner"],"_links":{"self":[{"href":"https:\/\/www.uv.mx\/prensa\/wp-json\/wp\/v2\/posts\/69329","targetHints":{"allow":["GET"]}}],"collection":[{"href":"https:\/\/www.uv.mx\/prensa\/wp-json\/wp\/v2\/posts"}],"about":[{"href":"https:\/\/www.uv.mx\/prensa\/wp-json\/wp\/v2\/types\/post"}],"author":[{"embeddable":true,"href":"https:\/\/www.uv.mx\/prensa\/wp-json\/wp\/v2\/users\/1508"}],"replies":[{"embeddable":true,"href":"https:\/\/www.uv.mx\/prensa\/wp-json\/wp\/v2\/comments?post=69329"}],"version-history":[{"count":0,"href":"https:\/\/www.uv.mx\/prensa\/wp-json\/wp\/v2\/posts\/69329\/revisions"}],"wp:featuredmedia":[{"embeddable":true,"href":"https:\/\/www.uv.mx\/prensa\/wp-json\/wp\/v2\/media\/69330"}],"wp:attachment":[{"href":"https:\/\/www.uv.mx\/prensa\/wp-json\/wp\/v2\/media?parent=69329"}],"wp:term":[{"taxonomy":"category","embeddable":true,"href":"https:\/\/www.uv.mx\/prensa\/wp-json\/wp\/v2\/categories?post=69329"},{"taxonomy":"post_tag","embeddable":true,"href":"https:\/\/www.uv.mx\/prensa\/wp-json\/wp\/v2\/tags?post=69329"}],"curies":[{"name":"wp","href":"https:\/\/api.w.org\/{rel}","templated":true}]}}