{"id":69221,"date":"2019-06-07T08:00:14","date_gmt":"2019-06-07T13:00:14","guid":{"rendered":"https:\/\/www.uv.mx\/prensa\/?p=69221"},"modified":"2019-06-07T14:51:16","modified_gmt":"2019-06-07T19:51:16","slug":"a-la-tercera-ganamos-el-oro-raul-fernandez-hernandez","status":"publish","type":"post","link":"https:\/\/www.uv.mx\/prensa\/deportes\/a-la-tercera-ganamos-el-oro-raul-fernandez-hernandez\/","title":{"rendered":"A la tercera ganamos el oro: Ra\u00fal Fern\u00e1ndez Hern\u00e1ndez"},"content":{"rendered":"<ul>\n<li data-leveltext=\"\uf0b7\" data-font=\"Symbol\" data-listid=\"1\" data-aria-posinset=\"1\" data-aria-level=\"1\"><i><span data-contrast=\"auto\">El entrenador <\/span><\/i><i><span data-contrast=\"auto\">de la Selecci\u00f3n Femenil de Futbol Asociaci\u00f3n <\/span><\/i><i><span data-contrast=\"auto\">de la UV<\/span><\/i><i><span data-contrast=\"auto\"> habl\u00f3 de<\/span><\/i><i><span data-contrast=\"auto\"> la medalla de oro conseguida <\/span><\/i><i><span data-contrast=\"auto\">en la <\/span><\/i><i><span data-contrast=\"auto\">Universiada<\/span><\/i><i><span data-contrast=\"auto\"> Yucat\u00e1n 2019<\/span><\/i><span data-ccp-props=\"{&quot;201341983&quot;:0,&quot;335559739&quot;:0,&quot;335559740&quot;:240}\">\u00a0<\/span><\/li>\n<\/ul>\n<p>&nbsp;<\/p>\n<div id=\"attachment_69165\" style=\"width: 732px\" class=\"wp-caption aligncenter\"><a href=\"https:\/\/www.uv.mx\/prensa\/files\/2019\/06\/050619-RAUL-FERNANDEZ.jpg\"><img loading=\"lazy\" decoding=\"async\" aria-describedby=\"caption-attachment-69165\" class=\"size-full wp-image-69165\" src=\"https:\/\/www.uv.mx\/prensa\/files\/2019\/06\/050619-RAUL-FERNANDEZ.jpg\" alt=\"\" width=\"722\" height=\"357\" srcset=\"https:\/\/www.uv.mx\/prensa\/files\/2019\/06\/050619-RAUL-FERNANDEZ.jpg 722w, https:\/\/www.uv.mx\/prensa\/files\/2019\/06\/050619-RAUL-FERNANDEZ-300x148.jpg 300w\" sizes=\"auto, (max-width: 722px) 100vw, 722px\" \/><\/a><p id=\"caption-attachment-69165\" class=\"wp-caption-text\">La Selecci\u00f3n Femenil de Futbol con el entrenador Ra\u00fal Fern\u00e1ndez Hern\u00e1ndez<\/p><\/div>\n<p>&nbsp;<\/p>\n<p><b><i><span data-contrast=\"auto\">Santiago Morales Ortiz<\/span><\/i><\/b><span data-ccp-props=\"{&quot;201341983&quot;:0,&quot;335559739&quot;:0,&quot;335559740&quot;:240}\">\u00a0<\/span><\/p>\n<p><b><i><span data-contrast=\"auto\">07\/06\/19, Xalapa, Ver.-<\/span><\/i><\/b> <span data-contrast=\"auto\">Ra\u00fal Fern\u00e1ndez Hern\u00e1ndez,<\/span> <span data-contrast=\"auto\">entrenador<\/span><span data-contrast=\"auto\"> de<\/span> <span data-contrast=\"auto\">la Selecci\u00f3n Femenil de Futbol Asociaci\u00f3n de la Universidad Veracruzana<\/span><span data-contrast=\"auto\"> (UV)<\/span><span data-contrast=\"auto\">,<\/span><span data-contrast=\"auto\"> c<\/span><span data-contrast=\"auto\">elebr\u00f3<\/span><span data-contrast=\"auto\"> la <\/span><span data-contrast=\"auto\">medalla de oro obtenida<\/span> <span data-contrast=\"auto\">por<\/span><span data-contrast=\"auto\"> las <\/span><span data-contrast=\"auto\">jugadoras <\/span><span data-contrast=\"auto\">en<\/span><span data-contrast=\"auto\"> la pasada <\/span><span data-contrast=\"auto\">Universiada<\/span><span data-contrast=\"auto\"> Nacional Yucat\u00e1n 2019.<\/span><span data-ccp-props=\"{&quot;201341983&quot;:0,&quot;335559739&quot;:0,&quot;335559740&quot;:240}\">\u00a0<\/span><\/p>\n<p><span data-contrast=\"auto\">\u201c<\/span><span data-contrast=\"auto\">La tercera fue la vencida\u201d, apunt\u00f3 el estratega, luego de se\u00f1alar que en 2017 y 2018 se quedaron a un paso, al lograr <\/span><span data-contrast=\"auto\">preseas <\/span><span data-contrast=\"auto\">de plata en las <\/span><span data-contrast=\"auto\">universiadas<\/span><span data-contrast=\"auto\"> de Nuevo Le\u00f3n y Toluca, respectivamente.<\/span><span data-ccp-props=\"{&quot;201341983&quot;:0,&quot;335559731&quot;:708,&quot;335559739&quot;:0,&quot;335559740&quot;:240}\">\u00a0<\/span><\/p>\n<p><span data-contrast=\"auto\">Ra\u00fal Fern\u00e1ndez destac\u00f3 el alto nivel que presentaron las jugadoras de <\/span><i><span data-contrast=\"auto\">Halcones<\/span><\/i><span data-contrast=\"auto\"> UV, \u201cpues supieron venir de atr\u00e1s para llegar a la final, y en el encuentro titular mostraron contundencia\u201d.<\/span><span data-ccp-props=\"{&quot;201341983&quot;:0,&quot;335559739&quot;:0,&quot;335559740&quot;:240}\">\u00a0<\/span><\/p>\n<p><span data-contrast=\"auto\">Reconoci\u00f3 que no fue f\u00e1cil, pues <\/span><span data-contrast=\"auto\">en su carrera <\/span><span data-contrast=\"auto\">por <\/span><span data-contrast=\"auto\">el <\/span><span data-contrast=\"auto\">t\u00edtulo <\/span><span data-contrast=\"auto\">abrieron<\/span><span data-contrast=\"auto\"> con empate a un gol ante la Universidad Modelo de Yucat\u00e1n, <\/span><span data-contrast=\"auto\">ganando <\/span><span data-contrast=\"auto\">el punto extra en los tiros penales.<\/span><span data-ccp-props=\"{&quot;201341983&quot;:0,&quot;335559731&quot;:708,&quot;335559739&quot;:0,&quot;335559740&quot;:240}\">\u00a0<\/span><\/p>\n<p><span data-contrast=\"auto\">En el segundo juego perdieron<\/span><span data-contrast=\"auto\"> 1-2 ante <\/span><span data-contrast=\"auto\">el <\/span><span data-contrast=\"auto\">Instituto Tecnol\u00f3gico y de Estudios Superiores de Monterrey (<\/span><span data-contrast=\"auto\">ITESM<\/span><span data-contrast=\"auto\">)<\/span><span data-contrast=\"auto\">, y en el tercero vencieron 3-0 a la Universidad Ju\u00e1rez <\/span><span data-contrast=\"auto\">del Estado <\/span><span data-contrast=\"auto\">de Durango, para calificar en segundo lugar de su grupo.<\/span><span data-ccp-props=\"{&quot;201341983&quot;:0,&quot;335559731&quot;:708,&quot;335559739&quot;:0,&quot;335559740&quot;:240}\">\u00a0<\/span><\/p>\n<p><span data-contrast=\"auto\">Ya en la ronda <\/span><span data-contrast=\"auto\">de cuartos de final, <\/span><span data-contrast=\"auto\">el equipo <\/span><span data-contrast=\"auto\">venci<\/span><span data-contrast=\"auto\">\u00f3<\/span><span data-contrast=\"auto\"> 1-0 a la <\/span><span data-contrast=\"auto\">Universidad Nacional Aut\u00f3noma de M\u00e9xico (<\/span><span data-contrast=\"auto\">UNAM<\/span><span data-contrast=\"auto\">)<\/span><span data-contrast=\"auto\">, mientras que en semifinales el triunfo fue de 2-1 sobre la Universidad An\u00e1huac de Quer\u00e9taro, para llegar a la final en la que derrotaron 3-0 al Instituto Tecnol\u00f3gico de Sonora.<\/span><span data-ccp-props=\"{&quot;201341983&quot;:0,&quot;335559731&quot;:708,&quot;335559739&quot;:0,&quot;335559740&quot;:240}\">\u00a0<\/span><\/p>\n<p><span data-contrast=\"auto\">Coment\u00f3 <\/span><span data-contrast=\"auto\">que esta fue la segunda medalla de oro conseguida a lo largo de <\/span><span data-contrast=\"auto\">sus<\/span><span data-contrast=\"auto\"> 20 a\u00f1os<\/span><span data-contrast=\"auto\"> como entrenador de la <\/span><span data-contrast=\"auto\">S<\/span><span data-contrast=\"auto\">elecci\u00f3n <\/span><span data-contrast=\"auto\">F<\/span><span data-contrast=\"auto\">emenil, pues fue en la <\/span><span data-contrast=\"auto\">Universiada<\/span><span data-contrast=\"auto\"> Veracruz 2012, que organiz\u00f3 la UV, venci<\/span><span data-contrast=\"auto\">eron<\/span><span data-contrast=\"auto\"> 2-1 a la UNAM<\/span><span data-contrast=\"auto\"> en el encuentro final<\/span><span data-contrast=\"auto\">.<\/span><span data-ccp-props=\"{&quot;201341983&quot;:0,&quot;335559731&quot;:708,&quot;335559739&quot;:0,&quot;335559740&quot;:240}\">\u00a0<\/span><\/p>\n<p><span data-contrast=\"auto\">Ra\u00fal Fern\u00e1ndez <\/span><span data-contrast=\"auto\">a<\/span><span data-contrast=\"auto\">greg\u00f3 que <\/span><span data-contrast=\"auto\">en <\/span><span data-contrast=\"auto\">total <\/span><span data-contrast=\"auto\">son<\/span><span data-contrast=\"auto\"> ocho medallas las conseguidas <\/span><span data-contrast=\"auto\">como t\u00e9cnico d<\/span><span data-contrast=\"auto\">el representativo de <\/span><i><span data-contrast=\"auto\">Halcones<\/span><\/i><span data-contrast=\"auto\"> UV<\/span><span data-contrast=\"auto\">, <\/span><span data-contrast=\"auto\">de las cuales <\/span><span data-contrast=\"auto\">dos<\/span><span data-contrast=\"auto\"> son<\/span><span data-contrast=\"auto\"> de oro<\/span><span data-contrast=\"auto\">, tres de plata y tres de bronce.\u00a0<\/span><span data-contrast=\"auto\">\u00a0<\/span><span data-ccp-props=\"{&quot;201341983&quot;:0,&quot;335559731&quot;:708,&quot;335559739&quot;:0,&quot;335559740&quot;:240}\">\u00a0<\/span><\/p>\n<p><span data-contrast=\"auto\">Finalmente, <\/span><span data-contrast=\"auto\">el entrenador <\/span><span data-contrast=\"auto\">a<\/span><span data-contrast=\"auto\">gradeci\u00f3 el apoyo de las autoridades <\/span><span data-contrast=\"auto\">universitarias <\/span><span data-contrast=\"auto\">y <\/span><span data-contrast=\"auto\">destac\u00f3 <\/span><span data-contrast=\"auto\">el esfuerzo de las jugadoras, as\u00ed como de su asistente Elsa D\u00edaz, \u201cpues al final la meda<\/span><span data-contrast=\"auto\">lla es de todos ya que<\/span><span data-contrast=\"auto\"> todos trabajamos para ello\u201d.<\/span><span data-ccp-props=\"{&quot;201341983&quot;:0,&quot;335559731&quot;:708,&quot;335559739&quot;:0,&quot;335559740&quot;:240}\">\u00a0<\/span><\/p>\n","protected":false},"excerpt":{"rendered":"<p>El entrenador de la Selecci\u00f3n Femenil de Futbol celebr\u00f3 el campeonato obtenido por las jugadoras en la Universiada Nacional Yucat\u00e1n 2019<\/p>\n","protected":false},"author":1508,"featured_media":69165,"comment_status":"closed","ping_status":"closed","sticky":false,"template":"","format":"standard","meta":{"footnotes":""},"categories":[12],"tags":[],"class_list":["post-69221","post","type-post","status-publish","format-standard","has-post-thumbnail","hentry","category-deportes"],"_links":{"self":[{"href":"https:\/\/www.uv.mx\/prensa\/wp-json\/wp\/v2\/posts\/69221","targetHints":{"allow":["GET"]}}],"collection":[{"href":"https:\/\/www.uv.mx\/prensa\/wp-json\/wp\/v2\/posts"}],"about":[{"href":"https:\/\/www.uv.mx\/prensa\/wp-json\/wp\/v2\/types\/post"}],"author":[{"embeddable":true,"href":"https:\/\/www.uv.mx\/prensa\/wp-json\/wp\/v2\/users\/1508"}],"replies":[{"embeddable":true,"href":"https:\/\/www.uv.mx\/prensa\/wp-json\/wp\/v2\/comments?post=69221"}],"version-history":[{"count":0,"href":"https:\/\/www.uv.mx\/prensa\/wp-json\/wp\/v2\/posts\/69221\/revisions"}],"wp:featuredmedia":[{"embeddable":true,"href":"https:\/\/www.uv.mx\/prensa\/wp-json\/wp\/v2\/media\/69165"}],"wp:attachment":[{"href":"https:\/\/www.uv.mx\/prensa\/wp-json\/wp\/v2\/media?parent=69221"}],"wp:term":[{"taxonomy":"category","embeddable":true,"href":"https:\/\/www.uv.mx\/prensa\/wp-json\/wp\/v2\/categories?post=69221"},{"taxonomy":"post_tag","embeddable":true,"href":"https:\/\/www.uv.mx\/prensa\/wp-json\/wp\/v2\/tags?post=69221"}],"curies":[{"name":"wp","href":"https:\/\/api.w.org\/{rel}","templated":true}]}}