{"id":69219,"date":"2019-06-07T08:00:11","date_gmt":"2019-06-07T13:00:11","guid":{"rendered":"https:\/\/www.uv.mx\/prensa\/?p=69219"},"modified":"2019-06-05T19:41:47","modified_gmt":"2019-06-06T00:41:47","slug":"evaluacion-continua-garantiza-calidad-de-los-programas-educativos-de-la-uv","status":"publish","type":"post","link":"https:\/\/www.uv.mx\/prensa\/general\/evaluacion-continua-garantiza-calidad-de-los-programas-educativos-de-la-uv\/","title":{"rendered":"Evaluaci\u00f3n continua garantiza calidad de los programas educativos de la UV"},"content":{"rendered":"<ul>\n<li data-leveltext=\"\uf0b7\" data-font=\"Symbol\" data-listid=\"2\" data-aria-posinset=\"1\" data-aria-level=\"1\"><i><span data-contrast=\"auto\">\u201c<\/span><\/i><i><span data-contrast=\"auto\">Se busca sistematizar y evidenciar <\/span><\/i><i><span data-contrast=\"auto\">los aspectos<\/span><\/i> <i><span data-contrast=\"auto\">que marcan indicadores de organismos externos<\/span><\/i><i><span data-contrast=\"auto\">\u201d<\/span><\/i><i><span data-contrast=\"auto\">:<\/span><\/i> <i><span data-contrast=\"auto\">Jos\u00e9 Raymundo Garc\u00eda Cano<\/span><\/i><span data-ccp-props=\"{&quot;201341983&quot;:0,&quot;335559739&quot;:0,&quot;335559740&quot;:240}\">\u00a0<\/span><\/li>\n<\/ul>\n<p>&nbsp;<\/p>\n<div id=\"attachment_69167\" style=\"width: 732px\" class=\"wp-caption aligncenter\"><a href=\"https:\/\/www.uv.mx\/prensa\/files\/2019\/06\/050619-Semana-de-evaluacion-2019-1.jpg\"><img loading=\"lazy\" decoding=\"async\" aria-describedby=\"caption-attachment-69167\" class=\"wp-image-69167 size-full\" src=\"https:\/\/www.uv.mx\/prensa\/files\/2019\/06\/050619-Semana-de-evaluacion-2019-1.jpg\" alt=\"\" width=\"722\" height=\"482\" srcset=\"https:\/\/www.uv.mx\/prensa\/files\/2019\/06\/050619-Semana-de-evaluacion-2019-1.jpg 722w, https:\/\/www.uv.mx\/prensa\/files\/2019\/06\/050619-Semana-de-evaluacion-2019-1-300x200.jpg 300w\" sizes=\"auto, (max-width: 722px) 100vw, 722px\" \/><\/a><p id=\"caption-attachment-69167\" class=\"wp-caption-text\">Jos\u00e9 Raymundo Garc\u00eda, Mar\u00eda Ram\u00edrez y Ferm\u00edn Isa\u00edas Cabo, en la Semana de Evaluaci\u00f3n 2019<\/p><\/div>\n<p>&nbsp;<\/p>\n<p><b><i><span data-contrast=\"auto\">Jos\u00e9 Luis <\/span><\/i><\/b><b><i><span data-contrast=\"auto\">Couttolenc<\/span><\/i><\/b><b><i><span data-contrast=\"auto\"> Soto<\/span><\/i><\/b><span data-ccp-props=\"{&quot;201341983&quot;:0,&quot;335559739&quot;:0,&quot;335559740&quot;:240}\">\u00a0<\/span><\/p>\n<p><b><i><span data-contrast=\"auto\">07<\/span><\/i><\/b><b><i><span data-contrast=\"auto\">\/0<\/span><\/i><\/b><b><i><span data-contrast=\"auto\">6<\/span><\/i><\/b><b><i><span data-contrast=\"auto\">\/19<\/span><\/i><\/b><b><i><span data-contrast=\"auto\">, Xalapa, Ver.-<\/span><\/i><\/b> <span data-contrast=\"auto\">D<\/span><span data-contrast=\"auto\">e manera constante<\/span><span data-contrast=\"auto\">,<\/span> <span data-contrast=\"auto\">l<\/span><span data-contrast=\"auto\">a Universidad Veracruzana (UV) <\/span><span data-contrast=\"auto\">lleva<\/span><span data-contrast=\"auto\"> a cabo<\/span> <span data-contrast=\"auto\">procesos de evaluaci\u00f3n de sus distintos programas educativos (PE), con la finalidad de preservar la mejora continua, as\u00ed como sistematizar y evidenciar <\/span><span data-contrast=\"auto\">las recomendaciones<\/span><span data-contrast=\"auto\"> de los organismos externos, expres\u00f3 Jos\u00e9 Raymundo Garc\u00eda Cano, <\/span><span data-contrast=\"auto\">c<\/span><span data-contrast=\"auto\">oordinador Acad\u00e9mico de Planeaci\u00f3n y Evaluaci<\/span><span data-contrast=\"auto\">\u00f3n del \u00c1rea Acad\u00e9mica Econ\u00f3mico-<\/span><span data-contrast=\"auto\">Administrativa de <\/span><span data-contrast=\"auto\">est<\/span><span data-contrast=\"auto\">a casa de estudios.<\/span><span data-ccp-props=\"{&quot;201341983&quot;:0,&quot;335559739&quot;:0,&quot;335559740&quot;:240}\">\u00a0<\/span><\/p>\n<p><span data-contrast=\"auto\">Al <\/span><span data-contrast=\"auto\">inaugurar la Semana de Ev<\/span><span data-contrast=\"auto\">aluaci\u00f3n 2019<\/span> <span data-contrast=\"auto\">el<\/span><span data-contrast=\"auto\"> mi\u00e9rcoles <\/span><span data-contrast=\"auto\">5<\/span><span data-contrast=\"auto\"> de junio <\/span><span data-contrast=\"auto\">en<\/span><span data-contrast=\"auto\"> la <\/span><span data-contrast=\"auto\">F<\/span><span data-contrast=\"auto\">acultad de Econom\u00eda<\/span><span data-contrast=\"auto\">, el acad\u00e9mico ofreci\u00f3 la pl\u00e1tica \u201cEvaluaci\u00f3n de programas educativos en la UV\u201d, en la que abord\u00f3 los procesos de evaluaci\u00f3n y acreditaci\u00f3n que desarrollan organismos externos para garantizar la calidad de los<\/span> <span data-contrast=\"auto\">PE que ofrecen las instituciones de educaci\u00f3n superior.<\/span><span data-ccp-props=\"{&quot;201341983&quot;:0,&quot;335559739&quot;:0,&quot;335559740&quot;:240}\">\u00a0<\/span><\/p>\n<p><span data-contrast=\"auto\">Explic\u00f3 que el \u00e1rea acad\u00e9mica a la que est\u00e1 adscrito contribuye a incrementar la calidad de los PE de la UV <\/span><span data-contrast=\"auto\">\u2013<\/span><span data-contrast=\"auto\">tanto a nivel licenciatura como posgrado<\/span><span data-contrast=\"auto\">\u2013<\/span><span data-contrast=\"auto\"> que cuentan con el reconocimiento del Consejo Nacional de Ciencia y Tecnolog\u00eda (<\/span><i><span data-contrast=\"auto\">Conacyt<\/span><\/i><span data-contrast=\"auto\">).<\/span><span data-ccp-props=\"{&quot;201341983&quot;:0,&quot;335559739&quot;:0,&quot;335559740&quot;:240}\">\u00a0<\/span><\/p>\n<p><span data-contrast=\"auto\">En el caso particular de los PE de licenciatura, dijo que 34 <\/span><span data-contrast=\"auto\">son <\/span><span data-contrast=\"auto\">evaluables<\/span><span data-contrast=\"auto\">,<\/span><span data-contrast=\"auto\"> de los cuales<\/span><span data-contrast=\"auto\"> 33 tienen el reconocimiento de<\/span><span data-contrast=\"auto\"> calidad por organismos externos como<\/span> <span data-contrast=\"auto\">los Comit\u00e9s Interinstitucionales para la Evaluaci\u00f3n de la Educaci\u00f3n Superior (CIEES); el Consejo de Acreditaci\u00f3n en Ciencias Administrativas, Contables y Afines (<\/span><i><span data-contrast=\"auto\">C<\/span><\/i><i><span data-contrast=\"auto\">aceca<\/span><\/i><span data-contrast=\"auto\">)<\/span><span data-contrast=\"auto\">,<\/span><span data-contrast=\"auto\"> y el Consejo Nacional de Acreditaci\u00f3n de las Ciencias Econ\u00f3micas (<\/span><i><span data-contrast=\"auto\">Conace<\/span><\/i><span data-contrast=\"auto\">), <\/span><span data-contrast=\"auto\">todos ellos<\/span><span data-contrast=\"auto\"> adscritos al Consejo para la Acreditaci\u00f3n de la Educaci\u00f3n Superior (<\/span><i><span data-contrast=\"auto\">Copaes<\/span><\/i><span data-contrast=\"auto\">).<\/span><span data-ccp-props=\"{&quot;201341983&quot;:0,&quot;335559739&quot;:0,&quot;335559740&quot;:240}\">\u00a0<\/span><\/p>\n<p><span data-contrast=\"auto\">Tambi\u00e9n dio a conocer que <\/span><span data-contrast=\"auto\">del<\/span> <span data-contrast=\"auto\">4<\/span> <span data-contrast=\"auto\">al 6<\/span><span data-contrast=\"auto\"> de junio representantes de los CIEES est<\/span><span data-contrast=\"auto\">\u00e1n<\/span><span data-contrast=\"auto\"> evaluando la <\/span><span data-contrast=\"auto\">Licenciatura en <\/span><span data-contrast=\"auto\">Gesti\u00f3n Intercultural para el Desarrollo<\/span><span data-contrast=\"auto\"> de la <\/span><span data-contrast=\"auto\">Universidad Veracruzana Intercultural (UVI)<\/span><span data-contrast=\"auto\">, en la sede Huasteca<\/span><span data-contrast=\"auto\">; en la semana que inicia el lunes 10 de junio<\/span><span data-contrast=\"auto\">,<\/span><span data-contrast=\"auto\"> en <\/span><span data-contrast=\"auto\">la <\/span><span data-contrast=\"auto\">F<\/span><span data-contrast=\"auto\">acultad de Contadur\u00eda y Administraci\u00f3n del <\/span><i><span data-contrast=\"auto\">campus<\/span><\/i> <span data-contrast=\"auto\">Ixtaczoquitl\u00e1n<\/span><span data-contrast=\"auto\"> se evaluar\u00e1 el <\/span><span data-contrast=\"auto\">PE<\/span><span data-contrast=\"auto\"> Gesti\u00f3n<\/span><span data-contrast=\"auto\"> y Direcci\u00f3n de Negocios.<\/span><span data-ccp-props=\"{&quot;201341983&quot;:0,&quot;335559739&quot;:0,&quot;335559740&quot;:240}\">\u00a0<\/span><\/p>\n<p><span data-contrast=\"auto\">E<\/span><span data-contrast=\"auto\">n el curso del actual semestre<\/span><span data-contrast=\"auto\">,<\/span> <span data-contrast=\"auto\">el PE<\/span><span data-contrast=\"auto\"> Ingenier\u00eda de <\/span><i><span data-contrast=\"auto\">Software<\/span><\/i><span data-contrast=\"auto\"> de la F<\/span><span data-contrast=\"auto\">acult<\/span><span data-contrast=\"auto\">ad de Estad\u00edstica e Inform\u00e1tica<\/span> <span data-contrast=\"auto\">ser\u00e1<\/span><span data-contrast=\"auto\"> evalua<\/span><span data-contrast=\"auto\">do po<\/span><span data-contrast=\"auto\">r el Consejo Nacional de Acreditaci\u00f3n en Inform\u00e1tica y Computaci\u00f3n (<\/span><i><span data-contrast=\"auto\">Conaic<\/span><\/i><span data-contrast=\"auto\">), <\/span><span data-contrast=\"auto\">as\u00ed como<\/span><span data-contrast=\"auto\"> el <\/span><span data-contrast=\"auto\">PE<\/span> <span data-contrast=\"auto\">G<\/span><span data-contrast=\"auto\">esti\u00f3n y Direcci\u00f3n de Negocios <\/span><span data-contrast=\"auto\">d<\/span><span data-contrast=\"auto\">e la <\/span><span data-contrast=\"auto\">F<\/span><span data-contrast=\"auto\">acultad de Contadur\u00eda de Tuxpan, lo que permitir\u00e1 que a finales del a\u00f1o se sumen tres programas m\u00e1s de calidad.<\/span><span data-ccp-props=\"{&quot;201341983&quot;:0,&quot;335559731&quot;:708,&quot;335559739&quot;:0,&quot;335559740&quot;:240}\">\u00a0<\/span><\/p>\n<p><span data-contrast=\"auto\">Al t\u00e9rmino de su exposici\u00f3n, Garc\u00eda Cano apunt\u00f3 que<\/span> <span data-contrast=\"auto\">todos los procesos de acreditaci\u00f3n que la UV ha recibido por parte de organismos externos, son generados por los est\u00e1ndares de calidad y evaluaci\u00f3n, \u201caspecto que cada a\u00f1o se va mejorando en el quehacer universitario\u201d.<\/span><span data-ccp-props=\"{&quot;201341983&quot;:0,&quot;335559739&quot;:0,&quot;335559740&quot;:240}\">\u00a0<\/span><\/p>\n<p><span data-contrast=\"auto\">Posteriormente <\/span><span data-contrast=\"auto\">se realiz\u00f3 una mesa de trabajo sobre la evaluaci\u00f3n de programas en el estado de Veracruz, en donde participaron Dolores Mayo Lara, <\/span><span data-contrast=\"auto\">profesora de la UV; Dar\u00edo Fabi\u00e1n Hern\u00e1ndez Gonz\u00e1lez, director general del Sistema Estatal de Planeaci\u00f3n del <\/span><span data-contrast=\"auto\">G<\/span><span data-contrast=\"auto\">obierno del <\/span><span data-contrast=\"auto\">E<\/span><span data-contrast=\"auto\">stado, y Sergio Pastor Rojas <\/span><span data-contrast=\"auto\">Morteo<\/span><span data-contrast=\"auto\">, director general de Planeaci\u00f3n y Evaluaci\u00f3n de la Secretar\u00eda de Finanzas y Planeaci\u00f3n (<\/span><i><span data-contrast=\"auto\">Sefiplan<\/span><\/i><span data-contrast=\"auto\">).<\/span><span data-ccp-props=\"{&quot;201341983&quot;:0,&quot;335559739&quot;:0,&quot;335559740&quot;:240}\">\u00a0<\/span><\/p>\n<p><span data-contrast=\"auto\">Estuvieron presentes Mar\u00eda Ram\u00edrez Salazar, directora de la <\/span><span data-contrast=\"auto\">F<\/span><span data-contrast=\"auto\">acultad <\/span><span data-contrast=\"auto\">de Econom\u00eda; Ferm\u00edn Isa\u00edas Cabo<\/span><span data-contrast=\"auto\"> Leyva, jefe de carrera del PE Econom\u00eda; as\u00ed como docentes y alumn<\/span><span data-contrast=\"auto\">os de la entidad universitaria.<\/span><span data-ccp-props=\"{&quot;201341983&quot;:0,&quot;335559739&quot;:0,&quot;335559740&quot;:240}\">\u00a0<\/span><\/p>\n<p>&nbsp;<\/p>\n<div id=\"attachment_69166\" style=\"width: 732px\" class=\"wp-caption aligncenter\"><a href=\"https:\/\/www.uv.mx\/prensa\/files\/2019\/06\/050619-Semana-de-evaluacion-2019-2.jpg\"><img loading=\"lazy\" decoding=\"async\" aria-describedby=\"caption-attachment-69166\" class=\"size-full wp-image-69166\" src=\"https:\/\/www.uv.mx\/prensa\/files\/2019\/06\/050619-Semana-de-evaluacion-2019-2.jpg\" alt=\"\" width=\"722\" height=\"481\" srcset=\"https:\/\/www.uv.mx\/prensa\/files\/2019\/06\/050619-Semana-de-evaluacion-2019-2.jpg 722w, https:\/\/www.uv.mx\/prensa\/files\/2019\/06\/050619-Semana-de-evaluacion-2019-2-300x200.jpg 300w\" sizes=\"auto, (max-width: 722px) 100vw, 722px\" \/><\/a><p id=\"caption-attachment-69166\" class=\"wp-caption-text\">Jos\u00e9 Raymundo Garc\u00eda Cano en su charla \u201cEvaluaci\u00f3n de programas educativos en la UV\u201d<\/p><\/div>\n","protected":false},"excerpt":{"rendered":"<p>Acad\u00e9micos participaron en la Semana de Evaluaci\u00f3n 2019<\/p>\n","protected":false},"author":1508,"featured_media":69167,"comment_status":"closed","ping_status":"closed","sticky":false,"template":"","format":"standard","meta":{"footnotes":""},"categories":[1],"tags":[],"class_list":["post-69219","post","type-post","status-publish","format-standard","has-post-thumbnail","hentry","category-general"],"_links":{"self":[{"href":"https:\/\/www.uv.mx\/prensa\/wp-json\/wp\/v2\/posts\/69219","targetHints":{"allow":["GET"]}}],"collection":[{"href":"https:\/\/www.uv.mx\/prensa\/wp-json\/wp\/v2\/posts"}],"about":[{"href":"https:\/\/www.uv.mx\/prensa\/wp-json\/wp\/v2\/types\/post"}],"author":[{"embeddable":true,"href":"https:\/\/www.uv.mx\/prensa\/wp-json\/wp\/v2\/users\/1508"}],"replies":[{"embeddable":true,"href":"https:\/\/www.uv.mx\/prensa\/wp-json\/wp\/v2\/comments?post=69219"}],"version-history":[{"count":0,"href":"https:\/\/www.uv.mx\/prensa\/wp-json\/wp\/v2\/posts\/69219\/revisions"}],"wp:featuredmedia":[{"embeddable":true,"href":"https:\/\/www.uv.mx\/prensa\/wp-json\/wp\/v2\/media\/69167"}],"wp:attachment":[{"href":"https:\/\/www.uv.mx\/prensa\/wp-json\/wp\/v2\/media?parent=69219"}],"wp:term":[{"taxonomy":"category","embeddable":true,"href":"https:\/\/www.uv.mx\/prensa\/wp-json\/wp\/v2\/categories?post=69219"},{"taxonomy":"post_tag","embeddable":true,"href":"https:\/\/www.uv.mx\/prensa\/wp-json\/wp\/v2\/tags?post=69219"}],"curies":[{"name":"wp","href":"https:\/\/api.w.org\/{rel}","templated":true}]}}