{"id":69216,"date":"2019-06-07T07:59:37","date_gmt":"2019-06-07T12:59:37","guid":{"rendered":"https:\/\/www.uv.mx\/prensa\/?p=69216"},"modified":"2019-06-05T19:37:59","modified_gmt":"2019-06-06T00:37:59","slug":"estudiantes-de-derecho-presentaron-modelo-de-simulacion-de-la-onu","status":"publish","type":"post","link":"https:\/\/www.uv.mx\/prensa\/general\/estudiantes-de-derecho-presentaron-modelo-de-simulacion-de-la-onu\/","title":{"rendered":"Estudiantes de Derecho presentaron modelo de simulaci\u00f3n de la ONU"},"content":{"rendered":"<ul>\n<li data-leveltext=\"\uf0b7\" data-font=\"Symbol\" data-listid=\"5\" data-aria-posinset=\"1\" data-aria-level=\"1\"><i><span data-contrast=\"auto\">El programa <\/span><\/i><i><span data-contrast=\"auto\">Gulf<\/span><\/i><i><span data-contrast=\"auto\"> of M<\/span><\/i><i><span data-contrast=\"auto\">e<\/span><\/i><i><span data-contrast=\"auto\">xico. Model <\/span><\/i><i><span data-contrast=\"auto\">United<\/span><\/i> <i><span data-contrast=\"auto\">Nations<\/span><\/i><i><span data-contrast=\"auto\"> tendr\u00e1 como sede la Universidad Veracruzana, y <\/span><\/i><i><span data-contrast=\"auto\">aden<\/span><\/i><i><span data-contrast=\"auto\">t<\/span><\/i><i><span data-contrast=\"auto\">r<\/span><\/i><i><span data-contrast=\"auto\">ar\u00e1 a los participantes al mundo de la diplomacia y la negociaci\u00f3n<\/span><\/i><span data-ccp-props=\"{}\">\u00a0<\/span><\/li>\n<\/ul>\n<p>&nbsp;<\/p>\n<div id=\"attachment_69132\" style=\"width: 732px\" class=\"wp-caption aligncenter\"><a href=\"https:\/\/www.uv.mx\/prensa\/files\/2019\/06\/040619Gulf-of-Mexico-1.jpg\"><img loading=\"lazy\" decoding=\"async\" aria-describedby=\"caption-attachment-69132\" class=\"size-full wp-image-69132\" src=\"https:\/\/www.uv.mx\/prensa\/files\/2019\/06\/040619Gulf-of-Mexico-1.jpg\" alt=\"\" width=\"722\" height=\"482\" srcset=\"https:\/\/www.uv.mx\/prensa\/files\/2019\/06\/040619Gulf-of-Mexico-1.jpg 722w, https:\/\/www.uv.mx\/prensa\/files\/2019\/06\/040619Gulf-of-Mexico-1-300x200.jpg 300w\" sizes=\"auto, (max-width: 722px) 100vw, 722px\" \/><\/a><p id=\"caption-attachment-69132\" class=\"wp-caption-text\">Los estudiantes conocer\u00e1n las diversas problem\u00e1ticas del panorama internacional<\/p><\/div>\n<p>&nbsp;<\/p>\n<p><b><i><span data-contrast=\"auto\">Carlos Hugo Hermida Rosales<\/span><\/i><\/b><span data-ccp-props=\"{}\">\u00a0<\/span><\/p>\n<p><b><i><span data-contrast=\"auto\">0<\/span><\/i><\/b><b><i><span data-contrast=\"auto\">7<\/span><\/i><\/b><b><i><span data-contrast=\"auto\">\/06\/<\/span><\/i><\/b><b><i><span data-contrast=\"auto\">19<\/span><\/i><\/b><b><i><span data-contrast=\"auto\">,<\/span><\/i><\/b> <b><i><span data-contrast=\"auto\">Xalapa, Ver.<\/span><\/i><\/b><b><i><span data-contrast=\"auto\">&#8211;<\/span><\/i><\/b> <span data-contrast=\"auto\">Estudiantes de la Facultad <\/span><span data-contrast=\"auto\">de Derecho de la Universidad Veracruzana (UV)<\/span> <span data-contrast=\"auto\">presentaron <\/span><span data-contrast=\"auto\">el 4 de junio <\/span><span data-contrast=\"auto\">en el <\/span><span data-contrast=\"auto\">Aula Magna \u201cGuillermo Ortiz <\/span><span data-contrast=\"auto\">Mayagoitia<\/span><span data-contrast=\"auto\">\u201d <\/span><span data-contrast=\"auto\">el programa<\/span> <span data-contrast=\"auto\">Gulf<\/span><span data-contrast=\"auto\"> of M\u00e9xico. <\/span><span data-contrast=\"auto\">Model<\/span> <span data-contrast=\"auto\">United<\/span> <span data-contrast=\"auto\">Nations<\/span><span data-contrast=\"auto\"> (MUN), <\/span><span data-contrast=\"auto\">primer modelo de<\/span><span data-contrast=\"auto\"> simulaci\u00f3n de la Organizaci\u00f3n de las Naciones Unidas (ONU) <\/span><span data-contrast=\"auto\">con sede en la UV.<\/span><span data-ccp-props=\"{}\">\u00a0<\/span><\/p>\n<p><span data-contrast=\"auto\">La presentaci\u00f3n de este evento que tambi\u00e9n cuenta<\/span><span data-contrast=\"auto\"> con la <\/span><span data-contrast=\"auto\">colaboraci\u00f3n<\/span><span data-contrast=\"auto\"> de alumnos de la Universidad de Xalapa (UX), <\/span><span data-contrast=\"auto\">fue encabezada<\/span><span data-contrast=\"auto\"> por <\/span><span data-contrast=\"auto\">Alberto Cruz Silva, secretario A<\/span><span data-contrast=\"auto\">cad\u00e9mico de la Facultad de Derecho<\/span><span data-contrast=\"auto\">;<\/span><span data-contrast=\"auto\"> Jorge Luis L\u00f3pez Juli\u00e1n, <\/span><span data-contrast=\"auto\">Yareli<\/span><span data-contrast=\"auto\"> Silva Molina y Jes\u00fas Manuel Revueltas, <\/span><span data-contrast=\"auto\">coordinador general, secretaria general y secretario adjunto<\/span><span data-contrast=\"auto\">,<\/span><span data-contrast=\"auto\"> respectivamente<\/span><span data-contrast=\"auto\">,<\/span><span data-contrast=\"auto\"> del MUN, <\/span><span data-contrast=\"auto\">todos ellos<\/span> <span data-contrast=\"auto\">estudian<\/span><span data-contrast=\"auto\">tes de esta entidad acad\u00e9mica.<\/span><span data-ccp-props=\"{&quot;335559731&quot;:708}\">\u00a0<\/span><\/p>\n<p><span data-contrast=\"auto\">Jorge Luis L\u00f3pez <\/span><span data-contrast=\"auto\">comparti\u00f3<\/span><span data-contrast=\"auto\"> que el modelo presentado es una aut\u00e9ntica simulaci\u00f3n de la asamblea general, el consejo de seguridad y <\/span><span data-contrast=\"auto\">de otros cuerpos multilaterales o<\/span><span data-contrast=\"auto\"> agencias de la ONU, que catapulta a los estudiantes al mundo de la diplomacia y la negociaci\u00f3n.<\/span><span data-ccp-props=\"{&quot;335559731&quot;:708}\">\u00a0<\/span><\/p>\n<p><span data-contrast=\"auto\">\u201c<\/span><span data-contrast=\"auto\">En este modelo los estudiantes pasan a ocupar el lugar <\/span><span data-contrast=\"auto\">d<\/span><span data-contrast=\"auto\">e embajadores de pa\u00edses miembros de la <\/span><span data-contrast=\"auto\">ONU<\/span><span data-contrast=\"auto\">, <\/span><span data-contrast=\"auto\">con el objetivo de<\/span><span data-contrast=\"auto\"> ampliar los temas de su agenda<\/span><span data-contrast=\"auto\">\u201d<\/span><span data-contrast=\"auto\">,<\/span><span data-contrast=\"auto\"> mencion\u00f3.<\/span><span data-ccp-props=\"{&quot;335559731&quot;:708}\">\u00a0<\/span><\/p>\n<p><span data-contrast=\"auto\">Explic\u00f3 que los j\u00f3venes que participan en el MUN aprender\u00e1n<\/span><span data-contrast=\"auto\"> c\u00f3<\/span><span data-contrast=\"auto\">mo act\u00faa la comunidad internacional en <\/span><span data-contrast=\"auto\">asuntos concernientes <\/span><span data-contrast=\"auto\">a paz, seguridad, derechos humanos, medio ambiente, alimentaci\u00f3n y desarrollo econ\u00f3mico<\/span><span data-contrast=\"auto\">,<\/span> <span data-contrast=\"auto\">entre otros temas, y realizar\u00e1n una investigaci\u00f3n acerca de los problemas a tratar.<\/span><span data-ccp-props=\"{&quot;335559731&quot;:708}\">\u00a0<\/span><\/p>\n<p><span data-contrast=\"auto\">Agreg\u00f3 que i<\/span><span data-contrast=\"auto\">gualmente<\/span><span data-contrast=\"auto\"> estudia<\/span><span data-contrast=\"auto\">r\u00e1<\/span><span data-contrast=\"auto\">n<\/span><span data-contrast=\"auto\"> de cerca las necesidades, aspiraciones y pol\u00edtica exterior del pa\u00eds al<\/span><span data-contrast=\"auto\"> que representar\u00e1<\/span><span data-contrast=\"auto\">n en <\/span><span data-contrast=\"auto\">la simulaci\u00f3n.<\/span><span data-ccp-props=\"{&quot;335559731&quot;:708}\">\u00a0<\/span><\/p>\n<p><span data-contrast=\"auto\">Enunci\u00f3 que los estudiantes que f<\/span><span data-contrast=\"auto\">orman parte del MUN desarrollar\u00e1<\/span><span data-contrast=\"auto\">n habilidades <\/span><span data-contrast=\"auto\">que les ser\u00e1n <\/span><span data-contrast=\"auto\">\u00fatiles a lo largo de sus vidas,<\/span> <span data-contrast=\"auto\">como la investigaci\u00f3n, redacci\u00f3n, oratoria, resoluci\u00f3n de problemas, compromiso y <\/span><span data-contrast=\"auto\">cooperaci\u00f3n.\u00a0<\/span><span data-ccp-props=\"{&quot;335559731&quot;:708}\">\u00a0<\/span><\/p>\n<p><span data-contrast=\"auto\">El estudiante destac\u00f3 que durante dos a\u00f1os la Facultad de Derecho ha enviado delegados al <\/span><span data-contrast=\"auto\">Southeast<\/span><span data-contrast=\"auto\"> M<\/span><span data-contrast=\"auto\">e<\/span><span data-contrast=\"auto\">xican <\/span><span data-contrast=\"auto\">Model<\/span> <span data-contrast=\"auto\">United<\/span> <span data-contrast=\"auto\">Nations<\/span><span data-contrast=\"auto\">, dentro del que ha obtenido grandes logros como el reconocimiento a la mejor delegaci\u00f3n y el Premio \u201cMahatma Gandhi\u201d.<\/span><span data-ccp-props=\"{&quot;335559731&quot;:708}\">\u00a0<\/span><\/p>\n<p><span data-contrast=\"auto\">Yareli<\/span><span data-contrast=\"auto\"> Silva<\/span><span data-contrast=\"auto\"> declar\u00f3 que el MUN es un evento al alcance de los j\u00f3venes estudiantes interesados en las diversas problem\u00e1ticas que se enfrentan actualmente en el panorama internacional.<\/span><span data-ccp-props=\"{&quot;335559731&quot;:708}\">\u00a0<\/span><\/p>\n<p><span data-contrast=\"auto\">Mencion\u00f3 que el eje central de esta simulaci\u00f3n ser\u00e1 el Modelo de las Naciones Unidas por la Tierra 2019.<\/span><span data-ccp-props=\"{&quot;335559731&quot;:708}\">\u00a0<\/span><\/p>\n<p><span data-contrast=\"auto\">Alberto Cruz destac\u00f3 la actitud de los estudiantes que participan en el MUN <\/span><span data-contrast=\"auto\">y <\/span><span data-contrast=\"auto\">afirm\u00f3 que son \u201cj\u00f3venes comprometidos que crecen d\u00eda a d\u00eda con motivo de su ejercicio profesional\u201d.<\/span><\/p>\n<p>&nbsp;<\/p>\n<div id=\"attachment_69131\" style=\"width: 732px\" class=\"wp-caption aligncenter\"><a href=\"https:\/\/www.uv.mx\/prensa\/files\/2019\/06\/040619Gulf-of-Mexico-2.jpg\"><img loading=\"lazy\" decoding=\"async\" aria-describedby=\"caption-attachment-69131\" class=\"size-full wp-image-69131\" src=\"https:\/\/www.uv.mx\/prensa\/files\/2019\/06\/040619Gulf-of-Mexico-2.jpg\" alt=\"\" width=\"722\" height=\"482\" srcset=\"https:\/\/www.uv.mx\/prensa\/files\/2019\/06\/040619Gulf-of-Mexico-2.jpg 722w, https:\/\/www.uv.mx\/prensa\/files\/2019\/06\/040619Gulf-of-Mexico-2-300x200.jpg 300w\" sizes=\"auto, (max-width: 722px) 100vw, 722px\" \/><\/a><p id=\"caption-attachment-69131\" class=\"wp-caption-text\">Jorge Luis L\u00f3pez Juli\u00e1n<\/p><\/div>\n","protected":false},"excerpt":{"rendered":"<p>El programa Gulf of M\u00e9xico. Model United Nations es el primer modelo de la Organizaci\u00f3n de las Naciones Unidas con sede en la UV<\/p>\n","protected":false},"author":1508,"featured_media":69131,"comment_status":"closed","ping_status":"closed","sticky":false,"template":"","format":"standard","meta":{"footnotes":""},"categories":[1],"tags":[],"class_list":["post-69216","post","type-post","status-publish","format-standard","has-post-thumbnail","hentry","category-general"],"_links":{"self":[{"href":"https:\/\/www.uv.mx\/prensa\/wp-json\/wp\/v2\/posts\/69216","targetHints":{"allow":["GET"]}}],"collection":[{"href":"https:\/\/www.uv.mx\/prensa\/wp-json\/wp\/v2\/posts"}],"about":[{"href":"https:\/\/www.uv.mx\/prensa\/wp-json\/wp\/v2\/types\/post"}],"author":[{"embeddable":true,"href":"https:\/\/www.uv.mx\/prensa\/wp-json\/wp\/v2\/users\/1508"}],"replies":[{"embeddable":true,"href":"https:\/\/www.uv.mx\/prensa\/wp-json\/wp\/v2\/comments?post=69216"}],"version-history":[{"count":0,"href":"https:\/\/www.uv.mx\/prensa\/wp-json\/wp\/v2\/posts\/69216\/revisions"}],"wp:featuredmedia":[{"embeddable":true,"href":"https:\/\/www.uv.mx\/prensa\/wp-json\/wp\/v2\/media\/69131"}],"wp:attachment":[{"href":"https:\/\/www.uv.mx\/prensa\/wp-json\/wp\/v2\/media?parent=69216"}],"wp:term":[{"taxonomy":"category","embeddable":true,"href":"https:\/\/www.uv.mx\/prensa\/wp-json\/wp\/v2\/categories?post=69216"},{"taxonomy":"post_tag","embeddable":true,"href":"https:\/\/www.uv.mx\/prensa\/wp-json\/wp\/v2\/tags?post=69216"}],"curies":[{"name":"wp","href":"https:\/\/api.w.org\/{rel}","templated":true}]}}