{"id":69202,"date":"2019-06-05T18:52:00","date_gmt":"2019-06-05T23:52:00","guid":{"rendered":"https:\/\/www.uv.mx\/prensa\/?p=69202"},"modified":"2019-06-05T18:52:00","modified_gmt":"2019-06-05T23:52:00","slug":"perspectiva-de-genero-en-constante-construccion","status":"publish","type":"post","link":"https:\/\/www.uv.mx\/prensa\/regiones\/coatzacoalcos\/perspectiva-de-genero-en-constante-construccion\/","title":{"rendered":"Perspectiva de g\u00e9nero, en constante construcci\u00f3n"},"content":{"rendered":"<p>&nbsp;<\/p>\n<div id=\"attachment_69122\" style=\"width: 492px\" class=\"wp-caption aligncenter\"><a href=\"https:\/\/www.uv.mx\/prensa\/files\/2019\/06\/040619-CECILIA-Genero.jpg\"><img loading=\"lazy\" decoding=\"async\" aria-describedby=\"caption-attachment-69122\" class=\"size-full wp-image-69122\" src=\"https:\/\/www.uv.mx\/prensa\/files\/2019\/06\/040619-CECILIA-Genero.jpg\" alt=\"\" width=\"482\" height=\"723\" srcset=\"https:\/\/www.uv.mx\/prensa\/files\/2019\/06\/040619-CECILIA-Genero.jpg 482w, https:\/\/www.uv.mx\/prensa\/files\/2019\/06\/040619-CECILIA-Genero-200x300.jpg 200w\" sizes=\"auto, (max-width: 482px) 100vw, 482px\" \/><\/a><p id=\"caption-attachment-69122\" class=\"wp-caption-text\">Enrique Galv\u00e1n Ch\u00e1vez, del Instituto Federal de la Defensor\u00eda P\u00fablica<\/p><\/div>\n<p>&nbsp;<\/p>\n<p><b><i><span data-contrast=\"auto\">Cecilia Escribano Reyes<br \/>\n<\/span><\/i><\/b><\/p>\n<p><b><i><span data-contrast=\"auto\">0<\/span><\/i><\/b><b><i><span data-contrast=\"auto\">5<\/span><\/i><\/b><b><i><span data-contrast=\"auto\">\/06\/<\/span><\/i><\/b><b><i><span data-contrast=\"auto\">19, <\/span><\/i><\/b><b><i><span data-contrast=\"auto\">Coatzacoalcos<\/span><\/i><\/b><b><i><span data-contrast=\"auto\">, Ver.-<\/span><\/i><\/b> <span data-contrast=\"auto\">En el marco del Foro Universitario \u201cSociedad, justicia y g\u00e9nero\u201d realizado por el Sistema de Ense\u00f1anza Abierta (SEA) de la Universidad Veracruzana (UV)<\/span><span data-contrast=\"auto\">,<\/span> <span data-contrast=\"auto\">Enrique Galv\u00e1n Ch\u00e1vez, del Instituto de la Defensor\u00eda P\u00fablica<\/span><span data-contrast=\"auto\">,<\/span><span data-contrast=\"auto\"> imparti<\/span><span data-contrast=\"auto\">\u00f3<\/span><span data-contrast=\"auto\"> la conferencia magistral \u201cLa perspectiva de g\u00e9nero como eje transversal de la innovaci\u00f3n de los derechos de las mujeres\u201d, <\/span><span data-contrast=\"auto\">el s\u00e1bado 1 de junio en la Unidad de Servicios Bibliotecarios y de Informaci\u00f3n (USBI).<\/span><span data-ccp-props=\"{}\">\u00a0<\/span><\/p>\n<p><span data-contrast=\"none\">Al<\/span> <span data-contrast=\"none\">hacer<\/span> <span data-contrast=\"none\">\u00e9nfasis en <\/span><span data-contrast=\"none\">las diferencias conceptuales entre sexo y g\u00e9nero, dijo que \u201ceste \u00faltimo no tiene que ver con el sexo fisiol\u00f3gico que determina la naturaleza, sino con lo que la sociedad asigna a lo que considera es masculino y femenino, tiene que ver con los valores, la \u00e9poca y el tipo de cultura; una sociedad abierta puede imaginar \u2018g\u00e9nero\u2019 de manera m\u00e1s abierta, en cambio una sociedad cerrada va a asignar valores muy acotados\u201d.<\/span><span data-ccp-props=\"{&quot;134233279&quot;:true,&quot;335559731&quot;:708}\">\u00a0<\/span><\/p>\n<p><span data-contrast=\"none\">Sobre la import<\/span><span data-contrast=\"none\">ancia de esta tem\u00e1tica, coment\u00f3: \u201cT<\/span><span data-contrast=\"none\">odas las carreras deber\u00edan tener una materia sobre perspectiva de g\u00e9nero, ya que es una tem\u00e1tica que toca de manera transversal <\/span><span data-contrast=\"none\">la totalidad de<\/span><span data-contrast=\"none\"> los aspectos de la vida social: trabajo, estudio, deportes, hogar, etc<\/span><span data-contrast=\"none\">\u00e9tera\u201d<\/span><span data-contrast=\"none\">.<\/span><span data-ccp-props=\"{&quot;134233279&quot;:true,&quot;335559731&quot;:708}\">\u00a0<\/span><\/p>\n<p><span data-contrast=\"none\">Enrique Galv\u00e1n <\/span><span data-contrast=\"none\">e<\/span><span data-contrast=\"none\">nfatiz\u00f3 que pensamos que la perspectiva de g\u00e9nero est\u00e1 contenida en las leyes, pero es un concepto epistemol\u00f3gico y metodol\u00f3gico que permite estudiar en cualquier contexto las relaciones asim\u00e9tricas de poder que limitan la posibilidad de crecimiento de cualquiera de los g\u00e9neros<\/span><span data-contrast=\"none\">.<\/span><span data-ccp-props=\"{&quot;134233279&quot;:true,&quot;335559731&quot;:708}\">\u00a0<\/span><\/p>\n<p><span data-contrast=\"none\">Puso como<\/span><span data-contrast=\"none\"> ejemplo<\/span><span data-contrast=\"none\">s<\/span><span data-contrast=\"none\"> la discriminaci\u00f3n alimentaria, <\/span><span data-contrast=\"none\">pues <\/span><span data-contrast=\"none\">hay lugares donde se les da de comer mejor a los hombres que a las mujeres<\/span><span data-contrast=\"none\">;<\/span><span data-contrast=\"none\"> o la discriminaci\u00f3n educativa, donde los hombres tienen m\u00e1s acceso a los estudios que las mujeres. <\/span><span data-contrast=\"none\">\u201c<\/span><span data-contrast=\"none\">Como concepto epistemol\u00f3gico, la perspectiva de g\u00e9nero est\u00e1 en constante construcci\u00f3n<\/span><span data-contrast=\"none\">, lo <\/span><span data-contrast=\"none\">que se manejaba hace <\/span><span data-contrast=\"none\">10<\/span><span data-contrast=\"none\"> a\u00f1os no es lo mismo<\/span><span data-contrast=\"none\"> que se mane<\/span><span data-contrast=\"none\">j<\/span><span data-contrast=\"none\">a actualmente\u201d.<\/span><span data-ccp-props=\"{&quot;134233279&quot;:true,&quot;335559731&quot;:708}\">\u00a0<\/span><\/p>\n<p><span data-contrast=\"none\">Respecto a la aplicaci\u00f3n de la justicia, Galv\u00e1n Ch\u00e1vez dijo que a trav\u00e9s de la metodolog\u00eda de g\u00e9nero \u201cse puede conocer en qu\u00e9 posici\u00f3n se encuentran la mujer o el hombre, si alguno est\u00e1 en desventaja, si por alguna circunstancia a alguien se le obstaculiza alg\u00fan derecho o <\/span><span data-contrast=\"none\">el <\/span><span data-contrast=\"none\">a acceder a un mejor trabajo, se le tiene que tutelar\u201d.<\/span><span data-ccp-props=\"{&quot;134233279&quot;:true,&quot;335559731&quot;:708}\">\u00a0<\/span><\/p>\n<p><span data-contrast=\"none\">Cabe mencionar que durante el evento participaron activamente alumnos y acad\u00e9micos de diferentes entidades de la regi\u00f3n con sus ponencias, preguntas y op<\/span><span data-contrast=\"none\">iniones, donde reflexionaron sobre la importancia y urgencia en la educaci\u00f3n con perspectiva de g\u00e9nero.<\/span><span data-ccp-props=\"{&quot;134233279&quot;:true,&quot;335559731&quot;:708}\">\u00a0<\/span><\/p>\n","protected":false},"excerpt":{"rendered":"<p>\u201cComo concepto epistemol\u00f3gico, la perspectiva de g\u00e9nero est\u00e1 en constante construcci\u00f3n, lo que se manejaba hace 10 a\u00f1os no es lo mismo que se maneja actualmente\u201d: Enrique Galv\u00e1n <\/p>\n","protected":false},"author":1508,"featured_media":69122,"comment_status":"closed","ping_status":"closed","sticky":false,"template":"","format":"standard","meta":{"footnotes":""},"categories":[52],"tags":[],"class_list":["post-69202","post","type-post","status-publish","format-standard","has-post-thumbnail","hentry","category-coatzacoalcos"],"_links":{"self":[{"href":"https:\/\/www.uv.mx\/prensa\/wp-json\/wp\/v2\/posts\/69202","targetHints":{"allow":["GET"]}}],"collection":[{"href":"https:\/\/www.uv.mx\/prensa\/wp-json\/wp\/v2\/posts"}],"about":[{"href":"https:\/\/www.uv.mx\/prensa\/wp-json\/wp\/v2\/types\/post"}],"author":[{"embeddable":true,"href":"https:\/\/www.uv.mx\/prensa\/wp-json\/wp\/v2\/users\/1508"}],"replies":[{"embeddable":true,"href":"https:\/\/www.uv.mx\/prensa\/wp-json\/wp\/v2\/comments?post=69202"}],"version-history":[{"count":0,"href":"https:\/\/www.uv.mx\/prensa\/wp-json\/wp\/v2\/posts\/69202\/revisions"}],"wp:featuredmedia":[{"embeddable":true,"href":"https:\/\/www.uv.mx\/prensa\/wp-json\/wp\/v2\/media\/69122"}],"wp:attachment":[{"href":"https:\/\/www.uv.mx\/prensa\/wp-json\/wp\/v2\/media?parent=69202"}],"wp:term":[{"taxonomy":"category","embeddable":true,"href":"https:\/\/www.uv.mx\/prensa\/wp-json\/wp\/v2\/categories?post=69202"},{"taxonomy":"post_tag","embeddable":true,"href":"https:\/\/www.uv.mx\/prensa\/wp-json\/wp\/v2\/tags?post=69202"}],"curies":[{"name":"wp","href":"https:\/\/api.w.org\/{rel}","templated":true}]}}