{"id":69138,"date":"2019-06-05T08:00:13","date_gmt":"2019-06-05T13:00:13","guid":{"rendered":"https:\/\/www.uv.mx\/prensa\/?p=69138"},"modified":"2019-06-04T20:47:57","modified_gmt":"2019-06-05T01:47:57","slug":"estudiantes-de-la-fime-mostraron-sus-conocimientos","status":"publish","type":"post","link":"https:\/\/www.uv.mx\/prensa\/general\/estudiantes-de-la-fime-mostraron-sus-conocimientos\/","title":{"rendered":"Estudiantes de la FIME mostraron sus conocimientos"},"content":{"rendered":"<ul>\n<li data-leveltext=\"\uf0b7\" data-font=\"Symbol\" data-listid=\"5\" data-aria-posinset=\"1\" data-aria-level=\"1\"><i><span data-contrast=\"auto\">E<\/span><\/i><i><span data-contrast=\"auto\">xpusieron diversos trabajos como puentes a escala, brazos mec\u00e1nicos y puentes rectificadores de voltaje variable, entre otros<\/span><\/i><span data-ccp-props=\"{}\">\u00a0<\/span><\/li>\n<\/ul>\n<p>&nbsp;<\/p>\n<div id='gallery-1' class='gallery galleryid-69138 gallery-columns-2 gallery-size-full'><dl class='gallery-item'>\n\t\t\t<dt class='gallery-icon landscape'>\n\t\t\t\t<a href='https:\/\/www.uv.mx\/prensa\/files\/2019\/06\/030619-CARLOS-Proyectos-FIME-2-100k.jpg'><img loading=\"lazy\" decoding=\"async\" width=\"722\" height=\"481\" src=\"https:\/\/www.uv.mx\/prensa\/files\/2019\/06\/030619-CARLOS-Proyectos-FIME-2-100k.jpg\" class=\"attachment-full size-full\" alt=\"\" aria-describedby=\"gallery-1-69067\" srcset=\"https:\/\/www.uv.mx\/prensa\/files\/2019\/06\/030619-CARLOS-Proyectos-FIME-2-100k.jpg 722w, https:\/\/www.uv.mx\/prensa\/files\/2019\/06\/030619-CARLOS-Proyectos-FIME-2-100k-300x200.jpg 300w\" sizes=\"auto, (max-width: 722px) 100vw, 722px\" \/><\/a>\n\t\t\t<\/dt>\n\t\t\t\t<dd class='wp-caption-text gallery-caption' id='gallery-1-69067'>\n\t\t\t\tEquipo que present\u00f3 un tren de engranajes \n\t\t\t\t<\/dd><\/dl><dl class='gallery-item'>\n\t\t\t<dt class='gallery-icon landscape'>\n\t\t\t\t<a href='https:\/\/www.uv.mx\/prensa\/files\/2019\/06\/030619-CARLOS-Proyectos-FIME-1-100k.jpg'><img loading=\"lazy\" decoding=\"async\" width=\"722\" height=\"481\" src=\"https:\/\/www.uv.mx\/prensa\/files\/2019\/06\/030619-CARLOS-Proyectos-FIME-1-100k.jpg\" class=\"attachment-full size-full\" alt=\"\" aria-describedby=\"gallery-1-69066\" srcset=\"https:\/\/www.uv.mx\/prensa\/files\/2019\/06\/030619-CARLOS-Proyectos-FIME-1-100k.jpg 722w, https:\/\/www.uv.mx\/prensa\/files\/2019\/06\/030619-CARLOS-Proyectos-FIME-1-100k-300x200.jpg 300w\" sizes=\"auto, (max-width: 722px) 100vw, 722px\" \/><\/a>\n\t\t\t<\/dt>\n\t\t\t\t<dd class='wp-caption-text gallery-caption' id='gallery-1-69066'>\n\t\t\t\tJ\u00f3venes expusieron un puente rectificador de voltaje variable \n\t\t\t\t<\/dd><\/dl><br style=\"clear: both\" \/>\n\t\t<\/div>\n\n<p>&nbsp;<\/p>\n<p><b><i><span data-contrast=\"auto\">Carlos Hugo Hermida Rosales<\/span><\/i><\/b><span data-ccp-props=\"{}\">\u00a0<\/span><\/p>\n<p><b><i><span data-contrast=\"auto\">05<\/span><\/i><\/b><b><i><span data-contrast=\"auto\">\/06\/<\/span><\/i><\/b><b><i><span data-contrast=\"auto\">19<\/span><\/i><\/b><b><i><span data-contrast=\"auto\">,<\/span><\/i><\/b> <b><i><span data-contrast=\"auto\">Xalapa, Ver.<\/span><\/i><\/b><b><i><span data-contrast=\"auto\">&#8211;<\/span><\/i><\/b> <span data-contrast=\"auto\">Estudiantes de la Facultad de Ingenier\u00eda Mec\u00e1nica y El\u00e9ctrica (FIME) de <\/span><span data-contrast=\"auto\">la Universidad Veracruzana (UV)<\/span> <span data-contrast=\"auto\">presenta<\/span><span data-contrast=\"auto\">ron <\/span><span data-contrast=\"auto\">proyectos finales <\/span><span data-contrast=\"auto\">de<\/span><span data-contrast=\"auto\"> las experiencias educativas <\/span><span data-contrast=\"auto\">(EE) <\/span><span data-contrast=\"auto\">Mecanismos, Dispositivos Electr\u00f3nicos, Est\u00e1tica y Sistemas de Control.<\/span><span data-ccp-props=\"{}\">\u00a0<\/span><\/p>\n<p><span data-contrast=\"auto\">El lunes <\/span><span data-contrast=\"auto\">3 de junio<\/span><span data-contrast=\"auto\">,<\/span><span data-contrast=\"auto\"> en los pasillos de esta entidad acad\u00e9mica<\/span><span data-contrast=\"auto\">, l<\/span><span data-contrast=\"auto\">os chicos expusieron diversos trabajos como puentes a escala, brazos mec\u00e1nicos y puentes rectificadores de voltaje variable<\/span><span data-contrast=\"auto\">,<\/span><span data-contrast=\"auto\"> entre otros.\u00a0<\/span><span data-ccp-props=\"{&quot;335559731&quot;:708}\">\u00a0<\/span><\/p>\n<p><span data-contrast=\"auto\">Mois\u00e9s Uriel Gonz\u00e1lez Fern\u00e1ndez <\/span><span data-contrast=\"auto\">present\u00f3 en conjunto con su <\/span><span data-contrast=\"auto\">equipo un tren de <\/span><span data-contrast=\"auto\">engranajes, que es un dispositivo que acopla engranes para aumentar o disminuir <\/span><span data-contrast=\"auto\">velocidades<\/span><span data-contrast=\"auto\">.<\/span><span data-ccp-props=\"{&quot;335559731&quot;:708}\">\u00a0<\/span><\/p>\n<p><span data-contrast=\"auto\">El joven explic\u00f3<\/span><span data-contrast=\"auto\">: <\/span><span data-contrast=\"auto\">\u201cEste dispositivo es de gran utilidad dentro de la industria, ya que sirve para variar la velocidad de cada m\u00e1quina acorde a sus necesidades\u201d<\/span><span data-contrast=\"auto\">.<\/span><span data-ccp-props=\"{&quot;335559731&quot;:708}\">\u00a0<\/span><\/p>\n<p><span data-contrast=\"auto\">Miguel \u00c1ngel de la Torre Ortega<\/span> <span data-contrast=\"auto\">expuso un p<\/span><span data-contrast=\"auto\">uente rectificador de voltaje variable, <\/span><span data-contrast=\"auto\">que convierte la corriente alterna de una red dom\u00e9stica en una fuente de corriente directa que sirve para alimentar diferentes aparatos electr\u00f3nicos.<\/span><span data-ccp-props=\"{&quot;335559731&quot;:708}\">\u00a0<\/span><\/p>\n<p><span data-contrast=\"auto\">\u201cEste dispositivo puede ser usado para la alimentaci\u00f3n de varios dispositivos el\u00e9ctricos que funcionan con corriente directa, como los tel\u00e9fonos celulares\u201d, mencion\u00f3.\u00a0<\/span><span data-ccp-props=\"{&quot;335559731&quot;:708}\">\u00a0<\/span><\/p>\n<p><span data-contrast=\"auto\">Vic<\/span><span data-contrast=\"auto\">ente Herr<\/span><span data-contrast=\"auto\">e<\/span><span data-contrast=\"auto\">ra Ojeda<\/span> <span data-contrast=\"auto\">present\u00f3 un puente a escala elaborado con el m\u00ednimo posible de recursos, que en este caso fueron palitos de madera y pegamento blanco. Esta estructura fue dise\u00f1ada para soportar el peso de dos personas de 70 kilogramos aproximadamente.<\/span><span data-ccp-props=\"{&quot;335559731&quot;:708}\">\u00a0<\/span><\/p>\n<p><span data-contrast=\"auto\">\u201cPara fabricar este puente nuestro equipo debi\u00f3 llevar a <\/span><span data-contrast=\"auto\">la <\/span><span data-contrast=\"auto\">pr\u00e1ctica las leyes b\u00e1sicas de la est\u00e1tica, <\/span><span data-contrast=\"auto\">adem\u00e1s de <\/span><span data-contrast=\"auto\">estudiar <\/span><span data-contrast=\"auto\">c\u00f3mo<\/span> <span data-contrast=\"auto\">repartir las fuerzas en cada uno de los soportes\u201d, explic\u00f3.<\/span><span data-ccp-props=\"{&quot;335559731&quot;:708}\">\u00a0<\/span><\/p>\n<p>&nbsp;<\/p>\n<div id='gallery-2' class='gallery galleryid-69138 gallery-columns-2 gallery-size-full'><dl class='gallery-item'>\n\t\t\t<dt class='gallery-icon landscape'>\n\t\t\t\t<a href='https:\/\/www.uv.mx\/prensa\/files\/2019\/06\/030619-CARLOS-Proyectos-FIME-3-100k.jpg'><img loading=\"lazy\" decoding=\"async\" width=\"722\" height=\"481\" src=\"https:\/\/www.uv.mx\/prensa\/files\/2019\/06\/030619-CARLOS-Proyectos-FIME-3-100k.jpg\" class=\"attachment-full size-full\" alt=\"\" aria-describedby=\"gallery-2-69068\" srcset=\"https:\/\/www.uv.mx\/prensa\/files\/2019\/06\/030619-CARLOS-Proyectos-FIME-3-100k.jpg 722w, https:\/\/www.uv.mx\/prensa\/files\/2019\/06\/030619-CARLOS-Proyectos-FIME-3-100k-300x200.jpg 300w\" sizes=\"auto, (max-width: 722px) 100vw, 722px\" \/><\/a>\n\t\t\t<\/dt>\n\t\t\t\t<dd class='wp-caption-text gallery-caption' id='gallery-2-69068'>\n\t\t\t\tPuente a escala que soporta el peso de dos estudiantes \n\t\t\t\t<\/dd><\/dl><dl class='gallery-item'>\n\t\t\t<dt class='gallery-icon landscape'>\n\t\t\t\t<a href='https:\/\/www.uv.mx\/prensa\/files\/2019\/06\/030619-CARLOS-Proyectos-FIME-4-100k.jpg'><img loading=\"lazy\" decoding=\"async\" width=\"722\" height=\"481\" src=\"https:\/\/www.uv.mx\/prensa\/files\/2019\/06\/030619-CARLOS-Proyectos-FIME-4-100k.jpg\" class=\"attachment-full size-full\" alt=\"\" aria-describedby=\"gallery-2-69069\" srcset=\"https:\/\/www.uv.mx\/prensa\/files\/2019\/06\/030619-CARLOS-Proyectos-FIME-4-100k.jpg 722w, https:\/\/www.uv.mx\/prensa\/files\/2019\/06\/030619-CARLOS-Proyectos-FIME-4-100k-300x200.jpg 300w\" sizes=\"auto, (max-width: 722px) 100vw, 722px\" \/><\/a>\n\t\t\t<\/dt>\n\t\t\t\t<dd class='wp-caption-text gallery-caption' id='gallery-2-69069'>\n\t\t\t\tFrancisco Rica\u00f1o y Alejandro S\u00e1nchez \n\t\t\t\t<\/dd><\/dl><br style=\"clear: both\" \/>\n\t\t<\/div>\n\n<p>&nbsp;<\/p>\n<p><span data-contrast=\"auto\">Erick Mart\u00ednez Candelario <\/span><span data-contrast=\"auto\">dio a conocer<\/span><span data-contrast=\"auto\"> un controlador proporcional integral derivativo, que sirve para automatizar o mantener estabilizado un sistema.<\/span><span data-ccp-props=\"{&quot;335559731&quot;:708}\">\u00a0<\/span><\/p>\n<p><span data-contrast=\"auto\">\u201cAplicamos este aparato a un balanc\u00edn<\/span> <span data-contrast=\"auto\">que estabiliza una pelota y la mantiene equilibrada en el punto medio del mismo\u201d, coment\u00f3.<\/span><span data-ccp-props=\"{&quot;335559731&quot;:708}\">\u00a0<\/span><\/p>\n<p><span data-contrast=\"auto\">El chico relat\u00f3 que esta automatizaci\u00f3n es muy \u00fatil en las industrias automotriz y aeron\u00e1utica, que requieren de sistemas estables en sus aparatos.<\/span><span data-ccp-props=\"{&quot;335559731&quot;:708}\">\u00a0<\/span><\/p>\n<p><span data-contrast=\"auto\">Francisco <\/span><span data-contrast=\"auto\">Rica\u00f1o<\/span><span data-contrast=\"auto\"> Herrera, director<\/span><span data-contrast=\"auto\"> de la <\/span><span data-contrast=\"auto\">FIME, declar\u00f3 que es fundamental que los estudiantes de esta entidad acad\u00e9mica pongan a prueba sus conocimientos, ya que <\/span><span data-contrast=\"auto\">a<\/span><span data-contrast=\"auto\"> los profesionistas se les contrata para resolver problemas pr\u00e1cticos.\u00a0<\/span><span data-ccp-props=\"{&quot;335559731&quot;:708}\">\u00a0<\/span><\/p>\n<p><span data-contrast=\"auto\">\u201cEs destacable que los profesores de las <\/span><span data-contrast=\"auto\">EE<\/span><span data-contrast=\"auto\"> en que se originaron estos trabajos motiven a sus estudiantes para que lleven a la pr\u00e1ctica lo aprendido en el papel\u201d, enunci\u00f3.<\/span><span data-ccp-props=\"{&quot;335559731&quot;:708}\">\u00a0<\/span><\/p>\n<p><span data-contrast=\"auto\">Alejandro S\u00e1nchez Moreno, acad\u00e9mico de <\/span><span data-contrast=\"auto\">la FIME,<\/span><span data-contrast=\"auto\"> asegur\u00f3 que todos los estudiantes pusieron un gran empe\u00f1o <\/span><span data-contrast=\"auto\">en<\/span> <span data-contrast=\"auto\">los<\/span><span data-contrast=\"auto\"> proyectos presentados, y que hicieron una gran labor<\/span> <span data-contrast=\"auto\">al <\/span><span data-contrast=\"auto\">aterrizar<\/span><span data-contrast=\"auto\"> la teor\u00eda en la pr\u00e1ctica.<\/span><span data-ccp-props=\"{&quot;335559731&quot;:708}\">\u00a0<\/span><\/p>\n<p><span data-contrast=\"auto\">\u201cLos j\u00f3venes demostraron mucho potencial y una capacidad enorme, que sin duda les ser\u00e1 de gran ayuda <\/span><span data-contrast=\"auto\">en<\/span><span data-contrast=\"auto\"> el \u00e1mbito profesional\u201d, enfatiz\u00f3.<\/span><\/p>\n","protected":false},"excerpt":{"rendered":"<p>Expusieron trabajos como puentes a escala, brazos mec\u00e1nicos y puentes rectificadores de voltaje variable, entre otros<\/p>\n","protected":false},"author":1508,"featured_media":69067,"comment_status":"closed","ping_status":"closed","sticky":false,"template":"","format":"standard","meta":{"footnotes":""},"categories":[1],"tags":[],"class_list":["post-69138","post","type-post","status-publish","format-standard","has-post-thumbnail","hentry","category-general"],"_links":{"self":[{"href":"https:\/\/www.uv.mx\/prensa\/wp-json\/wp\/v2\/posts\/69138","targetHints":{"allow":["GET"]}}],"collection":[{"href":"https:\/\/www.uv.mx\/prensa\/wp-json\/wp\/v2\/posts"}],"about":[{"href":"https:\/\/www.uv.mx\/prensa\/wp-json\/wp\/v2\/types\/post"}],"author":[{"embeddable":true,"href":"https:\/\/www.uv.mx\/prensa\/wp-json\/wp\/v2\/users\/1508"}],"replies":[{"embeddable":true,"href":"https:\/\/www.uv.mx\/prensa\/wp-json\/wp\/v2\/comments?post=69138"}],"version-history":[{"count":0,"href":"https:\/\/www.uv.mx\/prensa\/wp-json\/wp\/v2\/posts\/69138\/revisions"}],"wp:featuredmedia":[{"embeddable":true,"href":"https:\/\/www.uv.mx\/prensa\/wp-json\/wp\/v2\/media\/69067"}],"wp:attachment":[{"href":"https:\/\/www.uv.mx\/prensa\/wp-json\/wp\/v2\/media?parent=69138"}],"wp:term":[{"taxonomy":"category","embeddable":true,"href":"https:\/\/www.uv.mx\/prensa\/wp-json\/wp\/v2\/categories?post=69138"},{"taxonomy":"post_tag","embeddable":true,"href":"https:\/\/www.uv.mx\/prensa\/wp-json\/wp\/v2\/tags?post=69138"}],"curies":[{"name":"wp","href":"https:\/\/api.w.org\/{rel}","templated":true}]}}