{"id":69119,"date":"2019-06-04T15:51:20","date_gmt":"2019-06-04T20:51:20","guid":{"rendered":"https:\/\/www.uv.mx\/prensa\/?p=69119"},"modified":"2019-06-04T15:51:20","modified_gmt":"2019-06-04T20:51:20","slug":"fundacion-uv-invita-al-curso-de-verano-vacaciones-en-el-campus-cad","status":"publish","type":"post","link":"https:\/\/www.uv.mx\/prensa\/deportes\/fundacion-uv-invita-al-curso-de-verano-vacaciones-en-el-campus-cad\/","title":{"rendered":"Fundaci\u00f3n UV invita al Curso de Verano \u201cVacaciones en el Campus CAD\u201d"},"content":{"rendered":"<ul>\n<li data-leveltext=\"\uf0b7\" data-font=\"Symbol\" data-listid=\"1\" data-aria-posinset=\"1\" data-aria-level=\"1\"><i><span data-contrast=\"auto\">Se efectuar\u00e1 del 8 de julio al 2 de agosto, para ni\u00f1os y j\u00f3venes de <\/span><\/i><i><span data-contrast=\"auto\">tres <\/span><\/i><i><span data-contrast=\"auto\">a 17 a\u00f1os<\/span><\/i><span data-ccp-props=\"{&quot;201341983&quot;:0,&quot;335559739&quot;:0,&quot;335559740&quot;:240}\">\u00a0<\/span><\/li>\n<\/ul>\n<p><span data-ccp-props=\"{&quot;201341983&quot;:0,&quot;335559739&quot;:0,&quot;335559740&quot;:240}\">\u00a0<\/span><\/p>\n<div id=\"attachment_69120\" style=\"width: 732px\" class=\"wp-caption aligncenter\"><a href=\"https:\/\/www.uv.mx\/prensa\/files\/2019\/06\/040619-Fundacion-UV.jpg\"><img loading=\"lazy\" decoding=\"async\" aria-describedby=\"caption-attachment-69120\" class=\"size-full wp-image-69120\" src=\"https:\/\/www.uv.mx\/prensa\/files\/2019\/06\/040619-Fundacion-UV.jpg\" alt=\"\" width=\"722\" height=\"482\" srcset=\"https:\/\/www.uv.mx\/prensa\/files\/2019\/06\/040619-Fundacion-UV.jpg 722w, https:\/\/www.uv.mx\/prensa\/files\/2019\/06\/040619-Fundacion-UV-300x200.jpg 300w\" sizes=\"auto, (max-width: 722px) 100vw, 722px\" \/><\/a><p id=\"caption-attachment-69120\" class=\"wp-caption-text\">Galdy Hern\u00e1ndez, Facundo Pacheco y Luis Alberto Landa<\/p><\/div>\n<p><span data-ccp-props=\"{&quot;201341983&quot;:0,&quot;335559739&quot;:0,&quot;335559740&quot;:240}\">\u00a0<\/span><\/p>\n<p><b><i><span data-contrast=\"auto\">Santiago Morales Ortiz<\/span><\/i><\/b><span data-ccp-props=\"{&quot;201341983&quot;:0,&quot;335559739&quot;:0,&quot;335559740&quot;:240}\">\u00a0<\/span><\/p>\n<p><b><i><span data-contrast=\"auto\">04\/06\/<\/span><\/i><\/b><b><i><span data-contrast=\"auto\">19, <\/span><\/i><\/b><b><i><span data-contrast=\"auto\">Xalapa<\/span><\/i><\/b><b><i><span data-contrast=\"auto\">, Ver.-<\/span><\/i><\/b> <span data-contrast=\"auto\">L<\/span><span data-contrast=\"auto\">a Fundaci\u00f3n de la Universidad Veracruzana, A<\/span><span data-contrast=\"auto\">.<\/span><span data-contrast=\"auto\">C<\/span><span data-contrast=\"auto\">.<\/span><span data-contrast=\"auto\">, a trav\u00e9s de la Promotora<\/span><span data-contrast=\"auto\"> Deportiva<\/span><span data-contrast=\"auto\"> y Log\u00edstica de Xalapa (P<\/span><span data-contrast=\"auto\">D<\/span><span data-contrast=\"auto\">LX), anunci\u00f3 la versi\u00f3n 2019 del Curso de Verano \u201cVacaciones en el Campus<\/span><span data-contrast=\"auto\"> CAD\u201d, que se desarrollar\u00e1 del <\/span><span data-contrast=\"auto\">8 de julio al 2 de agosto, con invitaci\u00f3n a ni\u00f1os y j\u00f3venes de <\/span><span data-contrast=\"auto\">tres<\/span><span data-contrast=\"auto\"> a 17 a\u00f1os de edad.<\/span><span data-ccp-props=\"{&quot;201341983&quot;:0,&quot;335559739&quot;:0,&quot;335559740&quot;:240}\">\u00a0<\/span><\/p>\n<p><span data-contrast=\"auto\">En conferencia de prensa encabezada por el director ejecutivo de la Fundaci\u00f3n UV, Facundo Pacheco Rojas, y los representantes de la P<\/span><span data-contrast=\"auto\">D<\/span><span data-contrast=\"auto\">LX, <\/span><span data-contrast=\"auto\">Luis Alberto Landa Ram\u00edrez y Galdy Hern\u00e1ndez Vela, se dieron a conocer los pormenores del curso que se desarrollar\u00e1 en las instalaciones del Campus <\/span><span data-contrast=\"auto\">para la Cultura, las Artes y el Deporte de la UV.<\/span><span data-ccp-props=\"{&quot;201341983&quot;:0,&quot;335559731&quot;:708,&quot;335559739&quot;:0,&quot;335559740&quot;:240}\">\u00a0<\/span><\/p>\n<p><span data-contrast=\"auto\">La oferta de este a\u00f1o <\/span><span data-contrast=\"auto\">comprende<\/span><span data-contrast=\"auto\"> actividades art\u00edsticas, recreativas, deportivas, ecol\u00f3gicas y deportes extremos, <\/span><span data-contrast=\"auto\">lunes a viernes <\/span><span data-contrast=\"auto\">en horarios de 9:00 a 14:00 <\/span><span data-contrast=\"auto\">horas<\/span><span data-contrast=\"auto\">, con extensi\u00f3n a 15:00 con costo adicional.<\/span><span data-ccp-props=\"{&quot;201341983&quot;:0,&quot;335559731&quot;:708,&quot;335559739&quot;:0,&quot;335559740&quot;:240}\">\u00a0<\/span><\/p>\n<p><span data-contrast=\"auto\">Las categor\u00edas son: de 3 a\u00f1os de edad, 4 a 5, 6-7, 8-9, 10-11, 12-14 y 15-17, <\/span><span data-contrast=\"auto\">con un costo de mil <\/span><span data-contrast=\"auto\">300 pesos para el p\u00fablico en general y de <\/span><span data-contrast=\"auto\">mil <\/span><span data-contrast=\"auto\">150 para la comunidad UV.<\/span><span data-ccp-props=\"{&quot;201341983&quot;:0,&quot;335559731&quot;:708,&quot;335559739&quot;:0,&quot;335559740&quot;:240}\">\u00a0<\/span><\/p>\n<p><span data-contrast=\"auto\">Las i<\/span><span data-contrast=\"auto\">nscripciones estar\u00e1n abiertas a partir del 17 de junio, en la entrada del Gimnasio de la Unidad Deportiva de la UV, de 10:00 a 13:00 horas.<\/span><span data-ccp-props=\"{&quot;201341983&quot;:0,&quot;335559731&quot;:708,&quot;335559739&quot;:0,&quot;335559740&quot;:240}\">\u00a0<\/span><\/p>\n<p><span data-contrast=\"auto\">Se indic\u00f3 que el cupo <\/span><span data-contrast=\"auto\">es<\/span><span data-contrast=\"auto\"> para 500 alumnos, esper\u00e1ndose <\/span><span data-contrast=\"auto\">una <\/span><span data-contrast=\"auto\">buen<\/span><span data-contrast=\"auto\">a<\/span><span data-contrast=\"auto\"> participaci\u00f3n tomando en cuenta el \u00e9xito obtenido el a\u00f1o pasado.<\/span><span data-ccp-props=\"{&quot;201341983&quot;:0,&quot;335559731&quot;:708,&quot;335559739&quot;:0,&quot;335559740&quot;:240}\">\u00a0<\/span><\/p>\n<p><span data-contrast=\"auto\">Para mayor informaci\u00f3n, los interesados pu<\/span><span data-contrast=\"auto\">eden comunicarse al tel\u00e9fono 22832418<\/span><span data-contrast=\"auto\">3<\/span><span data-contrast=\"auto\">5.<\/span><span data-ccp-props=\"{&quot;201341983&quot;:0,&quot;335559731&quot;:708,&quot;335559739&quot;:0,&quot;335559740&quot;:240}\">\u00a0<\/span><\/p>\n","protected":false},"excerpt":{"rendered":"<p>Podr\u00e1n acudir ni\u00f1os y j\u00f3venes de tres a 17 a\u00f1os. Las acticvidades se desarrollar\u00e1n del 8 de julio al 2 de agosto en el Campus para la Cultura, las Artes y el Deporte de la UV<\/p>\n","protected":false},"author":1508,"featured_media":69120,"comment_status":"closed","ping_status":"closed","sticky":false,"template":"","format":"standard","meta":{"footnotes":""},"categories":[12],"tags":[],"class_list":["post-69119","post","type-post","status-publish","format-standard","has-post-thumbnail","hentry","category-deportes"],"_links":{"self":[{"href":"https:\/\/www.uv.mx\/prensa\/wp-json\/wp\/v2\/posts\/69119","targetHints":{"allow":["GET"]}}],"collection":[{"href":"https:\/\/www.uv.mx\/prensa\/wp-json\/wp\/v2\/posts"}],"about":[{"href":"https:\/\/www.uv.mx\/prensa\/wp-json\/wp\/v2\/types\/post"}],"author":[{"embeddable":true,"href":"https:\/\/www.uv.mx\/prensa\/wp-json\/wp\/v2\/users\/1508"}],"replies":[{"embeddable":true,"href":"https:\/\/www.uv.mx\/prensa\/wp-json\/wp\/v2\/comments?post=69119"}],"version-history":[{"count":0,"href":"https:\/\/www.uv.mx\/prensa\/wp-json\/wp\/v2\/posts\/69119\/revisions"}],"wp:featuredmedia":[{"embeddable":true,"href":"https:\/\/www.uv.mx\/prensa\/wp-json\/wp\/v2\/media\/69120"}],"wp:attachment":[{"href":"https:\/\/www.uv.mx\/prensa\/wp-json\/wp\/v2\/media?parent=69119"}],"wp:term":[{"taxonomy":"category","embeddable":true,"href":"https:\/\/www.uv.mx\/prensa\/wp-json\/wp\/v2\/categories?post=69119"},{"taxonomy":"post_tag","embeddable":true,"href":"https:\/\/www.uv.mx\/prensa\/wp-json\/wp\/v2\/tags?post=69119"}],"curies":[{"name":"wp","href":"https:\/\/api.w.org\/{rel}","templated":true}]}}