{"id":69097,"date":"2019-06-04T08:00:51","date_gmt":"2019-06-04T13:00:51","guid":{"rendered":"https:\/\/www.uv.mx\/prensa\/?p=69097"},"modified":"2019-06-04T14:12:05","modified_gmt":"2019-06-04T19:12:05","slug":"uv-y-proteccion-civil-firmaron-convenio-de-colaboracion","status":"publish","type":"post","link":"https:\/\/www.uv.mx\/prensa\/banner\/uv-y-proteccion-civil-firmaron-convenio-de-colaboracion\/","title":{"rendered":"UV y Protecci\u00f3n Civil firmaron convenio de colaboraci\u00f3n"},"content":{"rendered":"<ul>\n<li><em>Trabajar\u00e1n conjuntamente en materia de transferencia tecnol\u00f3gica, capacitaci\u00f3n, cuestiones geol\u00f3gicas y s\u00edsmicas, entre otras<\/em><\/li>\n<\/ul>\n<p>&nbsp;<\/p>\n<div id=\"attachment_69081\" style=\"width: 732px\" class=\"wp-caption aligncenter\"><a href=\"https:\/\/www.uv.mx\/prensa\/files\/2019\/06\/030619-Convenio-ProtecciOn-Civil-1.jpg\"><img loading=\"lazy\" decoding=\"async\" aria-describedby=\"caption-attachment-69081\" class=\"size-full wp-image-69081\" src=\"https:\/\/www.uv.mx\/prensa\/files\/2019\/06\/030619-Convenio-ProtecciOn-Civil-1.jpg\" alt=\"\" width=\"722\" height=\"482\" srcset=\"https:\/\/www.uv.mx\/prensa\/files\/2019\/06\/030619-Convenio-ProtecciOn-Civil-1.jpg 722w, https:\/\/www.uv.mx\/prensa\/files\/2019\/06\/030619-Convenio-ProtecciOn-Civil-1-300x200.jpg 300w\" sizes=\"auto, (max-width: 722px) 100vw, 722px\" \/><\/a><p id=\"caption-attachment-69081\" class=\"wp-caption-text\">UV y Secretar\u00eda de Protecci\u00f3n Civil impulsar\u00e1n transferencia de tecnolog\u00eda<\/p><\/div>\n<p>&nbsp;<\/p>\n<p><strong><em>Paola Cort\u00e9s P\u00e9rez<\/em><\/strong><\/p>\n<p><strong><em>04\/06\/19, Xalapa, Ver.-<\/em><\/strong> La Universidad Veracruzana (UV) y la Secretar\u00eda de Protecci\u00f3n Civil del estado firmaron el convenio de colaboraci\u00f3n marco, durante la celebraci\u00f3n de la Primera Sesi\u00f3n Ordinaria del Consejo Estatal de Protecci\u00f3n Civil, realizada la tarde del lunes 3 de junio en el patio central del Palacio de Gobierno.<\/p>\n<p>La sesi\u00f3n fue encabezada por el gobernador del estado de Veracruz, Cuitl\u00e1huac Garc\u00eda Jim\u00e9nez, y la secretaria de Protecci\u00f3n Civil Estatal, Guadalupe Osorno Maldonado, que estuvieron acompa\u00f1ados de funcionarios estatales y federales.<\/p>\n<p>El convenio fue signado por la rectora de la UV, Sara Ladr\u00f3n de Guevara, y la titular de la Secretar\u00eda de Protecci\u00f3n Civil, Guadalupe Osorno; fungi\u00f3 como testigo de honor el gobernador de la entidad.<\/p>\n<p>La funcionaria estatal explic\u00f3 que esto implica trabajar conjuntamente con algunas entidades acad\u00e9micas de la Universidad, entre ellas el Centro de Ciencias de la Tierra (CCT), en materia de transferencia de tecnolog\u00eda, capacitaci\u00f3n, cuestiones geol\u00f3gicas y s\u00edsmicas, y dem\u00e1s t\u00f3picos.<\/p>\n<p>\u201cLas partes involucradas buscamos desarrollar mesas de trabajo, las cuales estoy segura ser\u00e1n muy fruct\u00edferas y traer\u00e1n beneficios para los veracruzanos.\u201d<\/p>\n<p>&nbsp;<\/p>\n<div id=\"attachment_69077\" style=\"width: 732px\" class=\"wp-caption aligncenter\"><a href=\"https:\/\/www.uv.mx\/prensa\/files\/2019\/06\/030619-Convenio-ProtecciOn-Civil-2.jpg\"><img loading=\"lazy\" decoding=\"async\" aria-describedby=\"caption-attachment-69077\" class=\"size-full wp-image-69077\" src=\"https:\/\/www.uv.mx\/prensa\/files\/2019\/06\/030619-Convenio-ProtecciOn-Civil-2.jpg\" alt=\"\" width=\"722\" height=\"482\" srcset=\"https:\/\/www.uv.mx\/prensa\/files\/2019\/06\/030619-Convenio-ProtecciOn-Civil-2.jpg 722w, https:\/\/www.uv.mx\/prensa\/files\/2019\/06\/030619-Convenio-ProtecciOn-Civil-2-300x200.jpg 300w\" sizes=\"auto, (max-width: 722px) 100vw, 722px\" \/><\/a><p id=\"caption-attachment-69077\" class=\"wp-caption-text\">La rectora Sara Ladr\u00f3n de Guevara asisti\u00f3 como invitada especial al Consejo Estatal de Protecci\u00f3n Civil<\/p><\/div>\n","protected":false},"excerpt":{"rendered":"<p>\u201cLas partes involucradas buscamos desarrollar mesas de trabajo, las cuales estoy segura ser\u00e1n muy fruct\u00edferas y traer\u00e1n beneficios para los veracruzanos\u201d: Guadalupe Osorno<\/p>\n","protected":false},"author":1508,"featured_media":69098,"comment_status":"closed","ping_status":"closed","sticky":false,"template":"","format":"standard","meta":{"footnotes":""},"categories":[61],"tags":[],"class_list":["post-69097","post","type-post","status-publish","format-standard","has-post-thumbnail","hentry","category-banner"],"_links":{"self":[{"href":"https:\/\/www.uv.mx\/prensa\/wp-json\/wp\/v2\/posts\/69097","targetHints":{"allow":["GET"]}}],"collection":[{"href":"https:\/\/www.uv.mx\/prensa\/wp-json\/wp\/v2\/posts"}],"about":[{"href":"https:\/\/www.uv.mx\/prensa\/wp-json\/wp\/v2\/types\/post"}],"author":[{"embeddable":true,"href":"https:\/\/www.uv.mx\/prensa\/wp-json\/wp\/v2\/users\/1508"}],"replies":[{"embeddable":true,"href":"https:\/\/www.uv.mx\/prensa\/wp-json\/wp\/v2\/comments?post=69097"}],"version-history":[{"count":0,"href":"https:\/\/www.uv.mx\/prensa\/wp-json\/wp\/v2\/posts\/69097\/revisions"}],"wp:featuredmedia":[{"embeddable":true,"href":"https:\/\/www.uv.mx\/prensa\/wp-json\/wp\/v2\/media\/69098"}],"wp:attachment":[{"href":"https:\/\/www.uv.mx\/prensa\/wp-json\/wp\/v2\/media?parent=69097"}],"wp:term":[{"taxonomy":"category","embeddable":true,"href":"https:\/\/www.uv.mx\/prensa\/wp-json\/wp\/v2\/categories?post=69097"},{"taxonomy":"post_tag","embeddable":true,"href":"https:\/\/www.uv.mx\/prensa\/wp-json\/wp\/v2\/tags?post=69097"}],"curies":[{"name":"wp","href":"https:\/\/api.w.org\/{rel}","templated":true}]}}