{"id":69089,"date":"2019-06-04T08:00:02","date_gmt":"2019-06-04T13:00:02","guid":{"rendered":"https:\/\/www.uv.mx\/prensa\/?p=69089"},"modified":"2019-06-04T11:36:18","modified_gmt":"2019-06-04T16:36:18","slug":"estudiantes-realizaron-muestra-de-musica-teatro-y-danza","status":"publish","type":"post","link":"https:\/\/www.uv.mx\/prensa\/cultura\/estudiantes-realizaron-muestra-de-musica-teatro-y-danza\/","title":{"rendered":"Estudiantes realizaron muestra de m\u00fasica, teatro y danza"},"content":{"rendered":"<p>&nbsp;<\/p>\n<div id='gallery-1' class='gallery galleryid-69089 gallery-columns-2 gallery-size-full'><dl class='gallery-item'>\n\t\t\t<dt class='gallery-icon landscape'>\n\t\t\t\t<a href='https:\/\/www.uv.mx\/prensa\/files\/2019\/06\/030619-veracruz-muestra-1.jpg'><img loading=\"lazy\" decoding=\"async\" width=\"722\" height=\"481\" src=\"https:\/\/www.uv.mx\/prensa\/files\/2019\/06\/030619-veracruz-muestra-1.jpg\" class=\"attachment-full size-full\" alt=\"\" aria-describedby=\"gallery-1-69056\" srcset=\"https:\/\/www.uv.mx\/prensa\/files\/2019\/06\/030619-veracruz-muestra-1.jpg 722w, https:\/\/www.uv.mx\/prensa\/files\/2019\/06\/030619-veracruz-muestra-1-300x200.jpg 300w\" sizes=\"auto, (max-width: 722px) 100vw, 722px\" \/><\/a>\n\t\t\t<\/dt>\n\t\t\t\t<dd class='wp-caption-text gallery-caption' id='gallery-1-69056'>\n\t\t\t\tAlumnos de improvisaci\u00f3n teatral\n\t\t\t\t<\/dd><\/dl><dl class='gallery-item'>\n\t\t\t<dt class='gallery-icon landscape'>\n\t\t\t\t<a href='https:\/\/www.uv.mx\/prensa\/files\/2019\/06\/030619-veracruz-muestra-2.jpg'><img loading=\"lazy\" decoding=\"async\" width=\"722\" height=\"481\" src=\"https:\/\/www.uv.mx\/prensa\/files\/2019\/06\/030619-veracruz-muestra-2.jpg\" class=\"attachment-full size-full\" alt=\"\" aria-describedby=\"gallery-1-69055\" srcset=\"https:\/\/www.uv.mx\/prensa\/files\/2019\/06\/030619-veracruz-muestra-2.jpg 722w, https:\/\/www.uv.mx\/prensa\/files\/2019\/06\/030619-veracruz-muestra-2-300x200.jpg 300w\" sizes=\"auto, (max-width: 722px) 100vw, 722px\" \/><\/a>\n\t\t\t<\/dt>\n\t\t\t\t<dd class='wp-caption-text gallery-caption' id='gallery-1-69055'>\n\t\t\t\tLos j\u00f3venes interpretaron bailes folkl\u00f3ricos\n\t\t\t\t<\/dd><\/dl><br style=\"clear: both\" \/>\n\t\t<\/div>\n\n<p>&nbsp;<\/p>\n<p><b><i><span data-contrast=\"auto\">04\/06\/19, Boca del R\u00edo, Ver.-<\/span><\/i><\/b><span data-contrast=\"auto\"> Expresiones art\u00edsticas de m\u00fasica, danza y teatro fueron presentadas por 469 estudiantes de la Universidad Veracruzana (UV)<\/span><span data-contrast=\"auto\">,<\/span><span data-contrast=\"auto\"> los d\u00edas 28, 29 y 30 de mayo en diferentes espacios p\u00fablicos de Veracruz y Boca del R\u00edo<\/span><span data-contrast=\"auto\">.<\/span><span data-ccp-props=\"{&quot;201341983&quot;:0,&quot;335559739&quot;:160,&quot;335559740&quot;:240}\">\u00a0<\/span><\/p>\n<p><span data-contrast=\"auto\">La <\/span><span data-contrast=\"auto\">Muestra de <\/span><span data-contrast=\"auto\">A<\/span><span data-contrast=\"auto\">rtes <\/span><span data-contrast=\"auto\">E<\/span><span data-contrast=\"auto\">sc\u00e9nicas <\/span><span data-contrast=\"auto\">es organi<\/span><span data-contrast=\"auto\">zada cada fin de cursos por la C<\/span><span data-contrast=\"auto\">oordinaci\u00f3n de Difusi\u00f3n <\/span><span data-contrast=\"auto\">C<\/span><span data-contrast=\"auto\">ultural de la regi\u00f3n<\/span><span data-contrast=\"auto\"> Veracruz<\/span><span data-contrast=\"auto\">,<\/span><span data-contrast=\"auto\"> con el objeti<\/span><span data-contrast=\"auto\">vo de mostrar el aprendizaje de<\/span><span data-contrast=\"auto\"> los universitarios <\/span><span data-contrast=\"auto\">d<\/span><span data-contrast=\"auto\">el \u00c1rea de Formaci\u00f3n de Elecci\u00f3n Libre (AFEL).<\/span><span data-ccp-props=\"{&quot;201341983&quot;:0,&quot;335559731&quot;:708,&quot;335559739&quot;:160,&quot;335559740&quot;:240}\">\u00a0<\/span><\/p>\n<p><span data-contrast=\"auto\">\u201cDebido al aumento de alumnos en las diferen<\/span><span data-contrast=\"auto\">tes opciones que se ofrecen en D<\/span><span data-contrast=\"auto\">ifusi\u00f3n <\/span><span data-contrast=\"auto\">C<\/span><span data-contrast=\"auto\">ultural<\/span><span data-contrast=\"auto\">,<\/span> <span data-contrast=\"auto\">este <\/span><span data-contrast=\"auto\">a\u00f1o <\/span><span data-contrast=\"auto\">se organizaron tres muestras\u201d<\/span><span data-contrast=\"auto\">, coment\u00f3 la coordinadora <\/span><span data-contrast=\"auto\">regional<\/span><span data-contrast=\"auto\"> Ana Lilia Salda\u00f1a Ortiz.<\/span><span data-ccp-props=\"{&quot;201341983&quot;:0,&quot;335559731&quot;:708,&quot;335559739&quot;:160,&quot;335559740&quot;:240}\">\u00a0<\/span><\/p>\n<p><span data-contrast=\"auto\">Durante los <\/span><span data-contrast=\"auto\">tres<\/span><span data-contrast=\"auto\"> d\u00edas se apreciaron: <\/span><span data-contrast=\"auto\">m<\/span><span data-contrast=\"auto\">\u00fasica y cantares jar<\/span><span data-contrast=\"auto\">ochos; bailes de sal\u00f3n como el m<\/span><span data-contrast=\"auto\">ambo y el <\/span><span data-contrast=\"auto\">d<\/span><span data-contrast=\"auto\">anz\u00f3n<\/span><span data-contrast=\"auto\">; s<\/span><span data-contrast=\"auto\">on huasteco<\/span><span data-contrast=\"auto\">,<\/span><span data-contrast=\"auto\"> bailes nacionales de M\u00e9xico originarios de Tabasco, Sonora<\/span><span data-contrast=\"auto\"> y<\/span><span data-contrast=\"auto\"> Veracruz<\/span><span data-contrast=\"auto\">;<\/span> <span data-contrast=\"auto\">c<\/span><span data-contrast=\"auto\">anto coral<\/span><span data-contrast=\"auto\">;<\/span> <span data-contrast=\"auto\">e<\/span><span data-contrast=\"auto\">xpresi\u00f3n corporal<\/span><span data-contrast=\"auto\">,<\/span><span data-contrast=\"auto\"> e <\/span><span data-contrast=\"auto\">i<\/span><span data-contrast=\"auto\">mprovisaci\u00f3n teatral.<\/span><span data-ccp-props=\"{&quot;201341983&quot;:0,&quot;335559731&quot;:708,&quot;335559739&quot;:160,&quot;335559740&quot;:240}\">\u00a0<\/span><\/p>\n<p><span data-contrast=\"auto\">Cabe mencionar que la formaci\u00f3n integral de los estudiantes de la UV comprende materias de su \u00e1rea disciplinar y de formaci\u00f3n b\u00e1sica como ingl\u00e9s, computaci\u00f3n y habilidades del pensamiento<\/span><span data-contrast=\"auto\">,<\/span><span data-contrast=\"auto\"> adem\u00e1s de cursar <\/span><span data-contrast=\"auto\">actividades deportivas y culturales<\/span><span data-contrast=\"auto\">.<\/span><span data-ccp-props=\"{&quot;201341983&quot;:0,&quot;335559731&quot;:708,&quot;335559739&quot;:160,&quot;335559740&quot;:240}\">\u00a0<\/span><\/p>\n<p>&nbsp;<\/p>\n<div id='gallery-2' class='gallery galleryid-69089 gallery-columns-2 gallery-size-full'><dl class='gallery-item'>\n\t\t\t<dt class='gallery-icon landscape'>\n\t\t\t\t<a href='https:\/\/www.uv.mx\/prensa\/files\/2019\/06\/030619-veracruz-muestra-3.jpg'><img loading=\"lazy\" decoding=\"async\" width=\"722\" height=\"481\" src=\"https:\/\/www.uv.mx\/prensa\/files\/2019\/06\/030619-veracruz-muestra-3.jpg\" class=\"attachment-full size-full\" alt=\"\" aria-describedby=\"gallery-2-69053\" srcset=\"https:\/\/www.uv.mx\/prensa\/files\/2019\/06\/030619-veracruz-muestra-3.jpg 722w, https:\/\/www.uv.mx\/prensa\/files\/2019\/06\/030619-veracruz-muestra-3-300x200.jpg 300w\" sizes=\"auto, (max-width: 722px) 100vw, 722px\" \/><\/a>\n\t\t\t<\/dt>\n\t\t\t\t<dd class='wp-caption-text gallery-caption' id='gallery-2-69053'>\n\t\t\t\tMuestra de m\u00fasica popular \n\t\t\t\t<\/dd><\/dl><dl class='gallery-item'>\n\t\t\t<dt class='gallery-icon landscape'>\n\t\t\t\t<a href='https:\/\/www.uv.mx\/prensa\/files\/2019\/06\/030619-veracruz-muestra-4.jpg'><img loading=\"lazy\" decoding=\"async\" width=\"722\" height=\"481\" src=\"https:\/\/www.uv.mx\/prensa\/files\/2019\/06\/030619-veracruz-muestra-4.jpg\" class=\"attachment-full size-full\" alt=\"\" aria-describedby=\"gallery-2-69052\" srcset=\"https:\/\/www.uv.mx\/prensa\/files\/2019\/06\/030619-veracruz-muestra-4.jpg 722w, https:\/\/www.uv.mx\/prensa\/files\/2019\/06\/030619-veracruz-muestra-4-300x200.jpg 300w\" sizes=\"auto, (max-width: 722px) 100vw, 722px\" \/><\/a>\n\t\t\t<\/dt>\n\t\t\t\t<dd class='wp-caption-text gallery-caption' id='gallery-2-69052'>\n\t\t\t\tA ritmo de mambo\n\t\t\t\t<\/dd><\/dl><br style=\"clear: both\" \/>\n\t\t<\/div>\n\n","protected":false},"excerpt":{"rendered":"<p>La Muestra de Artes Esc\u00e9nicas es organizada cada fin de cursos por la Coordinaci\u00f3n de Difusi\u00f3n Cultural de la regi\u00f3n Veracruz<\/p>\n","protected":false},"author":1508,"featured_media":69055,"comment_status":"closed","ping_status":"closed","sticky":false,"template":"","format":"standard","meta":{"footnotes":""},"categories":[11,55],"tags":[],"class_list":["post-69089","post","type-post","status-publish","format-standard","has-post-thumbnail","hentry","category-cultura","category-veracruz"],"_links":{"self":[{"href":"https:\/\/www.uv.mx\/prensa\/wp-json\/wp\/v2\/posts\/69089","targetHints":{"allow":["GET"]}}],"collection":[{"href":"https:\/\/www.uv.mx\/prensa\/wp-json\/wp\/v2\/posts"}],"about":[{"href":"https:\/\/www.uv.mx\/prensa\/wp-json\/wp\/v2\/types\/post"}],"author":[{"embeddable":true,"href":"https:\/\/www.uv.mx\/prensa\/wp-json\/wp\/v2\/users\/1508"}],"replies":[{"embeddable":true,"href":"https:\/\/www.uv.mx\/prensa\/wp-json\/wp\/v2\/comments?post=69089"}],"version-history":[{"count":0,"href":"https:\/\/www.uv.mx\/prensa\/wp-json\/wp\/v2\/posts\/69089\/revisions"}],"wp:featuredmedia":[{"embeddable":true,"href":"https:\/\/www.uv.mx\/prensa\/wp-json\/wp\/v2\/media\/69055"}],"wp:attachment":[{"href":"https:\/\/www.uv.mx\/prensa\/wp-json\/wp\/v2\/media?parent=69089"}],"wp:term":[{"taxonomy":"category","embeddable":true,"href":"https:\/\/www.uv.mx\/prensa\/wp-json\/wp\/v2\/categories?post=69089"},{"taxonomy":"post_tag","embeddable":true,"href":"https:\/\/www.uv.mx\/prensa\/wp-json\/wp\/v2\/tags?post=69089"}],"curies":[{"name":"wp","href":"https:\/\/api.w.org\/{rel}","templated":true}]}}