{"id":69084,"date":"2019-06-04T08:00:16","date_gmt":"2019-06-04T13:00:16","guid":{"rendered":"https:\/\/www.uv.mx\/prensa\/?p=69084"},"modified":"2019-06-03T20:07:02","modified_gmt":"2019-06-04T01:07:02","slug":"cambio-climatico-y-globalizacion-propician-repunte-de-enfermedades-parasitarias","status":"publish","type":"post","link":"https:\/\/www.uv.mx\/prensa\/general\/cambio-climatico-y-globalizacion-propician-repunte-de-enfermedades-parasitarias\/","title":{"rendered":"Cambio clim\u00e1tico y globalizaci\u00f3n propician repunte de enfermedades parasitarias"},"content":{"rendered":"<ul>\n<li data-leveltext=\"\uf0b7\" data-font=\"Symbol\" data-listid=\"3\" data-aria-posinset=\"1\" data-aria-level=\"1\"><i><span data-contrast=\"auto\">La poblaci\u00f3n infantil y mujeres embarazadas<\/span><\/i> <i><span data-contrast=\"auto\">son los<\/span><\/i><i><span data-contrast=\"auto\"> sector<\/span><\/i><i><span data-contrast=\"auto\">es<\/span><\/i><i><span data-contrast=\"auto\"> m\u00e1s vulnerable<\/span><\/i><i><span data-contrast=\"auto\">s<\/span><\/i><span data-ccp-props=\"{&quot;201341983&quot;:0,&quot;335559739&quot;:0,&quot;335559740&quot;:240}\">\u00a0<\/span><\/li>\n<\/ul>\n<p>&nbsp;<\/p>\n<div id=\"attachment_69049\" style=\"width: 732px\" class=\"wp-caption aligncenter\"><a href=\"https:\/\/www.uv.mx\/prensa\/files\/2019\/06\/030619-enfermedades-parasitarias-1.jpg\"><img loading=\"lazy\" decoding=\"async\" aria-describedby=\"caption-attachment-69049\" class=\"size-full wp-image-69049\" src=\"https:\/\/www.uv.mx\/prensa\/files\/2019\/06\/030619-enfermedades-parasitarias-1.jpg\" alt=\"\" width=\"722\" height=\"482\" srcset=\"https:\/\/www.uv.mx\/prensa\/files\/2019\/06\/030619-enfermedades-parasitarias-1.jpg 722w, https:\/\/www.uv.mx\/prensa\/files\/2019\/06\/030619-enfermedades-parasitarias-1-300x200.jpg 300w\" sizes=\"auto, (max-width: 722px) 100vw, 722px\" \/><\/a><p id=\"caption-attachment-69049\" class=\"wp-caption-text\">Bertha Yanahiz Mendoza L\u00f3pez, alumna de Bioan\u00e1lisis, en su charla sobre enfermedades parasitarias<\/p><\/div>\n<p>&nbsp;<\/p>\n<p><b><i><span data-contrast=\"auto\">Jos\u00e9 Luis <\/span><\/i><\/b><b><i><span data-contrast=\"auto\">Couttolenc<\/span><\/i><\/b><b><i><span data-contrast=\"auto\"> Soto<\/span><\/i><\/b><span data-ccp-props=\"{&quot;201341983&quot;:0,&quot;335559739&quot;:0,&quot;335559740&quot;:240}\">\u00a0<\/span><\/p>\n<p><b><i><span data-contrast=\"auto\">04\/06\/19, Xalapa, Ver.-<\/span><\/i><\/b><span data-contrast=\"auto\"> El cambio clim\u00e1tico, la globalizaci\u00f3n y falta de programas de prevenci\u00f3n por parte del sector gubernamental, han propiciado el repunte de enfermedades parasitarias intestinales en el mundo, <\/span><span data-contrast=\"auto\">y<\/span> <span data-contrast=\"auto\">son <\/span><span data-contrast=\"auto\">los ni\u00f1os y mujeres embarazadas<\/span><span data-contrast=\"auto\"> los m\u00e1s vulnerables<\/span><span data-contrast=\"auto\">, sostuvo Bertha Yanahiz Mendoza L\u00f3pez, alumna del sexto semestre de la Facultad de Bioan\u00e1lisis de la Universidad Veracruzana (UV).<\/span><span data-ccp-props=\"{&quot;201341983&quot;:0,&quot;335559739&quot;:0,&quot;335559740&quot;:240}\">\u00a0<\/span><\/p>\n<p><span data-contrast=\"auto\">La universitaria ofreci\u00f3 la charla \u201c<\/span><span data-contrast=\"auto\">Las enfermedades parasitarias intestinales com<\/span><span data-contrast=\"auto\">o un problema de salud p\u00fablica\u201d, <\/span><span data-contrast=\"auto\">el viernes 31 de mayo <\/span><span data-contrast=\"auto\">en el Aula de Maestros de la entidad universitaria.<\/span><span data-ccp-props=\"{&quot;201341983&quot;:0,&quot;335559731&quot;:708,&quot;335559739&quot;:0,&quot;335559740&quot;:240}\">\u00a0<\/span><\/p>\n<p><span data-contrast=\"auto\">S<\/span><span data-contrast=\"auto\">e\u00f1al\u00f3 que el aumento de viajeros<\/span> <span data-contrast=\"auto\">de los pa\u00edses en desarrollo<\/span><span data-contrast=\"auto\"> e<\/span><span data-contrast=\"auto\"> industrializados, combinado con la globalizaci\u00f3n que lleva en ascenso la comercializaci\u00f3n de productos frescos, contribuyen en gran medida a la diseminaci\u00f3n de los agentes de enfermedades parasitarias y de otros agentes pat\u00f3genos<\/span><span data-contrast=\"auto\">, cuya dispersi\u00f3n no est\u00e1 restringida por situaciones geogr\u00e1ficas o econ\u00f3micas, convirti\u00e9ndolas en una amenaza mundial significativa.<\/span><span data-ccp-props=\"{&quot;201341983&quot;:0,&quot;335559739&quot;:0,&quot;335559740&quot;:240}\">\u00a0<\/span><\/p>\n<p><span data-contrast=\"auto\">Bertha <\/span><span data-contrast=\"auto\">Yanahiz<\/span><span data-contrast=\"auto\"> Mendoza <\/span><span data-contrast=\"auto\">e<\/span><span data-contrast=\"auto\">xpres\u00f3 que las epidemias ocasionadas por <\/span><span data-contrast=\"auto\">protozoos a trav\u00e9s de alimentos<\/span><span data-contrast=\"auto\"> no son muy frecuentes, con excepci\u00f3n de las asociadas con <\/span><i><span data-contrast=\"auto\">Cyclospora<\/span><\/i> <i><span data-contrast=\"auto\">cayetanensis<\/span><\/i><span data-contrast=\"auto\">, que en el mundo desarrollado occidental se le asocia a un gran n\u00famero de epidemias por productos frescos contaminados.<\/span><span data-ccp-props=\"{&quot;201341983&quot;:0,&quot;335559739&quot;:0,&quot;335559740&quot;:240}\">\u00a0<\/span><\/p>\n<p><span data-contrast=\"auto\">Respecto a<\/span><span data-contrast=\"auto\"> las principales enfermedades parasitarias en el mundo, mencion\u00f3 que son: <\/span><i><span data-contrast=\"auto\">Esquisto<\/span><\/i><i><span data-contrast=\"auto\">so<\/span><\/i><i><span data-contrast=\"auto\">miasis<\/span><\/i><span data-contrast=\"auto\">, que se distribuye principalmente en \u00c1frica, Brasil, Venezuela, Oriente Medio, China, Indonesia y Filipinas<\/span><span data-contrast=\"auto\">.<\/span> <span data-contrast=\"auto\">D<\/span><span data-contrast=\"auto\">e acuerdo a la Organizaci\u00f3n Mundial de la Salud (OMS), en 2007 se registraron 200 millones de casos, de los cuales s\u00f3lo 100 millones tuvieron acceso a alg\u00fan tr<\/span><span data-contrast=\"auto\">atamiento.<\/span><span data-ccp-props=\"{&quot;201341983&quot;:0,&quot;335559739&quot;:0,&quot;335559740&quot;:240}\">\u00a0<\/span><\/p>\n<p><span data-contrast=\"auto\">Otro padecimiento parasitario es el <\/span><i><span data-contrast=\"auto\">Oncocercosis<\/span><\/i> <span data-contrast=\"auto\">(ceguera de r\u00edo), que es transmitido por la mosca negra <\/span><i><span data-contrast=\"auto\">Simulium<\/span><\/i><span data-contrast=\"auto\">; <\/span><span data-contrast=\"auto\">el 99 por ciento <\/span><span data-contrast=\"auto\">de las personas con esta enfermedad vive en \u00c1frica, y para 2017 la <\/span><span data-contrast=\"auto\">OMS ten\u00edan un registro de 20.9 millones de casos en el mundo; de la <\/span><i><span data-contrast=\"auto\">Teniasis<\/span><\/i><span data-contrast=\"auto\"> y <\/span><i><span data-contrast=\"auto\">C<\/span><\/i><i><span data-contrast=\"auto\">isticercosis<\/span><\/i><span data-contrast=\"auto\">, que se contrae<\/span><span data-contrast=\"auto\">n<\/span><span data-contrast=\"auto\"> a trav\u00e9s de larvas que afectan el tejido o el cerebro, el mayor n\u00famero de casos se ti<\/span><span data-contrast=\"auto\">enen en \u00c1frica, Asia y Am\u00e9rica L<\/span><span data-contrast=\"auto\">atina<\/span><span data-contrast=\"auto\"> (AL)<\/span><span data-contrast=\"auto\">, y en el mundo se tiene un registro de 8.3 millones de personas con <\/span><span data-contrast=\"auto\">neurocisticercosis<\/span><span data-contrast=\"auto\">.<\/span><span data-ccp-props=\"{&quot;201341983&quot;:0,&quot;335559739&quot;:0,&quot;335559740&quot;:240}\">\u00a0<\/span><\/p>\n<p><span data-contrast=\"auto\">En relaci\u00f3n a vectores, en la parte continental de A<\/span><span data-contrast=\"auto\">L <\/span><span data-contrast=\"auto\">se registraron entre seis y siete millones de padecimientos por <\/span><i><span data-contrast=\"auto\">Triatominae<\/span><\/i><span data-contrast=\"auto\">;<\/span> <span data-contrast=\"auto\">por paludismo<\/span><span data-contrast=\"auto\">,<\/span><span data-contrast=\"auto\"> el mayor impacto se ha dado en \u00c1frica, Asia y Am\u00e9rica, que en 2017 re<\/span><span data-contrast=\"auto\">gistraron 219 millones de casos y<\/span><span data-contrast=\"auto\"> provocaron la muerte de ni\u00f1os<\/span><span data-contrast=\"auto\">,<\/span><span data-contrast=\"auto\"> principalmente.<\/span><span data-ccp-props=\"{&quot;201341983&quot;:0,&quot;335559739&quot;:0,&quot;335559740&quot;:240}\">\u00a0<\/span><\/p>\n<p><span data-contrast=\"auto\">\u201cA nivel mundial hay mucha parasitosis, <\/span><span data-contrast=\"auto\">de <\/span><span data-contrast=\"auto\">la gente que necesita tratamiento s\u00f3lo la mitad tiene acceso a \u00e9l y el problema radica en que son enfermedades olvidadas por los programas de salud instrumentadas por <\/span><span data-contrast=\"auto\">los<\/span> <span data-contrast=\"auto\">gobiernos; <\/span><span data-contrast=\"auto\">nosotros como profesionales de la salud intentam<\/span><span data-contrast=\"auto\">os realizar buenos diagn\u00f3sticos<\/span><span data-contrast=\"auto\"> y fomentar en la poblaci\u00f3n h\u00e1bitos de prevenci\u00f3n, porque prevenir sale m\u00e1s bar<\/span><span data-contrast=\"auto\">at<\/span><span data-contrast=\"auto\">o que tratar la enfermedad\u201d, precis\u00f3 la joven universitaria.<\/span><span data-ccp-props=\"{&quot;201341983&quot;:0,&quot;335559739&quot;:0,&quot;335559740&quot;:240}\">\u00a0<\/span><\/p>\n","protected":false},"excerpt":{"rendered":"<p>La dispersi\u00f3n de los agentes de enfermedades parasitarias y otros pat\u00f3genos es una amenaza mundial significativa<\/p>\n","protected":false},"author":1508,"featured_media":69049,"comment_status":"closed","ping_status":"closed","sticky":false,"template":"","format":"standard","meta":{"footnotes":""},"categories":[1],"tags":[],"class_list":["post-69084","post","type-post","status-publish","format-standard","has-post-thumbnail","hentry","category-general"],"_links":{"self":[{"href":"https:\/\/www.uv.mx\/prensa\/wp-json\/wp\/v2\/posts\/69084","targetHints":{"allow":["GET"]}}],"collection":[{"href":"https:\/\/www.uv.mx\/prensa\/wp-json\/wp\/v2\/posts"}],"about":[{"href":"https:\/\/www.uv.mx\/prensa\/wp-json\/wp\/v2\/types\/post"}],"author":[{"embeddable":true,"href":"https:\/\/www.uv.mx\/prensa\/wp-json\/wp\/v2\/users\/1508"}],"replies":[{"embeddable":true,"href":"https:\/\/www.uv.mx\/prensa\/wp-json\/wp\/v2\/comments?post=69084"}],"version-history":[{"count":0,"href":"https:\/\/www.uv.mx\/prensa\/wp-json\/wp\/v2\/posts\/69084\/revisions"}],"wp:featuredmedia":[{"embeddable":true,"href":"https:\/\/www.uv.mx\/prensa\/wp-json\/wp\/v2\/media\/69049"}],"wp:attachment":[{"href":"https:\/\/www.uv.mx\/prensa\/wp-json\/wp\/v2\/media?parent=69084"}],"wp:term":[{"taxonomy":"category","embeddable":true,"href":"https:\/\/www.uv.mx\/prensa\/wp-json\/wp\/v2\/categories?post=69084"},{"taxonomy":"post_tag","embeddable":true,"href":"https:\/\/www.uv.mx\/prensa\/wp-json\/wp\/v2\/tags?post=69084"}],"curies":[{"name":"wp","href":"https:\/\/api.w.org\/{rel}","templated":true}]}}