{"id":69039,"date":"2019-06-03T15:27:34","date_gmt":"2019-06-03T20:27:34","guid":{"rendered":"https:\/\/www.uv.mx\/prensa\/?p=69039"},"modified":"2019-06-03T15:27:34","modified_gmt":"2019-06-03T20:27:34","slug":"uv-convoca-al-curso-vacacional-de-natacion-ollin-2019","status":"publish","type":"post","link":"https:\/\/www.uv.mx\/prensa\/deportes\/uv-convoca-al-curso-vacacional-de-natacion-ollin-2019\/","title":{"rendered":"UV convoca al Curso Vacacional de Nataci\u00f3n \u201cOllin\u201d 2019"},"content":{"rendered":"<ul>\n<li data-leveltext=\"\uf0b7\" data-font=\"Symbol\" data-listid=\"1\" data-aria-posinset=\"1\" data-aria-level=\"1\"><i><span data-contrast=\"auto\">Ser\u00e1 del 8 <\/span><\/i><i><span data-contrast=\"auto\">de julio al 2 de agosto, en la A<\/span><\/i><i><span data-contrast=\"auto\">lberca<\/span><\/i> <i><span data-contrast=\"auto\">U<\/span><\/i><i><span data-contrast=\"auto\">niversitaria<\/span><\/i><i><span data-contrast=\"auto\"> \u201cEulalio R\u00edos\u201d<\/span><\/i><span data-ccp-props=\"{&quot;201341983&quot;:0,&quot;335559739&quot;:0,&quot;335559740&quot;:240}\">\u00a0<\/span><i><\/i><\/li>\n<\/ul>\n<p>&nbsp;<\/p>\n<div id=\"attachment_69040\" style=\"width: 568px\" class=\"wp-caption aligncenter\"><a href=\"https:\/\/www.uv.mx\/prensa\/files\/2019\/06\/030619-CURSO-OLLIN-2019.jpg\"><img loading=\"lazy\" decoding=\"async\" aria-describedby=\"caption-attachment-69040\" class=\"size-full wp-image-69040\" src=\"https:\/\/www.uv.mx\/prensa\/files\/2019\/06\/030619-CURSO-OLLIN-2019.jpg\" alt=\"\" width=\"558\" height=\"722\" srcset=\"https:\/\/www.uv.mx\/prensa\/files\/2019\/06\/030619-CURSO-OLLIN-2019.jpg 558w, https:\/\/www.uv.mx\/prensa\/files\/2019\/06\/030619-CURSO-OLLIN-2019-232x300.jpg 232w\" sizes=\"auto, (max-width: 558px) 100vw, 558px\" \/><\/a><p id=\"caption-attachment-69040\" class=\"wp-caption-text\">El 18 de junio inician las inscripciones<\/p><\/div>\n<p>&nbsp;<\/p>\n<p><b><i><span data-contrast=\"auto\">Santiago Morales Ortiz<\/span><\/i><\/b><span data-ccp-props=\"{&quot;201341983&quot;:0,&quot;335559739&quot;:0,&quot;335559740&quot;:240}\">\u00a0<\/span><\/p>\n<p><b><i><span data-contrast=\"auto\">03\/06\/<\/span><\/i><\/b><b><i><span data-contrast=\"auto\">19, <\/span><\/i><\/b><b><i><span data-contrast=\"auto\">Xalapa<\/span><\/i><\/b><b><i><span data-contrast=\"auto\">, Ver.-<\/span><\/i><\/b> <span data-contrast=\"auto\">La Direcci\u00f3n de Actividades Deportivas de la Universidad Veracruzana<\/span><span data-contrast=\"auto\"> (DADUV)<\/span><span data-contrast=\"auto\"> dio a conocer la invitaci\u00f3n para la versi\u00f3n 2019 del Curso <\/span><span data-contrast=\"auto\">Vacacional <\/span><span data-contrast=\"auto\">de Nataci\u00f3n \u201c<\/span><span data-contrast=\"auto\">Oll<\/span><span data-contrast=\"auto\">i<\/span><span data-contrast=\"auto\">n<\/span><span data-contrast=\"auto\">\u201d<\/span><span data-contrast=\"auto\">, mismo que se desarrollar\u00e1 del 8 de julio al 2 de agosto<\/span><span data-contrast=\"auto\">.<\/span><span data-ccp-props=\"{&quot;201341983&quot;:0,&quot;335559739&quot;:0,&quot;335559740&quot;:240}\">\u00a0<\/span><\/p>\n<p><span data-contrast=\"auto\">La actividad se realizar\u00e1 en la <\/span><span data-contrast=\"auto\">A<\/span><span data-contrast=\"auto\">lberca <\/span><span data-contrast=\"auto\">U<\/span><span data-contrast=\"auto\">niversitaria \u201cEulalio R\u00edos\u201d, con invitaci\u00f3n a ni\u00f1os y j\u00f3venes<\/span><span data-contrast=\"auto\">; el costo es de 800 pesos para extra-<\/span><span data-contrast=\"auto\">universitarios y de 500 pesos para universitarios.<\/span><span data-ccp-props=\"{&quot;201341983&quot;:0,&quot;335559731&quot;:708,&quot;335559739&quot;:0,&quot;335559740&quot;:240}\">\u00a0<\/span><\/p>\n<p><span data-contrast=\"auto\">La<\/span><span data-contrast=\"auto\">s<\/span><span data-contrast=\"auto\"> sesiones ser\u00e1n de una hora diaria de lunes a viernes<\/span><span data-contrast=\"auto\">,<\/span><span data-contrast=\"auto\"> de 9:00 a 14:00 horas, de acuerdo a cada una de las categor\u00edas que ser\u00e1n<\/span><span data-contrast=\"auto\">:<\/span><span data-contrast=\"auto\"> de 5 a 7, 8 a 10, 11 a 14 y 15 a\u00f1os en adelante.<\/span><span data-ccp-props=\"{&quot;201341983&quot;:0,&quot;335559731&quot;:708,&quot;335559739&quot;:0,&quot;335559740&quot;:240}\">\u00a0<\/span><\/p>\n<p><span data-contrast=\"auto\">Se indic\u00f3 que las inscripciones estar\u00e1n abiertas a partir del 18 de junio hasta el 13 de julio en las oficinas de la DADUV, ubic<\/span><span data-contrast=\"auto\">adas en el Circuito Gonzalo Aguirre Beltr\u00e1n<\/span><span data-contrast=\"auto\"> sin n\u00famero, <\/span><span data-contrast=\"auto\">en<\/span><span data-contrast=\"auto\"> la <\/span><span data-contrast=\"auto\">z<\/span><span data-contrast=\"auto\">ona <\/span><span data-contrast=\"auto\">u<\/span><span data-contrast=\"auto\">niversitaria<\/span><span data-contrast=\"auto\">, de 9:00 a 13:30 y de 17:00 a 19:30 horas<\/span><span data-contrast=\"auto\">.<\/span><span data-ccp-props=\"{&quot;201341983&quot;:0,&quot;335559731&quot;:708,&quot;335559739&quot;:0,&quot;335559740&quot;:240}\">\u00a0<\/span><\/p>\n<p><span data-contrast=\"auto\">Quienes requieran <\/span><span data-contrast=\"auto\">mayor informaci\u00f3n <\/span><span data-contrast=\"auto\">sobre<\/span><span data-contrast=\"auto\"> los requisitos pueden comunicarse al tel\u00e9fono 8421700, extensi\u00f3n 11654.<\/span><span data-ccp-props=\"{&quot;201341983&quot;:0,&quot;335559731&quot;:708,&quot;335559739&quot;:0,&quot;335559740&quot;:240}\">\u00a0<\/span><\/p>\n<p><span data-contrast=\"auto\">Se espera la participaci\u00f3n de m\u00e1s de 400 alumnos, tomando en cuenta el \u00e9xito obtenido en las versiones anteriores.<\/span><span data-ccp-props=\"{&quot;201341983&quot;:0,&quot;335559731&quot;:708,&quot;335559739&quot;:0,&quot;335559740&quot;:240}\">\u00a0<\/span><\/p>\n","protected":false},"excerpt":{"rendered":"<p>Ser\u00e1 del 8 de julio al 2 de agosto, en la Alberca Universitaria \u201cEulalio R\u00edos\u201d\u00a0<\/p>\n","protected":false},"author":1508,"featured_media":0,"comment_status":"closed","ping_status":"closed","sticky":false,"template":"","format":"standard","meta":{"footnotes":""},"categories":[12],"tags":[],"class_list":["post-69039","post","type-post","status-publish","format-standard","hentry","category-deportes"],"_links":{"self":[{"href":"https:\/\/www.uv.mx\/prensa\/wp-json\/wp\/v2\/posts\/69039","targetHints":{"allow":["GET"]}}],"collection":[{"href":"https:\/\/www.uv.mx\/prensa\/wp-json\/wp\/v2\/posts"}],"about":[{"href":"https:\/\/www.uv.mx\/prensa\/wp-json\/wp\/v2\/types\/post"}],"author":[{"embeddable":true,"href":"https:\/\/www.uv.mx\/prensa\/wp-json\/wp\/v2\/users\/1508"}],"replies":[{"embeddable":true,"href":"https:\/\/www.uv.mx\/prensa\/wp-json\/wp\/v2\/comments?post=69039"}],"version-history":[{"count":0,"href":"https:\/\/www.uv.mx\/prensa\/wp-json\/wp\/v2\/posts\/69039\/revisions"}],"wp:attachment":[{"href":"https:\/\/www.uv.mx\/prensa\/wp-json\/wp\/v2\/media?parent=69039"}],"wp:term":[{"taxonomy":"category","embeddable":true,"href":"https:\/\/www.uv.mx\/prensa\/wp-json\/wp\/v2\/categories?post=69039"},{"taxonomy":"post_tag","embeddable":true,"href":"https:\/\/www.uv.mx\/prensa\/wp-json\/wp\/v2\/tags?post=69039"}],"curies":[{"name":"wp","href":"https:\/\/api.w.org\/{rel}","templated":true}]}}