{"id":68974,"date":"2019-05-31T16:15:55","date_gmt":"2019-05-31T21:15:55","guid":{"rendered":"https:\/\/www.uv.mx\/prensa\/?p=68974"},"modified":"2019-05-31T20:07:26","modified_gmt":"2019-06-01T01:07:26","slug":"ciclo-de-cine-hirokazu-koreeda-en-el-aula-clavijero","status":"publish","type":"post","link":"https:\/\/www.uv.mx\/prensa\/cultura\/ciclo-de-cine-hirokazu-koreeda-en-el-aula-clavijero\/","title":{"rendered":"Ciclo de cine <em>Hirokazu Koreeda<\/em>,\u00a0en el Aula Clavijero\u00a0"},"content":{"rendered":"<p>&nbsp;<\/p>\n<div id=\"attachment_68923\" style=\"width: 732px\" class=\"wp-caption aligncenter\"><a href=\"https:\/\/www.uv.mx\/prensa\/files\/2019\/05\/300519-Aula-Clavijero.jpg\"><img loading=\"lazy\" decoding=\"async\" aria-describedby=\"caption-attachment-68923\" class=\"size-full wp-image-68923\" src=\"https:\/\/www.uv.mx\/prensa\/files\/2019\/05\/300519-Aula-Clavijero.jpg\" alt=\"\" width=\"722\" height=\"286\" srcset=\"https:\/\/www.uv.mx\/prensa\/files\/2019\/05\/300519-Aula-Clavijero.jpg 722w, https:\/\/www.uv.mx\/prensa\/files\/2019\/05\/300519-Aula-Clavijero-300x119.jpg 300w\" sizes=\"auto, (max-width: 722px) 100vw, 722px\" \/><\/a><p id=\"caption-attachment-68923\" class=\"wp-caption-text\">Cartel del ciclo <em>Hirokazu Koreeda<\/em><\/p><\/div>\n<p><span data-ccp-props=\"{&quot;201341983&quot;:0,&quot;335559739&quot;:160,&quot;335559740&quot;:240}\">\u00a0<\/span><\/p>\n<p><span data-ccp-props=\"{&quot;201341983&quot;:0,&quot;335559739&quot;:160,&quot;335559740&quot;:240}\">\u00a0<\/span><\/p>\n<p><b><i><span data-contrast=\"auto\">3<\/span><\/i><\/b><b><i><span data-contrast=\"auto\">1<\/span><\/i><\/b><b><i><span data-contrast=\"auto\">\/05\/19, Xalapa, Ver.- <\/span><\/i><\/b><span data-contrast=\"auto\">La Coordinaci\u00f3n de Cinematograf\u00eda de la Universidad Veracruzana (UV) presentar\u00e1 los lunes y mi\u00e9rcoles de junio el ciclo <\/span><i><span data-contrast=\"auto\">Hirokazu<\/span><\/i> <i><span data-contrast=\"auto\">Koreeda<\/span><\/i><span data-contrast=\"auto\">, dedicado a uno de los cineastas relevantes del cine japon\u00e9s actual. La cita ser\u00e1 a las 18:00 horas en el Aula Clavijero.<\/span><span data-ccp-props=\"{&quot;201341983&quot;:0,&quot;335559739&quot;:160,&quot;335559740&quot;:240}\">\u00a0<\/span><\/p>\n<p><span data-contrast=\"auto\">Heredero de <\/span><span data-contrast=\"auto\">Yasujiro<\/span> <span data-contrast=\"auto\">Ozu<\/span><span data-contrast=\"auto\"> por la elegancia de <\/span><span data-contrast=\"auto\">sus composiciones formales y la constante <\/span><span data-contrast=\"auto\">tem\u00e1tica de la familia como eje narrativo central, <\/span><span data-contrast=\"auto\">Hirokaz<\/span><span data-contrast=\"auto\">u<\/span> <span data-contrast=\"auto\">Koreeda<\/span><span data-contrast=\"auto\"> ha sido reconocido en algunos de los festivales internacionales <\/span><span data-contrast=\"auto\">m\u00e1s <\/span><span data-contrast=\"auto\">importantes.<\/span><span data-ccp-props=\"{&quot;201341983&quot;:0,&quot;335559731&quot;:708,&quot;335559739&quot;:160,&quot;335559740&quot;:240}\">\u00a0<\/span><\/p>\n<p><span data-contrast=\"auto\">El ciclo inicia<\/span><span data-contrast=\"auto\"> el lunes 3<\/span><span data-contrast=\"auto\"> con <\/span><i><span data-contrast=\"auto\">La vida despu\u00e9s de la muerte<\/span><\/i><span data-contrast=\"auto\"> (<\/span><span data-contrast=\"auto\">1998),<\/span><span data-contrast=\"auto\"> espl\u00e9ndida reflexi\u00f3n <\/span><span data-contrast=\"auto\">en clave<\/span><span data-contrast=\"auto\"> fant\u00e1stica <\/span><span data-contrast=\"auto\">sobre la <\/span><span data-contrast=\"auto\">muerte, el perd\u00f3n, la alegr\u00eda<\/span><span data-contrast=\"auto\">, <\/span><span data-contrast=\"auto\">el am<\/span><span data-contrast=\"auto\">or a la vida y la<\/span><span data-contrast=\"auto\"> manera <\/span><span data-contrast=\"auto\">como <\/span><span data-contrast=\"auto\">los recuerdos embonan en la existencia humana. <\/span><span data-contrast=\"auto\">Este film fue ganador del P<\/span><span data-contrast=\"auto\">remio FIPRESCI en el Festival de San Sebasti\u00e1n.<\/span><span data-ccp-props=\"{&quot;201341983&quot;:0,&quot;335559731&quot;:708,&quot;335559739&quot;:160,&quot;335559740&quot;:240}\">\u00a0<\/span><\/p>\n<p><span data-contrast=\"auto\">El <\/span><span data-contrast=\"auto\">mi\u00e9rcoles<\/span> <span data-contrast=\"auto\">5 toca el turno a<\/span> <i><span data-contrast=\"auto\">Nadie sabe<\/span><\/i><span data-contrast=\"auto\"> (2004)<\/span><span data-contrast=\"auto\">, que<\/span><span data-contrast=\"auto\"> aborda <\/span><span data-contrast=\"auto\">con delicadeza <\/span><span data-contrast=\"auto\">la <\/span><span data-contrast=\"auto\">desestabilizaci\u00f3n de varios<\/span><span data-contrast=\"auto\"> herman<\/span><span data-contrast=\"auto\">os ante la ausencia de la madre, encarnados <\/span><span data-contrast=\"auto\">por <\/span><span data-contrast=\"auto\">un cuadro actoral magn\u00edfico<\/span><span data-contrast=\"auto\">.<\/span><span data-ccp-props=\"{&quot;201341983&quot;:0,&quot;335559731&quot;:708,&quot;335559739&quot;:160,&quot;335559740&quot;:240}\">\u00a0<\/span><\/p>\n<p><i><span data-contrast=\"auto\">Hana<\/span><\/i><span data-contrast=\"auto\"> (2006) <\/span><span data-contrast=\"auto\">se proyectar\u00e1 el lunes 10. La <\/span><span data-contrast=\"auto\">historia <\/span><span data-contrast=\"auto\">se <\/span><span data-contrast=\"auto\">ubica en el siglo XVIII<\/span><span data-contrast=\"auto\">, <\/span><span data-contrast=\"auto\">c<\/span><span data-contrast=\"auto\">entrando<\/span><span data-contrast=\"auto\"> la atenci\u00f3n en un <\/span><span data-contrast=\"auto\">samur\u00e1i joven <\/span><span data-contrast=\"auto\">que <\/span><span data-contrast=\"auto\">se <\/span><span data-contrast=\"auto\">cuestiona el acto vengativo<\/span><span data-contrast=\"auto\"> en honor a su padre<\/span><span data-contrast=\"auto\"> en medio de un entor<\/span><span data-contrast=\"auto\">no familiar <\/span><span data-contrast=\"auto\">alentador.<\/span><span data-ccp-props=\"{&quot;201341983&quot;:0,&quot;335559731&quot;:708,&quot;335559739&quot;:160,&quot;335559740&quot;:240}\">\u00a0<\/span><\/p>\n<p><span data-contrast=\"auto\">El <\/span><span data-contrast=\"auto\">mi\u00e9rcoles <\/span><span data-contrast=\"auto\">12 ser\u00e1<\/span> <i><span data-contrast=\"auto\">Un d\u00eda en familia<\/span><\/i><span data-contrast=\"auto\"> (2008)<\/span><span data-contrast=\"auto\">, que<\/span> <span data-contrast=\"auto\">recuerda a <\/span><i><span data-contrast=\"auto\">Cuentos de Tokio<\/span><\/i><span data-contrast=\"auto\"> (1953, de <\/span><span data-contrast=\"auto\">Yasujiro<\/span> <span data-contrast=\"auto\">Ozu<\/span><span data-contrast=\"auto\">) y plantea<\/span><span data-contrast=\"auto\"> la relaci\u00f3n de la vida con la muerte, tema central en la cultura japonesa<\/span><span data-contrast=\"auto\">. Gan\u00f3 <\/span><span data-contrast=\"auto\">el premio a mejor pel\u00edcula <\/span><span data-contrast=\"auto\">en el Festival de Mar de Plata.<\/span><span data-ccp-props=\"{&quot;201341983&quot;:0,&quot;335559731&quot;:708,&quot;335559739&quot;:160,&quot;335559740&quot;:240}\">\u00a0<\/span><\/p>\n<p><span data-contrast=\"auto\">Otra g<\/span><span data-contrast=\"auto\">ran obra<\/span><span data-contrast=\"auto\"> de <\/span><span data-contrast=\"auto\">Koreeda<\/span><span data-contrast=\"auto\"> es <\/span><i><span data-contrast=\"auto\">Mu<\/span><\/i><i><span data-contrast=\"auto\">\u00f1eca de aire <\/span><\/i><span data-contrast=\"auto\">(2011)<\/span><span data-contrast=\"auto\">, <\/span><span data-contrast=\"auto\">que se proyectar\u00e1 el lunes 17. La tem\u00e1tica es <\/span><span data-contrast=\"auto\">la so<\/span><span data-contrast=\"auto\">ledad y la b\u00fasqueda del amor en <\/span><span data-contrast=\"auto\">me<\/span><span data-contrast=\"auto\">dio de la incomunicaci\u00f3n <\/span><span data-contrast=\"auto\">contempor\u00e1nea, <\/span><span data-contrast=\"auto\">narrada<\/span><span data-contrast=\"auto\"> con <\/span><span data-contrast=\"auto\">se<\/span><span data-contrast=\"auto\">nsibilidad po\u00e9tica en<\/span><span data-contrast=\"auto\"> un <\/span><span data-contrast=\"auto\">entorno fa<\/span><span data-contrast=\"auto\">nt\u00e1stico.<\/span><span data-ccp-props=\"{&quot;201341983&quot;:0,&quot;335559731&quot;:708,&quot;335559739&quot;:160,&quot;335559740&quot;:240}\">\u00a0<\/span><\/p>\n<p><span data-contrast=\"auto\">El tem<\/span><span data-contrast=\"auto\">a de la familia es retomado <\/span><span data-contrast=\"auto\">en <\/span><i><span data-contrast=\"auto\">Milagro<\/span><\/i><span data-contrast=\"auto\"> (2011), <\/span><span data-contrast=\"auto\">el <\/span><span data-contrast=\"auto\">mi\u00e9rcoles <\/span><span data-contrast=\"auto\">19.<\/span> <span data-contrast=\"auto\">Se trata de una <\/span><span data-contrast=\"auto\">f\u00e1bula sobre la ni\u00f1ez quebrantada<\/span><span data-contrast=\"auto\">,<\/span><span data-contrast=\"auto\"> cuyos personajes entra\u00f1ables respiran espontaneidad y veracidad <\/span><span data-contrast=\"auto\">en una trama emparentada<\/span><span data-contrast=\"auto\"> con la tragicomedia.<\/span><span data-ccp-props=\"{&quot;201341983&quot;:0,&quot;335559731&quot;:708,&quot;335559739&quot;:160,&quot;335559740&quot;:240}\">\u00a0<\/span><\/p>\n<p><i><span data-contrast=\"auto\">De tal padre tal hijo<\/span><\/i><span data-contrast=\"auto\"> (2013) cuestiona con severidad a la c\u00e9lula familiar que impone como eje central el lazo consangu\u00edneo. Esta pel\u00edcula<\/span><span data-contrast=\"auto\">, que se proyectar\u00e1 <\/span><span data-contrast=\"auto\">el lunes 24<\/span><span data-contrast=\"auto\">,<\/span><span data-contrast=\"auto\"> mereci\u00f3 en su momento el Premio del Jurado en el Festival de Cannes y el Premio del P\u00fablico en el Festival de San Sebasti\u00e1n.<\/span><span data-ccp-props=\"{&quot;201341983&quot;:0,&quot;335559731&quot;:708,&quot;335559739&quot;:160,&quot;335559740&quot;:240}\">\u00a0<\/span><\/p>\n<p><span data-contrast=\"auto\">El ciclo <\/span><span data-contrast=\"auto\">concluye con <\/span><i><span data-contrast=\"auto\">Nuestra peque\u00f1a hermana<\/span><\/i><span data-contrast=\"auto\"> (2015), <\/span><span data-contrast=\"auto\">el mi\u00e9rcoles 26. C<\/span><span data-contrast=\"auto\">onmovedor retablo de la reconciliaci\u00f3n familiar <\/span><span data-contrast=\"auto\">de<\/span><span data-contrast=\"auto\"> varias<\/span><span data-contrast=\"auto\"> hermanas, cuyo presente ser\u00e1<\/span><span data-contrast=\"auto\"> asaltado frecuentemente por el pas<\/span><span data-contrast=\"auto\">ado nost\u00e1lgico e hiriente. Mereci\u00f3<\/span> <span data-contrast=\"auto\">el Premio del <\/span><span data-contrast=\"auto\">P<\/span><span data-contrast=\"auto\">\u00fablico en el Festival de San Sebasti\u00e1n.<\/span><span data-ccp-props=\"{&quot;201341983&quot;:0,&quot;335559731&quot;:708,&quot;335559739&quot;:160,&quot;335559740&quot;:240}\">\u00a0<\/span><\/p>\n<p><span data-contrast=\"auto\">E<\/span><span data-contrast=\"auto\">l Aula Clavijero <\/span><span data-contrast=\"auto\">est\u00e1 <\/span><span data-contrast=\"auto\">ubicada en Ju\u00e1rez <\/span><span data-contrast=\"auto\">n\u00famero <\/span><span data-contrast=\"auto\">55<\/span><span data-contrast=\"auto\">, en el centro <\/span><span data-contrast=\"auto\">de Xalapa. La <\/span><span data-contrast=\"auto\">entrada es gratuita<\/span><span data-contrast=\"auto\">.<\/span><span data-ccp-props=\"{&quot;201341983&quot;:0,&quot;335559731&quot;:708,&quot;335559739&quot;:160,&quot;335559740&quot;:240}\">\u00a0<\/span><\/p>\n","protected":false},"excerpt":{"rendered":"<p>Inicia el 3 de junio con <em>La vida despu\u00e9s de la muerte<\/em> (1998)<\/p>\n","protected":false},"author":1869,"featured_media":68923,"comment_status":"closed","ping_status":"closed","sticky":false,"template":"","format":"standard","meta":{"footnotes":""},"categories":[11],"tags":[],"class_list":["post-68974","post","type-post","status-publish","format-standard","has-post-thumbnail","hentry","category-cultura"],"_links":{"self":[{"href":"https:\/\/www.uv.mx\/prensa\/wp-json\/wp\/v2\/posts\/68974","targetHints":{"allow":["GET"]}}],"collection":[{"href":"https:\/\/www.uv.mx\/prensa\/wp-json\/wp\/v2\/posts"}],"about":[{"href":"https:\/\/www.uv.mx\/prensa\/wp-json\/wp\/v2\/types\/post"}],"author":[{"embeddable":true,"href":"https:\/\/www.uv.mx\/prensa\/wp-json\/wp\/v2\/users\/1869"}],"replies":[{"embeddable":true,"href":"https:\/\/www.uv.mx\/prensa\/wp-json\/wp\/v2\/comments?post=68974"}],"version-history":[{"count":0,"href":"https:\/\/www.uv.mx\/prensa\/wp-json\/wp\/v2\/posts\/68974\/revisions"}],"wp:featuredmedia":[{"embeddable":true,"href":"https:\/\/www.uv.mx\/prensa\/wp-json\/wp\/v2\/media\/68923"}],"wp:attachment":[{"href":"https:\/\/www.uv.mx\/prensa\/wp-json\/wp\/v2\/media?parent=68974"}],"wp:term":[{"taxonomy":"category","embeddable":true,"href":"https:\/\/www.uv.mx\/prensa\/wp-json\/wp\/v2\/categories?post=68974"},{"taxonomy":"post_tag","embeddable":true,"href":"https:\/\/www.uv.mx\/prensa\/wp-json\/wp\/v2\/tags?post=68974"}],"curies":[{"name":"wp","href":"https:\/\/api.w.org\/{rel}","templated":true}]}}