{"id":68955,"date":"2019-05-31T12:36:28","date_gmt":"2019-05-31T17:36:28","guid":{"rendered":"https:\/\/www.uv.mx\/prensa\/?p=68955"},"modified":"2026-06-04T12:28:22","modified_gmt":"2026-06-04T18:28:22","slug":"cuando-crezca-quiero-estudiar-en-la-universidad","status":"publish","type":"post","link":"https:\/\/www.uv.mx\/prensa\/cronica\/cuando-crezca-quiero-estudiar-en-la-universidad\/","title":{"rendered":"Cuando crezca\u2026 \u00a1Quiero estudiar en la universidad!"},"content":{"rendered":"<div id=\"attachment_68918\" style=\"width: 732px\" class=\"wp-caption aligncenter\"><a href=\"https:\/\/www.uv.mx\/prensa\/files\/2019\/05\/290519-Quiero-estudiar-la-universidad-1.jpg\"><img loading=\"lazy\" decoding=\"async\" aria-describedby=\"caption-attachment-68918\" class=\"size-full wp-image-68918\" src=\"https:\/\/www.uv.mx\/prensa\/files\/2019\/05\/290519-Quiero-estudiar-la-universidad-1.jpg\" alt=\"El mural de la primaria de El Conejo representa un mapa del pueblo \" width=\"722\" height=\"367\" srcset=\"https:\/\/www.uv.mx\/prensa\/files\/2019\/05\/290519-Quiero-estudiar-la-universidad-1.jpg 722w, https:\/\/www.uv.mx\/prensa\/files\/2019\/05\/290519-Quiero-estudiar-la-universidad-1-300x152.jpg 300w\" sizes=\"auto, (max-width: 722px) 100vw, 722px\" \/><\/a><p id=\"caption-attachment-68918\" class=\"wp-caption-text\">El mural de la primaria de El Conejo representa un mapa del pueblo<\/p><\/div>\n<p>&nbsp;<\/p>\n<p><b><i><span data-contrast=\"auto\">Carlos Hugo Hermida Rosales<\/span><\/i><\/b><\/p>\n<p><b><i><span data-contrast=\"auto\">31\/05\/19, Xalapa, Ver.-<\/span><\/i><\/b> <span data-contrast=\"auto\">Ajenos a las altas temperaturas que imperan en la mayor parte del territorio veracruzano y debidamente abrigados con el su\u00e9ter que forma parte de su uniforme, alumnos de la escuela primaria de El Conejo observan con sorpresa desde las ventanas de sus salones que integrantes de la Universidad Veracruzana (UV) descargan tres grandes bolsas con lonas en su interior las cuales, pasados unos minutos, se convierten en un castillo, un barco y un cuadril\u00e1tero inflables.<\/span><span data-ccp-props=\"{&quot;201341983&quot;:0,&quot;335559739&quot;:160,&quot;335559740&quot;:240}\">\u00a0<\/span><\/p>\n<p><span data-contrast=\"auto\">Los ni\u00f1os no salen de su asombro y no es para menos. No es com\u00fan que los habitantes de esta localidad, ubicada en el valle de Perote, vean este tipo de atracciones, llevadas en esta ocasi\u00f3n por el Voluntariado de la Universidad para festejar \u2013de manera extempor\u00e1nea\u2013 el D\u00eda del Ni\u00f1o.<\/span><span data-ccp-props=\"{&quot;201341983&quot;:0,&quot;335559731&quot;:708,&quot;335559739&quot;:160,&quot;335559740&quot;:240}\">\u00a0<\/span><\/p>\n<p><span data-contrast=\"auto\">La carretera a El Conejo est\u00e1 impecablemente asfaltada y ese dejo de modernidad contrasta con la sensaci\u00f3n de que en este lugar el tiempo se detuvo y qued\u00f3 <\/span><span data-contrast=\"auto\">congelada la estampa de la provincia mexicana de la segunda mitad del siglo pasado<\/span><span data-contrast=\"auto\">.<\/span><span data-ccp-props=\"{&quot;201341983&quot;:0,&quot;335559731&quot;:708,&quot;335559739&quot;:160,&quot;335559740&quot;:240}\">\u00a0<\/span><\/p>\n<p><span data-contrast=\"auto\">\u00a0Las personas a\u00fan platican en los p\u00f3rticos de sus casas, mismas que lucen sin adornos ni remozamientos t\u00edpicos de las zonas urbanas. De su interior salen <\/span><span data-contrast=\"auto\">columnas de humo producto de la le\u00f1a que se utiliza para cocinar.<\/span><span data-contrast=\"auto\"> Los autom\u00f3viles son escasos, y es com\u00fan ver a las personas trasladarse a caballo, o incluso recorrer grandes distancias a pie.<\/span><span data-ccp-props=\"{&quot;201341983&quot;:0,&quot;335559731&quot;:708,&quot;335559739&quot;:160,&quot;335559740&quot;:240}\">\u00a0<\/span><\/p>\n<p><span data-contrast=\"auto\">La emoci\u00f3n de esta visita puede describirse mirando la reacci\u00f3n de Enrique \u2013o \u201cEl Pollo\u201d como lo llaman sus amigos por la semejanza de sus cabellos <\/span><span data-contrast=\"auto\">rebeldes<\/span> <span data-contrast=\"auto\">con<\/span><span data-contrast=\"auto\"> la cresta de esta ave de corral\u2013, quien observa desde un escondite, ubicado atr\u00e1s de los ba\u00f1os escolares, c\u00f3mo alumnos y maestros de la Universidad descargan de autom\u00f3viles dulces, regalos, e incluso media docena de pi\u00f1atas.<\/span><span data-ccp-props=\"{&quot;201341983&quot;:0,&quot;335559731&quot;:708,&quot;335559739&quot;:160,&quot;335559740&quot;:240}\">\u00a0<\/span><\/p>\n<p><span data-contrast=\"auto\">Con un brillo de picard\u00eda en su mirada y una sonrisa que deja ver unos dientes de un blanco dif\u00edcil de encontrar en un peque\u00f1o de la ciudad, hace se\u00f1as a sus compa\u00f1eros para que se escapen del sal\u00f3n como \u00e9l lo hizo minutos atr\u00e1s al aprovechar un descuido de su maestra, y as\u00ed puedan ver todos los regalos que recibir\u00e1n en unas horas.<\/span><span data-ccp-props=\"{&quot;201341983&quot;:0,&quot;335559731&quot;:708,&quot;335559739&quot;:160,&quot;335559740&quot;:240}\">\u00a0<\/span><\/p>\n<p><span data-contrast=\"auto\">En El Conejo las personas son sencillas y amables, que respetan celosamente las costumbres y tradiciones heredadas por sus antepasados. Su principal forma de subsistencia es la agricultura, dentro de la que sobresalen los cultivos de papa y ma\u00edz, adem\u00e1s de la ganader\u00eda en menor escala.<\/span><span data-ccp-props=\"{&quot;201341983&quot;:0,&quot;335559731&quot;:708,&quot;335559739&quot;:160,&quot;335559740&quot;:240}\">\u00a0<\/span><\/p>\n<p><span data-contrast=\"auto\">La tasa de natalidad es m\u00e1s alta que en la mayor\u00eda de las ciudades del pa\u00eds, ya que alcanza un promedio de tres hijos por matrimonio, aunque \u00e9sta no se compara con la de medio siglo atr\u00e1s, tiempo en que no era raro en el pueblo encontrar familias que llegaban a engendrar una docena de ni\u00f1os.<\/span><\/p>\n<p>&nbsp;<\/p>\n<div id=\"attachment_68917\" style=\"width: 732px\" class=\"wp-caption aligncenter\"><a href=\"https:\/\/www.uv.mx\/prensa\/files\/2019\/05\/290519-Quiero-estudiar-la-universidad-2.jpg\"><img loading=\"lazy\" decoding=\"async\" aria-describedby=\"caption-attachment-68917\" class=\"size-full wp-image-68917\" src=\"https:\/\/www.uv.mx\/prensa\/files\/2019\/05\/290519-Quiero-estudiar-la-universidad-2.jpg\" alt=\"La ganader\u00eda es una actividad secundaria que se realiza en este lugar \" width=\"722\" height=\"481\" srcset=\"https:\/\/www.uv.mx\/prensa\/files\/2019\/05\/290519-Quiero-estudiar-la-universidad-2.jpg 722w, https:\/\/www.uv.mx\/prensa\/files\/2019\/05\/290519-Quiero-estudiar-la-universidad-2-300x200.jpg 300w\" sizes=\"auto, (max-width: 722px) 100vw, 722px\" \/><\/a><p id=\"caption-attachment-68917\" class=\"wp-caption-text\">La ganader\u00eda es una actividad secundaria que se realiza en este lugar<\/p><\/div>\n<p>&nbsp;<\/p>\n<p><span data-contrast=\"auto\">\u201cMi t\u00eda Perla tuvo 17 hijos, y de los 15 que a\u00fan viven s\u00f3lo tres contin\u00faan aqu\u00ed, ya que los dem\u00e1s se fueron a distintas ciudades de M\u00e9xico y Estados Unidos\u201d, relat\u00f3 Consuelo \u2013se\u00f1ora de la tercera edad\u2013 mientras serv\u00eda un delicioso plato de mole negro, acompa\u00f1ado por una taza con caf\u00e9 de olla calentado a la le\u00f1a.<\/span><span data-ccp-props=\"{&quot;201341983&quot;:0,&quot;335559731&quot;:708,&quot;335559739&quot;:160,&quot;335559740&quot;:240}\">\u00a0<\/span><\/p>\n<p><span data-contrast=\"auto\">Do\u00f1a Chelo explic\u00f3 <\/span><span data-contrast=\"auto\">que<\/span><span data-contrast=\"auto\">,<\/span><span data-contrast=\"auto\"> ante la falta de recursos econ\u00f3micos, la partera es un personaje de gran importancia en la localidad, ya que es ella quien ha tra\u00eddo al mundo a la mayor\u00eda de peque\u00f1os de la regi\u00f3n.<\/span><span data-ccp-props=\"{&quot;201341983&quot;:0,&quot;335559731&quot;:708,&quot;335559739&quot;:160,&quot;335559740&quot;:240}\">\u00a0<\/span><\/p>\n<p><span data-contrast=\"auto\">\u201cEn Xalapa o Perote el parto m\u00e1s barato cuesta ocho mil pesos y aqu\u00ed la partera cobra tres mil 500 que se le pueden dar en pagos; adem\u00e1s su servicio incluye vendajes para reafirmar el vientre, sobadas y tres ba\u00f1os en temazcal\u201d, explic\u00f3 mientras mueve los le\u00f1os para avivar el fuego en que se calienta el mole.<\/span><span data-ccp-props=\"{&quot;201341983&quot;:0,&quot;335559731&quot;:708,&quot;335559739&quot;:160,&quot;335559740&quot;:240}\">\u00a0<\/span><\/p>\n<p><span data-contrast=\"auto\">Una hora m\u00e1s tarde, en el jard\u00edn de ni\u00f1os de la localidad los peque\u00f1os rompen las primeras pi\u00f1atas en un perfecto orden; los varones y las mujeres se forman en filas diferentes, ya que las maestras explican que los primeros son m\u00e1s rudos y pueden llegar a lastimar involuntariamente a sus compa\u00f1eras.<\/span><span data-ccp-props=\"{&quot;201341983&quot;:0,&quot;335559731&quot;:708,&quot;335559739&quot;:160,&quot;335559740&quot;:240}\">\u00a0<\/span><\/p>\n<p><span data-contrast=\"auto\">En la escuela se logra observar que el reciclaje m\u00e1s que una moda pasajera corresponde a una necesidad; envases vac\u00edos de refresco decorados por los ni\u00f1os sirven como peque\u00f1as macetas en las que se siembran hierbas arom\u00e1ticas y plantas medicinales, que son utilizadas por quien las necesite.<\/span><span data-ccp-props=\"{&quot;201341983&quot;:0,&quot;335559731&quot;:708,&quot;335559739&quot;:160,&quot;335559740&quot;:240}\">\u00a0<\/span><\/p>\n<p><span data-contrast=\"auto\">En el patio de juegos sobresalen partes de llantas de varios tama\u00f1os y colores, que sirven para que los peque\u00f1os realicen ejercicio f\u00edsico; esto es un fiel reflejo de c\u00f3mo ante la ausencia de recursos econ\u00f3micos, maestros con verdadera vocaci\u00f3n utilizan aquello que tienen a su alcance para ejercer lo mejor posible su labor formativa.<\/span><span data-ccp-props=\"{&quot;201341983&quot;:0,&quot;335559731&quot;:708,&quot;335559739&quot;:160,&quot;335559740&quot;:240}\">\u00a0<\/span><\/p>\n<p><span data-contrast=\"auto\">En la escuela primaria el movimiento es mayor. Enrique y otros ni\u00f1os juegan con media docena de perros del pueblo que se introdujeron al patio escolar por un hueco en la malla que lo circunda, guiados por su olfato y el olor a comida.<\/span><\/p>\n<div id=\"attachment_68916\" style=\"width: 732px\" class=\"wp-caption aligncenter\"><a href=\"https:\/\/www.uv.mx\/prensa\/files\/2019\/05\/290519-Quiero-estudiar-la-universidad-3.jpg\"><img loading=\"lazy\" decoding=\"async\" aria-describedby=\"caption-attachment-68916\" class=\"size-full wp-image-68916\" src=\"https:\/\/www.uv.mx\/prensa\/files\/2019\/05\/290519-Quiero-estudiar-la-universidad-3.jpg\" alt=\"Macetas fabricadas con envases de refresco \" width=\"722\" height=\"481\" srcset=\"https:\/\/www.uv.mx\/prensa\/files\/2019\/05\/290519-Quiero-estudiar-la-universidad-3.jpg 722w, https:\/\/www.uv.mx\/prensa\/files\/2019\/05\/290519-Quiero-estudiar-la-universidad-3-300x200.jpg 300w\" sizes=\"auto, (max-width: 722px) 100vw, 722px\" \/><\/a><p id=\"caption-attachment-68916\" class=\"wp-caption-text\">Macetas fabricadas con envases de refresco<\/p><\/div>\n<p><span data-contrast=\"auto\">Los peque\u00f1os preguntan insistentemente al personal de la Universidad en qu\u00e9 momento podr\u00e1n subirse a brincar en los juegos inflables, sin despegar la vista de los dulces y las pelotas que ser\u00e1n repartidas en cuesti\u00f3n de minutos.<\/span><span data-ccp-props=\"{&quot;201341983&quot;:0,&quot;335559731&quot;:708,&quot;335559739&quot;:160,&quot;335559740&quot;:240}\">\u00a0<\/span><\/p>\n<p><span data-contrast=\"auto\">A un costado, ajena a todo el ajetreo, una se\u00f1ora introduce por la reja de la escuela un traste con comida casera que le entrega a su hija, acci\u00f3n cada vez m\u00e1s dif\u00edcil de observar en las grandes ciudades en donde la escasez de tiempo y la practicidad orillan a los peque\u00f1os \u2013con el benepl\u00e1cito de sus padres\u2013 a preferir los alimentos preparados que venden en los centros escolares, que en la mayor\u00eda de los casos tienen un nulo valor nutricional.<\/span><span data-ccp-props=\"{&quot;201341983&quot;:0,&quot;335559731&quot;:708,&quot;335559739&quot;:160,&quot;335559740&quot;:240}\">\u00a0<\/span><\/p>\n<p><span data-contrast=\"auto\">El festejo comienza. Un gran n\u00famero de zapatos quedan en el piso y los primeros ni\u00f1os suben a los juegos inflables, mientras otros rodean a quienes empiezan a colgar la primera pi\u00f1ata de uno de los aros en los que se juega basquetbol.<\/span><span data-ccp-props=\"{&quot;201341983&quot;:0,&quot;335559731&quot;:708,&quot;335559739&quot;:160,&quot;335559740&quot;:240}\">\u00a0<\/span><\/p>\n<p><span data-contrast=\"auto\">Hay algarab\u00eda, las risas abundan y los ojos de los ni\u00f1os se ven m\u00e1s grandes y luminosos que de costumbre cuando reciben juguetes e incluso algunas prendas de ropa propias para el fr\u00edo de la regi\u00f3n. Al romperse, las pi\u00f1atas inundan de dulces el patio escolar&#8230; por unos segundos, pues r\u00e1pidamente desaparecen en manos de los ni\u00f1os, quienes comparten entre ellos las golosinas obtenidas.<\/span><span data-ccp-props=\"{&quot;201341983&quot;:0,&quot;335559731&quot;:708,&quot;335559739&quot;:160,&quot;335559740&quot;:240}\">\u00a0<\/span><\/p>\n<p><span data-contrast=\"auto\">Finalmente, despu\u00e9s de un par de horas de diversi\u00f3n los peque\u00f1os marchan a sus casas para poner a resguardo sus tesoros y apoyar a sus papas en las labores del campo o del hogar, que nunca faltan en la comunidad.<\/span><span data-ccp-props=\"{&quot;201341983&quot;:0,&quot;335559731&quot;:708,&quot;335559739&quot;:160,&quot;335559740&quot;:240}\">\u00a0<\/span><\/p>\n<p><span data-contrast=\"auto\">Unos minutos despu\u00e9s de terminado el convivio, con el sol a\u00fan en su punto m\u00e1s alto, se logra ver a Enrique caminar al lado de su hermano mayor mientras conducen a un reba\u00f1o de ovejas a pastar a un campo cercano.<\/span><span data-ccp-props=\"{&quot;201341983&quot;:0,&quot;335559731&quot;:708,&quot;335559739&quot;:160,&quot;335559740&quot;:240}\">\u00a0<\/span><\/p>\n<p><span data-contrast=\"auto\">Antes de desaparecer entre el camino rodeado por \u00e1rboles, \u00e9ste le dice a su hermano: \u201cCuando crezca\u2026 \u00a1Quiero estudiar <\/span><span data-contrast=\"auto\">en <\/span><span data-contrast=\"auto\">la Universidad!\u201d, palabras que cargadas de esperanza se sostienen en el aire, antes de dar paso al silencio y a los ruidos propios de la monta\u00f1a.<\/span><\/p>\n<div id=\"attachment_68913\" style=\"width: 732px\" class=\"wp-caption aligncenter\"><a href=\"https:\/\/www.uv.mx\/prensa\/files\/2019\/05\/290519-Quiero-estudiar-la-universidad-4.jpg\"><img loading=\"lazy\" decoding=\"async\" aria-describedby=\"caption-attachment-68913\" class=\"size-full wp-image-68913\" src=\"https:\/\/www.uv.mx\/prensa\/files\/2019\/05\/290519-Quiero-estudiar-la-universidad-4.jpg\" alt=\"Llantas de autom\u00f3viles forman parte del campo de juegos del jard\u00edn de ni\u00f1os\" width=\"722\" height=\"481\" srcset=\"https:\/\/www.uv.mx\/prensa\/files\/2019\/05\/290519-Quiero-estudiar-la-universidad-4.jpg 722w, https:\/\/www.uv.mx\/prensa\/files\/2019\/05\/290519-Quiero-estudiar-la-universidad-4-300x200.jpg 300w\" sizes=\"auto, (max-width: 722px) 100vw, 722px\" \/><\/a><p id=\"caption-attachment-68913\" class=\"wp-caption-text\">Llantas de autom\u00f3viles forman parte del campo de juegos del jard\u00edn de ni\u00f1os<\/p><\/div>\n","protected":false},"excerpt":{"rendered":"<p>En la comunidad de El Conejo, ajena a todo el ajetreo, una se\u00f1ora introduce por la reja de la escuela un traste con comida casera que le entrega a su hija&#8230; es su almuerzo<\/p>\n","protected":false},"author":1775,"featured_media":68918,"comment_status":"closed","ping_status":"closed","sticky":false,"template":"","format":"standard","meta":{"footnotes":""},"categories":[46],"tags":[1747,4161,7387,5646,6706,1561,5647,6228],"class_list":["post-68955","post","type-post","status-publish","format-standard","has-post-thumbnail","hentry","category-cronica","tag-alumnos","tag-carlos-hugo-hermida-rosales","tag-dia-del-nino","tag-el-conejo","tag-escuela-primaria","tag-ninos","tag-perote","tag-voluntariado-uv"],"_links":{"self":[{"href":"https:\/\/www.uv.mx\/prensa\/wp-json\/wp\/v2\/posts\/68955","targetHints":{"allow":["GET"]}}],"collection":[{"href":"https:\/\/www.uv.mx\/prensa\/wp-json\/wp\/v2\/posts"}],"about":[{"href":"https:\/\/www.uv.mx\/prensa\/wp-json\/wp\/v2\/types\/post"}],"author":[{"embeddable":true,"href":"https:\/\/www.uv.mx\/prensa\/wp-json\/wp\/v2\/users\/1775"}],"replies":[{"embeddable":true,"href":"https:\/\/www.uv.mx\/prensa\/wp-json\/wp\/v2\/comments?post=68955"}],"version-history":[{"count":1,"href":"https:\/\/www.uv.mx\/prensa\/wp-json\/wp\/v2\/posts\/68955\/revisions"}],"predecessor-version":[{"id":170089,"href":"https:\/\/www.uv.mx\/prensa\/wp-json\/wp\/v2\/posts\/68955\/revisions\/170089"}],"wp:featuredmedia":[{"embeddable":true,"href":"https:\/\/www.uv.mx\/prensa\/wp-json\/wp\/v2\/media\/68918"}],"wp:attachment":[{"href":"https:\/\/www.uv.mx\/prensa\/wp-json\/wp\/v2\/media?parent=68955"}],"wp:term":[{"taxonomy":"category","embeddable":true,"href":"https:\/\/www.uv.mx\/prensa\/wp-json\/wp\/v2\/categories?post=68955"},{"taxonomy":"post_tag","embeddable":true,"href":"https:\/\/www.uv.mx\/prensa\/wp-json\/wp\/v2\/tags?post=68955"}],"curies":[{"name":"wp","href":"https:\/\/api.w.org\/{rel}","templated":true}]}}