{"id":68944,"date":"2019-05-31T15:48:31","date_gmt":"2019-05-31T20:48:31","guid":{"rendered":"https:\/\/www.uv.mx\/prensa\/?p=68944"},"modified":"2019-05-31T15:48:31","modified_gmt":"2019-05-31T20:48:31","slug":"ingenieria-civil-realizo-ii-foro-de-investigacion","status":"publish","type":"post","link":"https:\/\/www.uv.mx\/prensa\/regiones\/ingenieria-civil-realizo-ii-foro-de-investigacion\/","title":{"rendered":"Ingenier\u00eda Civil realiz\u00f3 II Foro de Investigaci\u00f3n\u00a0"},"content":{"rendered":"<ul>\n<li data-leveltext=\"\uf0b7\" data-font=\"Symbol\" data-listid=\"1\" data-aria-posinset=\"1\" data-aria-level=\"1\"><i><span data-contrast=\"auto\">D<\/span><\/i><i><span data-contrast=\"auto\">estacados investigadores nacionales y extranjeros<\/span><\/i><i><span data-contrast=\"auto\"> ofrecieron conferencias<\/span><\/i><span data-ccp-props=\"{&quot;134233279&quot;:true,&quot;201341983&quot;:0,&quot;335559739&quot;:160,&quot;335559740&quot;:240}\">\u00a0<\/span><\/li>\n<\/ul>\n<p><span data-ccp-props=\"{&quot;201341983&quot;:0,&quot;335559739&quot;:160,&quot;335559740&quot;:240}\">\u00a0<\/span><\/p>\n<div id=\"attachment_68921\" style=\"width: 732px\" class=\"wp-caption aligncenter\"><a href=\"https:\/\/www.uv.mx\/prensa\/files\/2019\/05\/300519-Foro-Poza-Rica-1.jpg\"><img loading=\"lazy\" decoding=\"async\" aria-describedby=\"caption-attachment-68921\" class=\"size-full wp-image-68921\" src=\"https:\/\/www.uv.mx\/prensa\/files\/2019\/05\/300519-Foro-Poza-Rica-1.jpg\" alt=\"\" width=\"722\" height=\"478\" srcset=\"https:\/\/www.uv.mx\/prensa\/files\/2019\/05\/300519-Foro-Poza-Rica-1.jpg 722w, https:\/\/www.uv.mx\/prensa\/files\/2019\/05\/300519-Foro-Poza-Rica-1-300x199.jpg 300w\" sizes=\"auto, (max-width: 722px) 100vw, 722px\" \/><\/a><p id=\"caption-attachment-68921\" class=\"wp-caption-text\">Amador Ter\u00e1n Guilmore<\/p><\/div>\n<p><span data-ccp-props=\"{&quot;201341983&quot;:0,&quot;335559739&quot;:160,&quot;335559740&quot;:240}\" data-contrast=\"auto\">\u00a0<\/span><\/p>\n<p><b><i><span data-contrast=\"auto\">Alma Celia San Mart\u00edn Cruz<\/span><\/i><\/b><span data-ccp-props=\"{&quot;201341983&quot;:0,&quot;335559739&quot;:160,&quot;335559740&quot;:240}\">\u00a0<\/span><\/p>\n<p><b><i><span data-contrast=\"auto\">3<\/span><\/i><\/b><b><i><span data-contrast=\"auto\">1<\/span><\/i><\/b><b><i><span data-contrast=\"auto\">\/05\/<\/span><\/i><\/b><b><i><span data-contrast=\"auto\">19<\/span><\/i><\/b><b><i><span data-contrast=\"auto\">, Poza Rica, <\/span><\/i><\/b><b><i><span data-contrast=\"auto\">Ver<\/span><\/i><\/b><b><i><span data-contrast=\"auto\">.-<\/span><\/i><\/b> <span data-contrast=\"auto\">L<\/span><span data-contrast=\"auto\">a Facultad de Ingenier\u00eda Civil de la Universidad Veracruzana<\/span><span data-contrast=\"auto\"> (UV) llev\u00f3 a cabo,<\/span> <span data-contrast=\"auto\">l<\/span><span data-contrast=\"auto\">os d\u00edas 29 y 30 de mayo<\/span><span data-contrast=\"auto\">,<\/span><span data-contrast=\"auto\"> el <\/span><span data-contrast=\"auto\">II Foro de Investigaci\u00f3n \u201c<\/span><span data-contrast=\"auto\">Con <\/span><span data-contrast=\"auto\">i<\/span><span data-contrast=\"auto\">mpacto en la <\/span><span data-contrast=\"auto\">d<\/span><span data-contrast=\"auto\">ocencia\u201d, <\/span><span data-contrast=\"auto\">con el fin de que<\/span> <span data-contrast=\"none\">los j\u00f3venes tengan<\/span><span data-contrast=\"none\"> un futuro exitoso y representen <\/span><span data-contrast=\"none\">dignamente <\/span><span data-contrast=\"none\">a la m\u00e1xima casa de estudios en cualquier trabajo o desaf\u00edo que enfrenten.<\/span><span data-ccp-props=\"{&quot;201341983&quot;:0,&quot;335559739&quot;:160,&quot;335559740&quot;:240}\">\u00a0<\/span><\/p>\n<p><span data-contrast=\"none\">Juan P\u00e9rez Hern\u00e1ndez<\/span><span data-contrast=\"none\">,<\/span> <span data-contrast=\"none\">d<\/span><span data-contrast=\"none\">irector de la Facultad de Ingenier\u00eda Civil<\/span><span data-contrast=\"none\">,<\/span> <span data-contrast=\"none\">dio <\/span><span data-contrast=\"none\">la bienvenida a invitados y estudiantes <\/span><span data-contrast=\"none\">y<\/span><span data-contrast=\"none\"> expres<\/span><span data-contrast=\"none\">\u00f3<\/span><span data-contrast=\"none\"> que la ciencia y la ingenier\u00eda civil han avanzado mucho en los \u00faltimos a\u00f1os<\/span><span data-contrast=\"none\">,<\/span><span data-contrast=\"none\"> a pesar de que su desarrollo se ve\u00eda obstruido por fuerz<\/span><span data-contrast=\"none\">as de la naturaleza<\/span><span data-contrast=\"none\">.<\/span><span data-ccp-props=\"{&quot;201341983&quot;:0,&quot;335559731&quot;:708,&quot;335559739&quot;:160,&quot;335559740&quot;:240}\">\u00a0<\/span><\/p>\n<p><span data-contrast=\"none\">La ingenier\u00eda civil es muy importante en el sentido de la b\u00fasqueda intencionada de conocimientos o de soluciones a problemas, se ha llegado a ta<\/span><span data-contrast=\"none\">l<\/span><span data-contrast=\"none\"> grado de conocimientos que actualmente se divide en varias ramas tecnol\u00f3gicas y cient\u00edficas.<\/span><span data-ccp-props=\"{&quot;201341983&quot;:0,&quot;335559731&quot;:708,&quot;335559739&quot;:160,&quot;335559740&quot;:240}\">\u00a0<\/span><\/p>\n<p><span data-contrast=\"none\">En representaci\u00f3n del vicerrector Jos\u00e9 Luis Alan\u00eds M\u00e9ndez<\/span><span data-contrast=\"none\">,<\/span> <span data-contrast=\"none\">la secretaria <\/span><span data-contrast=\"none\">regional <\/span><span data-contrast=\"none\">de Administraci\u00f3n y Finanzas<\/span><span data-contrast=\"none\">,<\/span><span data-contrast=\"none\"> Mar\u00eda Teresa S\u00e1nchez <\/span><span data-contrast=\"none\">Pugliesse<\/span><span data-contrast=\"none\">,<\/span> <span data-contrast=\"none\">realiz\u00f3<\/span><span data-contrast=\"none\"> la inauguraci\u00f3n <\/span><span data-contrast=\"none\">oficial <\/span><span data-contrast=\"none\">del evento.<\/span><span data-ccp-props=\"{&quot;201341983&quot;:0,&quot;335559731&quot;:708,&quot;335559739&quot;:160,&quot;335559740&quot;:240}\">\u00a0<\/span><\/p>\n<p><span data-contrast=\"none\">\u00a0<\/span><span data-contrast=\"none\">En el primer d\u00eda de actividades l<\/span><span data-contrast=\"none\">as conferencias e<\/span><span data-contrast=\"none\">stuvieron a cargo de Amador Ter\u00e1n <\/span><span data-contrast=\"none\">Guil<\/span><span data-contrast=\"none\">more<\/span><span data-contrast=\"none\">,<\/span><span data-contrast=\"none\"> profesor investigador de la <\/span><span data-contrast=\"none\">Universidad Aut\u00f3noma Metropolitana (<\/span><span data-contrast=\"none\">UAM<\/span><span data-contrast=\"none\">)<\/span> <span data-contrast=\"none\">U<\/span><span data-contrast=\"none\">nidad Azcapotzalco<\/span><span data-contrast=\"none\">,<\/span><span data-contrast=\"none\"> quien disert\u00f3 sobre <\/span><span data-contrast=\"none\">\u201c<\/span><span data-contrast=\"none\">Una visi\u00f3n humanista del dise\u00f1o <\/span><span data-contrast=\"none\">sismor<\/span><span data-contrast=\"none\">r<\/span><span data-contrast=\"none\">esistente<\/span><span data-contrast=\"none\">\u201d; Tom\u00e1<\/span><span data-contrast=\"none\">s Romero Maldonado<\/span><span data-contrast=\"none\">,<\/span><span data-contrast=\"none\"> fu<\/span><span data-contrast=\"none\">ndador de la empresa MODOS IE, <\/span><span data-contrast=\"none\">present\u00f3 <\/span><span data-contrast=\"none\">\u201c<\/span><span data-contrast=\"none\">Determinaci\u00f3n de factores globales d<\/span><span data-contrast=\"none\">e dise\u00f1o s\u00edsmico para marcos d\u00factiles con columnas SRC<\/span><span data-contrast=\"none\">\u201d<\/span><span data-contrast=\"none\">.<\/span><span data-ccp-props=\"{&quot;201341983&quot;:0,&quot;335559739&quot;:160,&quot;335559740&quot;:240}\">\u00a0<\/span><\/p>\n<p><span data-contrast=\"none\">\u201c<\/span><span data-contrast=\"none\">Monitoreo estructural y prevenci\u00f3n de desastres por sismos en edificaciones<\/span><span data-contrast=\"none\">\u201d, estuvo<\/span><span data-contrast=\"none\"> a cargo de Isaac Mar\u00edn <\/span><span data-contrast=\"none\">Jasson<\/span><span data-contrast=\"none\">; \u201cL<\/span><span data-contrast=\"none\">a investigaci\u00f3n<\/span><span data-contrast=\"none\">,<\/span><span data-contrast=\"none\"> parte imprescindible para el desarrollo de las nuevas tecnolog\u00edas<\/span><span data-contrast=\"none\">\u201d, fue el tema<\/span> <span data-contrast=\"none\">que <\/span><span data-contrast=\"none\">ofreci\u00f3 <\/span><span data-contrast=\"none\">Daniel <\/span><span data-contrast=\"none\">Enrique<\/span><span data-contrast=\"none\"> Gonz\u00e1lez Ram\u00edrez.<\/span><span data-ccp-props=\"{&quot;201341983&quot;:0,&quot;335559731&quot;:708,&quot;335559739&quot;:160,&quot;335559740&quot;:240}\">\u00a0<\/span><\/p>\n<p><span data-contrast=\"none\">El segundo d\u00eda <\/span><span data-contrast=\"none\">la sede fue<\/span><span data-contrast=\"none\"> la Facultad de<\/span><span data-contrast=\"none\"> Ingenier\u00eda y Ciencias Qu\u00edmicas.<\/span> <span data-contrast=\"none\">Ah\u00ed se desarrollaron las conferencias: <\/span><span data-contrast=\"none\">\u201c<\/span><span data-contrast=\"none\">El bamb\u00fa como material alternativo para la construcci\u00f3n sostenible<\/span><span data-contrast=\"none\">\u201d, conferencia<\/span><span data-contrast=\"none\"> a cargo de \u00c1lvaro Hern\u00e1ndez <\/span><span data-contrast=\"none\">Santiago<\/span><span data-contrast=\"none\">;<\/span> <span data-contrast=\"none\">\u201c<\/span><span data-contrast=\"none\">Propiedades <\/span><span data-contrast=\"none\">mec\u00e1nicas de<\/span><span data-contrast=\"none\"> la especie <\/span><span data-contrast=\"none\">Bambusa<\/span> <span data-contrast=\"none\">Oldhamii<\/span><span data-contrast=\"none\">\u201d, por <\/span><span data-contrast=\"none\">Julio Hern\u00e1ndez <\/span><span data-contrast=\"none\">Atz\u00edn<\/span><span data-contrast=\"none\">.<\/span><span data-ccp-props=\"{&quot;201341983&quot;:0,&quot;335559731&quot;:708,&quot;335559739&quot;:160,&quot;335559740&quot;:240}\">\u00a0<\/span><\/p>\n<p><span data-contrast=\"none\">\u201cDise\u00f1o s<\/span><span data-contrast=\"none\">\u00edsmico de la conexi\u00f3n losa <\/span><span data-contrast=\"none\">po<\/span><span data-contrast=\"none\">stensada<\/span><span data-contrast=\"none\">-columna y <\/span><span data-contrast=\"none\">d<\/span><span data-contrast=\"none\">emostraci\u00f3n con modelos <\/span><span data-contrast=\"none\">f\u00edsicos<\/span><span data-contrast=\"none\"> del aislamiento de base<\/span><span data-contrast=\"none\">\u201d, estuvo<\/span><span data-contrast=\"none\"> a c<\/span><span data-contrast=\"none\">argo de Eduardo Arellano M\u00e9ndez;<\/span> <span data-contrast=\"none\">\u201c<\/span><span data-contrast=\"none\">Muros de PEP sujetos a esfuerzo cortante<\/span><span data-contrast=\"none\">\u201d,<\/span> <span data-contrast=\"none\">por <\/span><span data-contrast=\"none\">Evi<\/span> <span data-contrast=\"none\">Hanani<\/span><span data-contrast=\"none\"> Cruz Zumaya;<\/span> <span data-contrast=\"none\">\u201c<\/span><span data-contrast=\"none\">Estimaci\u00f3n del peligro s\u00edsmico<\/span> <span data-contrast=\"none\">de la<\/span><span data-contrast=\"none\"> ciudad de Tapachula, en M\u00e9xico<\/span><span data-contrast=\"none\">\u201d,<\/span> <span data-contrast=\"none\">fue el tema de<\/span><span data-contrast=\"none\"> Abril Alicia <\/span><span data-contrast=\"none\">Zaleta<\/span><span data-contrast=\"none\"> Alarc\u00f3n<\/span><span data-contrast=\"none\">; y \u201c<\/span><span data-contrast=\"none\">El empleo de fibra de tallo de pl\u00e1tano y ceniza en la elaboraci\u00f3n de blocks para uso en la construcci\u00f3n de viviendas urbanas<\/span><span data-contrast=\"none\">\u201d,<\/span><span data-contrast=\"none\"> de Karla Paola Cruz P\u00e9rez y Marisol Rivera Vite.<\/span><span data-ccp-props=\"{&quot;201341983&quot;:0,&quot;335559731&quot;:708,&quot;335559739&quot;:160,&quot;335559740&quot;:240}\">\u00a0<\/span><\/p>\n<p><span data-ccp-props=\"{&quot;201341983&quot;:0,&quot;335559739&quot;:160,&quot;335559740&quot;:240}\">\u00a0<\/span><\/p>\n<div id=\"attachment_68922\" style=\"width: 732px\" class=\"wp-caption aligncenter\"><a href=\"https:\/\/www.uv.mx\/prensa\/files\/2019\/05\/300519-Foro-Poza-Rica-2.jpg\"><img loading=\"lazy\" decoding=\"async\" aria-describedby=\"caption-attachment-68922\" class=\"size-full wp-image-68922\" src=\"https:\/\/www.uv.mx\/prensa\/files\/2019\/05\/300519-Foro-Poza-Rica-2.jpg\" alt=\"\" width=\"722\" height=\"478\" srcset=\"https:\/\/www.uv.mx\/prensa\/files\/2019\/05\/300519-Foro-Poza-Rica-2.jpg 722w, https:\/\/www.uv.mx\/prensa\/files\/2019\/05\/300519-Foro-Poza-Rica-2-300x199.jpg 300w\" sizes=\"auto, (max-width: 722px) 100vw, 722px\" \/><\/a><p id=\"caption-attachment-68922\" class=\"wp-caption-text\">Estudiantes de Ingenier\u00eda Civil en el II Foro de Investigaci\u00f3n<\/p><\/div>\n","protected":false},"excerpt":{"rendered":"<p>Destacados investigadores nacionales y extranjeros ofrecieron conferencias en la regi\u00f3n poza Rica-Tuxpan, los d\u00edas 29 y 30 de mayo\u00a0<\/p>\n","protected":false},"author":1869,"featured_media":68921,"comment_status":"closed","ping_status":"closed","sticky":false,"template":"","format":"standard","meta":{"footnotes":""},"categories":[54,32],"tags":[],"class_list":["post-68944","post","type-post","status-publish","format-standard","has-post-thumbnail","hentry","category-poza-rica","category-regiones"],"_links":{"self":[{"href":"https:\/\/www.uv.mx\/prensa\/wp-json\/wp\/v2\/posts\/68944","targetHints":{"allow":["GET"]}}],"collection":[{"href":"https:\/\/www.uv.mx\/prensa\/wp-json\/wp\/v2\/posts"}],"about":[{"href":"https:\/\/www.uv.mx\/prensa\/wp-json\/wp\/v2\/types\/post"}],"author":[{"embeddable":true,"href":"https:\/\/www.uv.mx\/prensa\/wp-json\/wp\/v2\/users\/1869"}],"replies":[{"embeddable":true,"href":"https:\/\/www.uv.mx\/prensa\/wp-json\/wp\/v2\/comments?post=68944"}],"version-history":[{"count":0,"href":"https:\/\/www.uv.mx\/prensa\/wp-json\/wp\/v2\/posts\/68944\/revisions"}],"wp:featuredmedia":[{"embeddable":true,"href":"https:\/\/www.uv.mx\/prensa\/wp-json\/wp\/v2\/media\/68921"}],"wp:attachment":[{"href":"https:\/\/www.uv.mx\/prensa\/wp-json\/wp\/v2\/media?parent=68944"}],"wp:term":[{"taxonomy":"category","embeddable":true,"href":"https:\/\/www.uv.mx\/prensa\/wp-json\/wp\/v2\/categories?post=68944"},{"taxonomy":"post_tag","embeddable":true,"href":"https:\/\/www.uv.mx\/prensa\/wp-json\/wp\/v2\/tags?post=68944"}],"curies":[{"name":"wp","href":"https:\/\/api.w.org\/{rel}","templated":true}]}}