{"id":68853,"date":"2019-05-31T08:00:40","date_gmt":"2019-05-31T13:00:40","guid":{"rendered":"https:\/\/www.uv.mx\/prensa\/?p=68853"},"modified":"2026-06-04T12:26:08","modified_gmt":"2026-06-04T18:26:08","slug":"necesario-crear-un-derecho-familiar-uniforme-para-todo-el-pais-magistrado","status":"publish","type":"post","link":"https:\/\/www.uv.mx\/prensa\/general\/necesario-crear-un-derecho-familiar-uniforme-para-todo-el-pais-magistrado\/","title":{"rendered":"Necesario crear un derecho familiar uniforme para todo el pa\u00eds: magistrado"},"content":{"rendered":"<ul>\n<li data-leveltext=\"\uf0b7\" data-font=\"Symbol\" data-listid=\"2\" data-aria-posinset=\"1\" data-aria-level=\"1\"><i><span data-contrast=\"auto\">En Derecho <\/span><\/i><i><span data-contrast=\"auto\">UV <\/span><\/i><i><span data-contrast=\"auto\">fue presentado el libro<\/span><\/i> <span data-contrast=\"auto\">Construcci\u00f3n del derecho de familia<\/span><i><span data-contrast=\"auto\">, que incluye<\/span><\/i> <i><span data-contrast=\"auto\">trabajos de investigadores de diversas universidades<\/span><\/i><\/li>\n<\/ul>\n<p>&nbsp;<\/p>\n<div id=\"attachment_68803\" style=\"width: 732px\" class=\"wp-caption aligncenter\"><a href=\"https:\/\/www.uv.mx\/prensa\/files\/2019\/05\/290519-libro-Derecho-de-familia-1.jpg\"><img loading=\"lazy\" decoding=\"async\" aria-describedby=\"caption-attachment-68803\" class=\"size-full wp-image-68803\" src=\"https:\/\/www.uv.mx\/prensa\/files\/2019\/05\/290519-libro-Derecho-de-familia-1.jpg\" alt=\"M\u00f3nica Robles, An\u00edbal Guzm\u00e1n y Ra\u00fal Pimentel, en la presentaci\u00f3n del libro Construcci\u00f3n del derecho de familia \" width=\"722\" height=\"482\" srcset=\"https:\/\/www.uv.mx\/prensa\/files\/2019\/05\/290519-libro-Derecho-de-familia-1.jpg 722w, https:\/\/www.uv.mx\/prensa\/files\/2019\/05\/290519-libro-Derecho-de-familia-1-300x200.jpg 300w\" sizes=\"auto, (max-width: 722px) 100vw, 722px\" \/><\/a><p id=\"caption-attachment-68803\" class=\"wp-caption-text\">M\u00f3nica Robles, An\u00edbal Guzm\u00e1n y Ra\u00fal Pimentel, en la presentaci\u00f3n del libro <em>Construcci\u00f3n del derecho de familia<\/em><\/p><\/div>\n<p>&nbsp;<\/p>\n<p><b><i><span data-contrast=\"auto\">Jos\u00e9 Luis <\/span><\/i><\/b><b><i><span data-contrast=\"auto\">Couttolenc<\/span><\/i><\/b><b><i><span data-contrast=\"auto\"> Soto<\/span><\/i><\/b><\/p>\n<p><b><i><span data-contrast=\"auto\">31\/05\/19, Xalapa, Ver.-<\/span><\/i><\/b><span data-contrast=\"auto\"> Ra\u00fal Pimentel Murrieta,<\/span><span data-contrast=\"auto\"> m<\/span><span data-contrast=\"auto\">agistrado del Tribunal Superior de Justicia (TSJ),<\/span> <span data-contrast=\"auto\">destac\u00f3 la necesidad de crea<\/span><span data-contrast=\"auto\">r <\/span><span data-contrast=\"auto\">un derecho familiar uniforme para todo el pa\u00eds<\/span><span data-contrast=\"auto\"> pues <\/span><span data-contrast=\"auto\">en cada entidad federativa se le ve desde distintos \u00e1ngulos, <\/span><span data-contrast=\"auto\">lo cual hace<\/span><span data-contrast=\"auto\"> que se tenga que acudir a instancia<\/span><span data-contrast=\"auto\">s<\/span><span data-contrast=\"auto\"> federales para que a trav\u00e9s de la jurisprudencia se vaya normando.<\/span><span data-ccp-props=\"{&quot;201341983&quot;:0,&quot;335559739&quot;:0,&quot;335559740&quot;:240}\">\u00a0<\/span><\/p>\n<p><span data-contrast=\"auto\">A<\/span><span data-contrast=\"auto\">l participar en la presentaci\u00f3n del libro <\/span><i><span data-contrast=\"auto\">Construcci\u00f3n del derecho de familia, <\/span><\/i><span data-contrast=\"auto\">que fue coeditado por la Universidad Veracruzana (UV) y<\/span><span data-contrast=\"auto\"> la editorial<\/span> <span data-contrast=\"auto\">Tirant <\/span><span data-contrast=\"auto\">L<\/span><span data-contrast=\"auto\">o <\/span><span data-contrast=\"auto\">B<\/span><span data-contrast=\"auto\">lanch<\/span><span data-contrast=\"auto\">, <\/span><span data-contrast=\"auto\">el Magistrado del Tribunal Superior de Justicia (TSJ), <\/span><span data-contrast=\"auto\">Pimentel Murrieta r<\/span><span data-contrast=\"auto\">efiri\u00f3 que durante m\u00e1s de 90 a\u00f1os se ha vivido bajo el anquilosamiento de leyes que ya no cumplen con el objetivo pretendido, por lo que\u00a0 consider\u00f3 qu<\/span><span data-contrast=\"auto\">e <\/span><span data-contrast=\"auto\">m\u00e1s que cr\u00edticos, <\/span><span data-contrast=\"auto\">debemos<\/span><span data-contrast=\"auto\"> ser constructivos<\/span><span data-contrast=\"auto\">.<\/span><span data-ccp-props=\"{&quot;201341983&quot;:0,&quot;335559739&quot;:0,&quot;335559740&quot;:240}\">\u00a0<\/span><\/p>\n<p><span data-contrast=\"auto\">\u201cE<\/span><span data-contrast=\"auto\">ste libro, en sus 239 p\u00e1ginas, encierra todo un caudal de conocimientos y de ideas para modernizar la justicia, por ello podemos decir que en el estado<\/span><span data-contrast=\"auto\"> de Veracruz se est\u00e1 avanzando.\u201d<\/span><span data-ccp-props=\"{&quot;201341983&quot;:0,&quot;335559731&quot;:708,&quot;335559739&quot;:0,&quot;335559740&quot;:240}\">\u00a0<\/span><\/p>\n<p><span data-contrast=\"auto\">La obra, que fue presentada el mi\u00e9rcoles 29 de mayo<\/span> <span data-contrast=\"auto\">en la sala audiovisual de la F<\/span><span data-contrast=\"auto\">acultad de Derecho<\/span><span data-contrast=\"auto\"> de la UV<\/span><span data-contrast=\"auto\">, fue promovida por el Cuerpo Acad\u00e9mico (CA) consolidado Estudios Jur\u00eddicos, cuya coordinaci\u00f3n estuvo a cargo de los acad\u00e9micos An\u00edbal Guzm\u00e1n \u00c1valos<\/span><span data-contrast=\"auto\"> y Mar\u00eda de<\/span><span data-contrast=\"auto\">l Carmen Vald\u00e9s Mart\u00ednez<\/span><span data-ccp-props=\"{&quot;201341983&quot;:0,&quot;335559739&quot;:0,&quot;335559740&quot;:240}\">\u00a0<\/span><\/p>\n<p><span data-contrast=\"auto\">En el libro <\/span><span data-contrast=\"auto\">se pueden encontrar, adem\u00e1s de los trabajos de investigaci\u00f3n, propuestas en la construcci\u00f3n del <\/span><span data-contrast=\"auto\">d<\/span><span data-contrast=\"auto\">erecho de <\/span><span data-contrast=\"auto\">f<\/span><span data-contrast=\"auto\">amilia con base en los derechos fundamentales y los principios de dignidad, libre desarrollo de la personalidad, equidad de g\u00e9nero y el principio <\/span><span data-contrast=\"auto\">pro<\/span><span data-contrast=\"auto\"> persona, entre otros.<\/span><span data-ccp-props=\"{&quot;201341983&quot;:0,&quot;335559731&quot;:708,&quot;335559739&quot;:0,&quot;335559740&quot;:240}\">\u00a0<\/span><\/p>\n<p><span data-contrast=\"auto\">Por su parte,<\/span><span data-contrast=\"auto\"> la diputada M\u00f3nica Robles Barajas, <\/span><span data-contrast=\"auto\">p<\/span><span data-contrast=\"auto\">residenta de la Comisi\u00f3n de Justicia y Puntos Constitucionales del Congreso Local, enumer\u00f3 los temas que conforman el libro<\/span><span data-contrast=\"auto\">, entre los que se encuentran<\/span><span data-contrast=\"auto\">: La patria potes<\/span><span data-contrast=\"auto\">tad y el menor de edad maduro; U<\/span><span data-contrast=\"auto\">so de <\/span><span data-contrast=\"auto\">redes sociales y acceso a los datos de salud; El divorcio <\/span><span data-contrast=\"auto\">incausado<\/span><span data-contrast=\"auto\">: estrategia legal para la pacificaci\u00f3n familiar; La gestaci\u00f3n sustituta en M\u00e9xico; La armonizaci\u00f3n de la legislaci\u00f3n familiar en M\u00e9xico; Los cambios en el derecho de familia con atenci\u00f3n a los <\/span><span data-contrast=\"auto\">d<\/span><span data-contrast=\"auto\">erechos <\/span><span data-contrast=\"auto\">h<\/span><span data-contrast=\"auto\">umanos<\/span><span data-contrast=\"auto\"> y <\/span><span data-contrast=\"auto\">g<\/span><span data-contrast=\"auto\">\u00e9nero; <\/span><span data-contrast=\"auto\">y<\/span><span data-contrast=\"auto\"> El reconocimiento de paternidad a trav\u00e9s de medios alternativos de justicia.<\/span><span data-ccp-props=\"{&quot;201341983&quot;:0,&quot;335559739&quot;:0,&quot;335559740&quot;:240}\">\u00a0<\/span><\/p>\n<p><span data-contrast=\"auto\">E<\/span><span data-contrast=\"auto\">n el evento e<\/span><span data-contrast=\"auto\">stuv<\/span><span data-contrast=\"auto\">o <\/span><span data-contrast=\"auto\">presente Alejandro de la Fuente Alonso, director de la <\/span><span data-contrast=\"auto\">F<\/span><span data-contrast=\"auto\">acultad<\/span><span data-contrast=\"auto\"> de Derecho<\/span><span data-contrast=\"auto\">, <\/span><span data-contrast=\"auto\">as\u00ed como <\/span><span data-contrast=\"auto\">ex directores y catedr\u00e1ticos de la misma<\/span><span data-contrast=\"auto\">,<\/span><span data-contrast=\"auto\"> investigadores del Centro de Estudios sobre Derecho, Globalizaci\u00f3n y Seguridad (<\/span><i><span data-contrast=\"auto\">Cedegs<\/span><\/i><span data-contrast=\"auto\">), <\/span><span data-contrast=\"auto\">y<\/span><span data-contrast=\"auto\"> estudi<\/span><span data-contrast=\"auto\">antes de <\/span><span data-contrast=\"auto\">D<\/span><span data-contrast=\"auto\">erecho.<\/span><\/p>\n<p>&nbsp;<\/p>\n<div id=\"attachment_68802\" style=\"width: 732px\" class=\"wp-caption aligncenter\"><a href=\"https:\/\/www.uv.mx\/prensa\/files\/2019\/05\/290519-libro-Derecho-de-familia-2.jpg\"><img loading=\"lazy\" decoding=\"async\" aria-describedby=\"caption-attachment-68802\" class=\"size-full wp-image-68802\" src=\"https:\/\/www.uv.mx\/prensa\/files\/2019\/05\/290519-libro-Derecho-de-familia-2.jpg\" alt=\"El libro es coedici\u00f3n de la UV y editorial Tirant Lo Blanch \" width=\"722\" height=\"474\" srcset=\"https:\/\/www.uv.mx\/prensa\/files\/2019\/05\/290519-libro-Derecho-de-familia-2.jpg 722w, https:\/\/www.uv.mx\/prensa\/files\/2019\/05\/290519-libro-Derecho-de-familia-2-300x197.jpg 300w\" sizes=\"auto, (max-width: 722px) 100vw, 722px\" \/><\/a><p id=\"caption-attachment-68802\" class=\"wp-caption-text\">El libro <i><span data-contrast=\"auto\">Construcci\u00f3n del derecho de familia<\/span><\/i> es coedici\u00f3n de la UV y editorial Tirant Lo Blanch<\/p><\/div>\n","protected":false},"excerpt":{"rendered":"<p>Durante m\u00e1s de 90 a\u00f1os se ha vivido bajo el anquilosamiento de leyes que ya no cumplen con el objetivo pretendido: Ra\u00fal Pimentel Murrieta<\/p>\n","protected":false},"author":1775,"featured_media":68803,"comment_status":"closed","ping_status":"closed","sticky":false,"template":"","format":"standard","meta":{"footnotes":""},"categories":[1],"tags":[712,5896,753,752,33694,33256,33695,5893,524,4162,10932,586,33692,5895,33691,33696,3373,33693],"class_list":["post-68853","post","type-post","status-publish","format-standard","has-post-thumbnail","hentry","category-general","tag-academicos","tag-anibal-guzman-avalos","tag-ca","tag-cuerpo-academico","tag-derecho-familiar","tag-editorial-tirant-lo-blanch","tag-entidad-federativa","tag-estudios-juridicos","tag-facultad-de-derecho","tag-jose-luis-couttolenc-soto","tag-jurisprudencia","tag-libro","tag-magistrado","tag-maria-del-carmen-valdes-martinez","tag-raul-pimentel-murrieta","tag-sala-audiovisual","tag-tribunal-superior-de-justicia","tag-tsj"],"_links":{"self":[{"href":"https:\/\/www.uv.mx\/prensa\/wp-json\/wp\/v2\/posts\/68853","targetHints":{"allow":["GET"]}}],"collection":[{"href":"https:\/\/www.uv.mx\/prensa\/wp-json\/wp\/v2\/posts"}],"about":[{"href":"https:\/\/www.uv.mx\/prensa\/wp-json\/wp\/v2\/types\/post"}],"author":[{"embeddable":true,"href":"https:\/\/www.uv.mx\/prensa\/wp-json\/wp\/v2\/users\/1775"}],"replies":[{"embeddable":true,"href":"https:\/\/www.uv.mx\/prensa\/wp-json\/wp\/v2\/comments?post=68853"}],"version-history":[{"count":1,"href":"https:\/\/www.uv.mx\/prensa\/wp-json\/wp\/v2\/posts\/68853\/revisions"}],"predecessor-version":[{"id":170088,"href":"https:\/\/www.uv.mx\/prensa\/wp-json\/wp\/v2\/posts\/68853\/revisions\/170088"}],"wp:featuredmedia":[{"embeddable":true,"href":"https:\/\/www.uv.mx\/prensa\/wp-json\/wp\/v2\/media\/68803"}],"wp:attachment":[{"href":"https:\/\/www.uv.mx\/prensa\/wp-json\/wp\/v2\/media?parent=68853"}],"wp:term":[{"taxonomy":"category","embeddable":true,"href":"https:\/\/www.uv.mx\/prensa\/wp-json\/wp\/v2\/categories?post=68853"},{"taxonomy":"post_tag","embeddable":true,"href":"https:\/\/www.uv.mx\/prensa\/wp-json\/wp\/v2\/tags?post=68853"}],"curies":[{"name":"wp","href":"https:\/\/api.w.org\/{rel}","templated":true}]}}