{"id":68848,"date":"2019-05-30T13:13:04","date_gmt":"2019-05-30T18:13:04","guid":{"rendered":"https:\/\/www.uv.mx\/prensa\/?p=68848"},"modified":"2026-06-04T12:18:44","modified_gmt":"2026-06-04T18:18:44","slug":"medicina-uv-realizo-el-1er-certamen-interuniversitario-de-oratoria","status":"publish","type":"post","link":"https:\/\/www.uv.mx\/prensa\/regiones\/medicina-uv-realizo-el-1er-certamen-interuniversitario-de-oratoria\/","title":{"rendered":"Medicina realiz\u00f3  1er. Certamen Interuniversitario de Oratoria"},"content":{"rendered":"<p>&nbsp;<\/p>\n<div id=\"attachment_68798\" style=\"width: 732px\" class=\"wp-caption aligncenter\"><a href=\"https:\/\/www.uv.mx\/prensa\/files\/2019\/05\/290519-CECILIA-Oratoria.jpg\"><img loading=\"lazy\" decoding=\"async\" aria-describedby=\"caption-attachment-68798\" class=\"size-full wp-image-68798\" src=\"https:\/\/www.uv.mx\/prensa\/files\/2019\/05\/290519-CECILIA-Oratoria.jpg\" alt=\"Participante en el Certamen de Oratoria \u201cDr. Mario Vel\u00e1zquez Luna\u201d\" width=\"722\" height=\"481\" srcset=\"https:\/\/www.uv.mx\/prensa\/files\/2019\/05\/290519-CECILIA-Oratoria.jpg 722w, https:\/\/www.uv.mx\/prensa\/files\/2019\/05\/290519-CECILIA-Oratoria-300x200.jpg 300w\" sizes=\"auto, (max-width: 722px) 100vw, 722px\" \/><\/a><p id=\"caption-attachment-68798\" class=\"wp-caption-text\">Participaron 12 alumnos<\/p><\/div>\n<p>&nbsp;<\/p>\n<p><b><i><span data-contrast=\"auto\">Cecilia Escribano Reyes<br \/>\n<\/span><\/i><\/b><\/p>\n<p><b><i><span data-contrast=\"auto\">30\/05\/19, Minatitl\u00e1n, <\/span><\/i><\/b><b><i><span data-contrast=\"auto\">Ver.-<\/span><\/i><\/b><span data-contrast=\"auto\"> En el marco de la Semana Cultural y Deportiva Regional 2019, estudiantes de la Facultad de Medicina y de T\u00e9cnico Superior Universitario (TSU) en Radiolog\u00eda de la Universidad Veracruzana (UV), realizaron el pasado 16 de mayo el 1er. Certamen Interuniversitario de Oratoria \u201cDr. Mario Vel\u00e1zquez Luna\u201d, en honor al fundador de la Unidad de Ciencias de la Salud y Trabajo Social en el <\/span><i><span data-contrast=\"auto\">campus<\/span><\/i> <span data-contrast=\"auto\">Minatit<\/span><span data-contrast=\"auto\">l<\/span><span data-contrast=\"auto\">\u00e1n.<\/span><span data-ccp-props=\"{}\">\u00a0<\/span><\/p>\n<p><span data-contrast=\"auto\">Mario Rodr\u00edguez Dom\u00ednguez<\/span><span data-contrast=\"auto\">, consejero alumno de Medicina, se\u00f1a<\/span><span data-contrast=\"auto\">l<\/span><span data-contrast=\"auto\">\u00f3 que el objetivo de este evento <\/span><span data-contrast=\"auto\">\u201c<\/span><span data-contrast=\"auto\">fue demostrar que el \u00e1rea de Ciencias de la S<\/span><span data-contrast=\"auto\">alud no est<\/span><span data-contrast=\"auto\">\u00e1<\/span><span data-contrast=\"auto\"> peleada con el li<\/span><span data-contrast=\"auto\">derazgo y el arte de la palabra\u201d.<\/span><span data-ccp-props=\"{}\">\u00a0<\/span><\/p>\n<p><span data-contrast=\"auto\">En e<\/span><span data-contrast=\"auto\">l certamen <\/span><span data-contrast=\"auto\">participaron un total de <\/span><span data-contrast=\"auto\">12 <\/span><span data-contrast=\"auto\">alumnos<\/span><span data-contrast=\"auto\">,<\/span> <span data-contrast=\"auto\">de ellos <\/span><span data-contrast=\"auto\">seis representaron<\/span><span data-contrast=\"auto\"> a la UV: <\/span><span data-contrast=\"auto\">Jos\u00e9 David Rodr\u00edguez Enr\u00edquez, <\/span><span data-contrast=\"auto\">de <\/span><span data-contrast=\"auto\">la <\/span><span data-contrast=\"auto\">Facult<\/span><span data-contrast=\"auto\">ad de Medicina <\/span><i><span data-contrast=\"auto\">campus<\/span><\/i> <span data-contrast=\"auto\">C<\/span><span data-contrast=\"auto\">iudad Mendoza; Sandra Iveth G\u00f3mez Santiago de la Facultad de Ingenier\u00eda en Electr\u00f3nica y Comunicaci\u00f3n <\/span><i><span data-contrast=\"auto\">campus<\/span><\/i><span data-contrast=\"auto\"> Poza Rica; <\/span><span data-contrast=\"auto\">del <\/span><i><span data-contrast=\"auto\">campus<\/span><\/i><span data-contrast=\"auto\"> Minatitl\u00e1n<\/span><span data-contrast=\"auto\">:<\/span> <span data-contrast=\"auto\">Diana Margarita Primo Cabrera<\/span><span data-contrast=\"auto\">,<\/span><span data-contrast=\"auto\"> de la<\/span><span data-contrast=\"auto\"> Facultad<\/span><span data-contrast=\"auto\"> de Medicina<\/span><span data-contrast=\"auto\">;<\/span><span data-contrast=\"auto\"> Yazm\u00ed<\/span><span data-contrast=\"auto\">n de Jes\u00fas Santiago Alor<\/span><span data-contrast=\"auto\">,<\/span><span data-contrast=\"auto\"> de la<\/span><span data-contrast=\"auto\"> Facultad de Trab<\/span><span data-contrast=\"auto\">ajo Social; <\/span><span data-contrast=\"auto\">Areli d<\/span><span data-contrast=\"auto\">el Carmen Reyes Antonio<\/span><span data-contrast=\"auto\">,<\/span><span data-contrast=\"auto\"> de la <\/span><span data-contrast=\"auto\">Facultad de Enfer<\/span><span data-contrast=\"auto\">mer\u00eda<\/span><span data-contrast=\"auto\">,<\/span><span data-contrast=\"auto\"> y Heber Carlos Francisco<\/span><span data-contrast=\"auto\">,<\/span> <span data-contrast=\"auto\">del TS<\/span><span data-contrast=\"auto\">U <\/span><span data-contrast=\"auto\">en <\/span><span data-contrast=\"auto\">Radiolog\u00eda.<\/span><span data-ccp-props=\"{&quot;335559731&quot;:708}\">\u00a0<\/span><\/p>\n<p><span data-contrast=\"auto\">De otras universidades participaron: <\/span><span data-contrast=\"auto\">Bel\u00e9n de Jes\u00fas Woo<\/span><span data-contrast=\"auto\">d Casas y <\/span><span data-contrast=\"auto\">Jos\u00e9 Eduardo Centeno R\u00edos<\/span><span data-contrast=\"auto\">,<\/span><span data-contrast=\"auto\"> de la Universidad de Sotavento; <\/span><span data-contrast=\"auto\">Fernando Joaqu\u00edn Mej\u00eda Espinoza, <\/span><span data-contrast=\"auto\">de la <\/span><span data-contrast=\"auto\">U<\/span><span data-contrast=\"auto\">niversidad Aut\u00f3noma de Tlaxcala; <\/span><span data-contrast=\"auto\">Diba<\/span><span data-contrast=\"auto\">nthi Galilea Bautista Gonz\u00e1lez<\/span><span data-contrast=\"auto\">,<\/span><span data-contrast=\"auto\"> de la <\/span><span data-contrast=\"auto\">Univ<\/span><span data-contrast=\"auto\">ersidad del <\/span><span data-contrast=\"auto\">S<\/span><span data-contrast=\"auto\">ureste <\/span><span data-contrast=\"auto\">\u201c<\/span><span data-contrast=\"auto\">Vasconcelos<\/span><span data-contrast=\"auto\">\u201d<\/span><span data-contrast=\"auto\">; Isis Gonz\u00e1lez Rodr\u00edguez<\/span><span data-contrast=\"auto\">,<\/span><span data-contrast=\"auto\"> del Co<\/span><span data-contrast=\"auto\">legio de B<\/span><span data-contrast=\"auto\">a<\/span><span data-contrast=\"auto\">chilleres del Estado de Veracruz (<\/span><i><span data-contrast=\"auto\">Coba<\/span><\/i><i><span data-contrast=\"auto\">ev<\/span><\/i><span data-contrast=\"auto\">)<\/span> <span data-contrast=\"auto\">Plantel 69 de Juan Rodr\u00edguez Clara, y <\/span><span data-contrast=\"auto\">Jos\u00e9 Luis Cortez Campos<\/span><span data-contrast=\"auto\">,<\/span><span data-contrast=\"auto\"> de la <\/span><span data-contrast=\"auto\">Facu<\/span><span data-contrast=\"auto\">ltad de L<\/span><span data-contrast=\"auto\">etras <\/span><span data-contrast=\"auto\">L<\/span><span data-contrast=\"auto\">atinoamericanas de la <\/span><span data-contrast=\"auto\">Un<\/span><span data-contrast=\"auto\">iversidad del Estado de M\u00e9xico.<\/span><span data-ccp-props=\"{&quot;335559731&quot;:708}\">\u00a0<\/span><\/p>\n<p><span data-contrast=\"auto\">El certamen const\u00f3 de dos etapas, la <\/span><span data-contrast=\"auto\">eliminatoria y la final, <\/span><span data-contrast=\"auto\">a esta \u00faltima<\/span><span data-contrast=\"auto\"> pasaron <\/span><span data-contrast=\"auto\">Jos\u00e9 Eduardo Centeno, Jos\u00e9 Luis Cortez, Heber Carlos Francisco, Isis Gonz\u00e1lez, <\/span><span data-contrast=\"auto\">Diana Margarita Primo y<\/span> <span data-contrast=\"auto\">Fernando Joaqu\u00edn Mej\u00eda.<\/span><span data-ccp-props=\"{&quot;335559731&quot;:708}\">\u00a0<\/span><\/p>\n<p><span data-contrast=\"auto\">Jos\u00e9 Luis Cortez Campos<\/span><span data-contrast=\"auto\">, ganador<\/span> <span data-contrast=\"auto\">d<\/span><span data-contrast=\"auto\">el primer lugar<\/span><span data-contrast=\"auto\">,<\/span> <span data-contrast=\"auto\">obtuvo<\/span><span data-contrast=\"auto\"> un trofe<\/span><span data-contrast=\"auto\">o<\/span><span data-contrast=\"auto\">, diploma y <\/span><span data-contrast=\"auto\">cuatro <\/span><span data-contrast=\"auto\">mil pesos; el segundo lugar fue para Fernando Joaqu\u00edn Mej\u00eda Espinoza<\/span><span data-contrast=\"auto\">, a quien se le otorg\u00f3<\/span><span data-contrast=\"auto\"> un <\/span><span data-contrast=\"auto\">diploma y <\/span><span data-contrast=\"auto\">dos mil <\/span><span data-contrast=\"auto\">500<\/span><span data-contrast=\"auto\"> pesos<\/span><span data-contrast=\"auto\">; Heber Carlos Francisco <\/span><span data-contrast=\"auto\">se qued\u00f3 con el tercer lugar y<\/span><span data-contrast=\"auto\"> fue premiado con un <\/span><span data-contrast=\"auto\">diploma y <\/span><span data-contrast=\"auto\">mil <\/span><span data-contrast=\"auto\">500<\/span><span data-contrast=\"auto\"> pesos.<\/span><\/p>\n<p>&nbsp;<\/p>\n<div id=\"attachment_68797\" style=\"width: 732px\" class=\"wp-caption aligncenter\"><a href=\"https:\/\/www.uv.mx\/prensa\/files\/2019\/05\/290519-CECILIA-Oratoria1.jpg\"><img loading=\"lazy\" decoding=\"async\" aria-describedby=\"caption-attachment-68797\" class=\"size-full wp-image-68797\" src=\"https:\/\/www.uv.mx\/prensa\/files\/2019\/05\/290519-CECILIA-Oratoria1.jpg\" alt=\"Certamen de Oratoria\" width=\"722\" height=\"481\" srcset=\"https:\/\/www.uv.mx\/prensa\/files\/2019\/05\/290519-CECILIA-Oratoria1.jpg 722w, https:\/\/www.uv.mx\/prensa\/files\/2019\/05\/290519-CECILIA-Oratoria1-300x200.jpg 300w\" sizes=\"auto, (max-width: 722px) 100vw, 722px\" \/><\/a><p id=\"caption-attachment-68797\" class=\"wp-caption-text\"><span data-contrast=\"auto\">El objetivo <\/span><span data-contrast=\"auto\">fue \u00abdemostrar que el \u00e1rea de Ciencias de la S<\/span><span data-contrast=\"auto\">alud no est<\/span><span data-contrast=\"auto\">\u00e1<\/span><span data-contrast=\"auto\"> peleada con el li<\/span><span data-contrast=\"auto\">derazgo y el arte\u00bb <\/span><\/p><\/div>\n","protected":false},"excerpt":{"rendered":"<p>Los finalistas fueron Jos\u00e9 Eduardo Centeno, Jos\u00e9 Luis Cortez, Heber Carlos Francisco, Isis Gonz\u00e1lez, Diana Margarita Primo y Fernando Joaqu\u00edn Mej\u00eda, de la regi\u00f3n Coatzacoalcos-Minatitl\u00e1n<\/p>\n","protected":false},"author":1775,"featured_media":68798,"comment_status":"closed","ping_status":"closed","sticky":false,"template":"","format":"standard","meta":{"footnotes":""},"categories":[52,32],"tags":[4167,33681,11209,33682,559,872,33683,620,9348,33680,1605,1606,6859],"class_list":["post-68848","post","type-post","status-publish","format-standard","has-post-thumbnail","hentry","category-coatzacoalcos","category-regiones","tag-cecilia-escribano-reyes","tag-certamen-interuniversitario-de-oratoria","tag-consejero-alumno","tag-dr-mario-velazquez-luna","tag-estudiantes","tag-facultad-de-medicina","tag-mario-rodriguez-dominguez","tag-medicina","tag-radiologia","tag-semana-cultural-y-deportiva-regional","tag-tecnico-superior-universitario","tag-tsu","tag-unidad-de-ciencias-de-la-salud-y-trabajo-social"],"_links":{"self":[{"href":"https:\/\/www.uv.mx\/prensa\/wp-json\/wp\/v2\/posts\/68848","targetHints":{"allow":["GET"]}}],"collection":[{"href":"https:\/\/www.uv.mx\/prensa\/wp-json\/wp\/v2\/posts"}],"about":[{"href":"https:\/\/www.uv.mx\/prensa\/wp-json\/wp\/v2\/types\/post"}],"author":[{"embeddable":true,"href":"https:\/\/www.uv.mx\/prensa\/wp-json\/wp\/v2\/users\/1775"}],"replies":[{"embeddable":true,"href":"https:\/\/www.uv.mx\/prensa\/wp-json\/wp\/v2\/comments?post=68848"}],"version-history":[{"count":1,"href":"https:\/\/www.uv.mx\/prensa\/wp-json\/wp\/v2\/posts\/68848\/revisions"}],"predecessor-version":[{"id":170085,"href":"https:\/\/www.uv.mx\/prensa\/wp-json\/wp\/v2\/posts\/68848\/revisions\/170085"}],"wp:featuredmedia":[{"embeddable":true,"href":"https:\/\/www.uv.mx\/prensa\/wp-json\/wp\/v2\/media\/68798"}],"wp:attachment":[{"href":"https:\/\/www.uv.mx\/prensa\/wp-json\/wp\/v2\/media?parent=68848"}],"wp:term":[{"taxonomy":"category","embeddable":true,"href":"https:\/\/www.uv.mx\/prensa\/wp-json\/wp\/v2\/categories?post=68848"},{"taxonomy":"post_tag","embeddable":true,"href":"https:\/\/www.uv.mx\/prensa\/wp-json\/wp\/v2\/tags?post=68848"}],"curies":[{"name":"wp","href":"https:\/\/api.w.org\/{rel}","templated":true}]}}