{"id":68828,"date":"2019-05-30T11:11:34","date_gmt":"2019-05-30T16:11:34","guid":{"rendered":"https:\/\/www.uv.mx\/prensa\/?p=68828"},"modified":"2019-05-30T14:49:35","modified_gmt":"2019-05-30T19:49:35","slug":"redes-sociales-ayudan-a-difundir-trabajo-de-disenadores-de-moda","status":"publish","type":"post","link":"https:\/\/www.uv.mx\/prensa\/general\/redes-sociales-ayudan-a-difundir-trabajo-de-disenadores-de-moda\/","title":{"rendered":"Redes sociales ayudan a difundir\u00a0trabajo de dise\u00f1adores de moda\u00a0"},"content":{"rendered":"<ul>\n<li data-leveltext=\"\uf0b7\" data-font=\"Symbol\" data-listid=\"1\" data-aria-posinset=\"1\" data-aria-level=\"1\"><i><span data-contrast=\"auto\">Ofrecen<\/span><\/i><i><span data-contrast=\"auto\"> contacto directo con los posibles consumidores<\/span><\/i><span data-ccp-props=\"{&quot;134233279&quot;:true,&quot;201341983&quot;:0,&quot;335559739&quot;:160,&quot;335559740&quot;:240}\">\u00a0<\/span><\/li>\n<li data-leveltext=\"\uf0b7\" data-font=\"Symbol\" data-listid=\"1\" data-aria-posinset=\"2\" data-aria-level=\"1\"><i><span data-contrast=\"auto\">Se inaugur\u00f3 la exposici\u00f3n conceptual del <\/span><\/i><i><span data-contrast=\"auto\">dise\u00f1ador Alan Zepeda<\/span><\/i><span data-ccp-props=\"{&quot;134233279&quot;:true,&quot;201341983&quot;:0,&quot;335559739&quot;:160,&quot;335559740&quot;:240}\">\u00a0<\/span><\/li>\n<\/ul>\n<p><span data-ccp-props=\"{&quot;201341983&quot;:0,&quot;335559739&quot;:160,&quot;335559740&quot;:240}\">\u00a0<\/span><b><i><\/i><\/b><\/p>\n<div id=\"attachment_68811\" style=\"width: 732px\" class=\"wp-caption aligncenter\"><a href=\"https:\/\/www.uv.mx\/prensa\/files\/2019\/05\/280519-PAOLA-Moda-conceptual-1.jpg\"><img loading=\"lazy\" decoding=\"async\" aria-describedby=\"caption-attachment-68811\" class=\"size-full wp-image-68811\" src=\"https:\/\/www.uv.mx\/prensa\/files\/2019\/05\/280519-PAOLA-Moda-conceptual-1.jpg\" alt=\"\" width=\"722\" height=\"482\" srcset=\"https:\/\/www.uv.mx\/prensa\/files\/2019\/05\/280519-PAOLA-Moda-conceptual-1.jpg 722w, https:\/\/www.uv.mx\/prensa\/files\/2019\/05\/280519-PAOLA-Moda-conceptual-1-300x200.jpg 300w\" sizes=\"auto, (max-width: 722px) 100vw, 722px\" \/><\/a><p id=\"caption-attachment-68811\" class=\"wp-caption-text\">Conversatorio \u201cModa conceptual\u201d, organizado por estudiantes de FCAS<\/p><\/div>\n<p>&nbsp;<\/p>\n<p><b><i><span data-contrast=\"auto\">Paola Cort\u00e9s P\u00e9rez<\/span><\/i><\/b><span data-ccp-props=\"{&quot;201341983&quot;:0,&quot;335559739&quot;:160,&quot;335559740&quot;:240}\">\u00a0<\/span><\/p>\n<p><b><i><span data-contrast=\"auto\">30\/05\/19, Xalapa, Ver.-<\/span><\/i><\/b> <span data-contrast=\"auto\">D<\/span><span data-contrast=\"auto\">ise\u00f1adores de moda<\/span><span data-contrast=\"auto\"> que <\/span><span data-contrast=\"auto\">participar<\/span><span data-contrast=\"auto\">on en el conversatorio \u201cModa c<\/span><span data-contrast=\"auto\">onceptual: una expresi\u00f3n art\u00edstica emergente\u201d, organizado por estudiantes de la Facultad de Ciencias Administrativas y Sociales (FCAS) de <\/span><span data-contrast=\"auto\">la Universidad Veracruzana (UV), <\/span><span data-contrast=\"auto\">afirma<\/span><span data-contrast=\"auto\">ro<\/span><span data-contrast=\"auto\">n que las redes sociales son una importante herramienta para difundir su trabajo<\/span><span data-contrast=\"auto\">.<\/span><span data-ccp-props=\"{&quot;201341983&quot;:0,&quot;335559739&quot;:160,&quot;335559740&quot;:240}\">\u00a0<\/span><\/p>\n<p><span data-contrast=\"auto\">La <\/span><span data-contrast=\"auto\">charla se llev\u00f3 a cabo el <\/span><span data-contrast=\"auto\">jueves 23<\/span><span data-contrast=\"auto\"> de mayo en <\/span><span data-contrast=\"auto\">la Galer\u00eda \u201cDom\u00ednguez y <\/span><span data-contrast=\"auto\">Buis<\/span><span data-contrast=\"auto\">\u201d, ubicada en la Plaza Arco Sur<\/span><span data-contrast=\"auto\">, en el marco del Foro Emerge 2019, realizado por estudiantes de <\/span><span data-contrast=\"auto\">la <\/span><span data-contrast=\"auto\">Licenciatura en Publicidad y Relaciones P\u00fablicas de la FCAS, el cual abord\u00f3 los temas de Arte y creatividad, Promoci\u00f3n de la salud, Derechos humanos y Justicia.<\/span><span data-ccp-props=\"{&quot;201341983&quot;:0,&quot;335559731&quot;:708,&quot;335559739&quot;:160,&quot;335559740&quot;:240}\">\u00a0<\/span><\/p>\n<p><span data-contrast=\"auto\">En el panel participaron Cynthia Grajales, egresada del Instituto <\/span><span data-contrast=\"auto\">Marangoni<\/span><span data-contrast=\"auto\"> en Mil\u00e1n; <\/span><span data-contrast=\"auto\">Mitzuri<\/span> <span data-contrast=\"auto\">Hirata<\/span><span data-contrast=\"auto\">, egresada de <\/span><span data-contrast=\"auto\">D<\/span><span data-contrast=\"auto\">ise\u00f1o y <\/span><span data-contrast=\"auto\">P<\/span><span data-contrast=\"auto\">ublicidad en <\/span><span data-contrast=\"auto\">M<\/span><span data-contrast=\"auto\">oda de la Universidad <\/span><span data-contrast=\"auto\">Jannet<\/span><span data-contrast=\"auto\">t<\/span><span data-contrast=\"auto\">e<\/span><span data-contrast=\"auto\"> Klein y actualmente dise\u00f1adora de la firma Pineda <\/span><span data-contrast=\"auto\">Covalin<\/span><span data-contrast=\"auto\">; Jennifer Rivas, editora de la Mercede<\/span><span data-contrast=\"auto\">s<\/span> <span data-contrast=\"auto\">B<\/span><span data-contrast=\"auto\">enz <\/span><span data-contrast=\"auto\">Fashion<\/span> <span data-contrast=\"auto\">Week<\/span><span data-contrast=\"auto\">, y Silvia <\/span><span data-contrast=\"auto\">Sangabriel<\/span><span data-contrast=\"auto\">, consultora de imagen <\/span><span data-contrast=\"auto\">de<\/span><span data-contrast=\"auto\"> Project <\/span><span data-contrast=\"auto\">Glamm<\/span><span data-contrast=\"auto\"> y escritora creativa por Casa Picnic<\/span><span data-contrast=\"auto\">.<\/span><span data-ccp-props=\"{&quot;201341983&quot;:0,&quot;335559731&quot;:708,&quot;335559739&quot;:160,&quot;335559740&quot;:240}\">\u00a0<\/span><\/p>\n<p><span data-contrast=\"auto\">Comentaron que la inmediatez de las redes sociales <\/span><span data-contrast=\"auto\">representa <\/span><span data-contrast=\"auto\">un apoyo para los dise\u00f1adores, <\/span><span data-contrast=\"auto\">al<\/span><span data-contrast=\"auto\"> pone<\/span><span data-contrast=\"auto\">rlos<\/span><span data-contrast=\"auto\"> en contacto directo con el p\u00fablico<\/span><span data-contrast=\"auto\">, pues<\/span><span data-contrast=\"auto\"> al consumidor le agrada ver los art\u00edculos.<\/span><span data-ccp-props=\"{&quot;201341983&quot;:0,&quot;335559731&quot;:708,&quot;335559739&quot;:160,&quot;335559740&quot;:240}\">\u00a0<\/span><\/p>\n<p><span data-contrast=\"auto\">\u201cTienen la facilitad de tener contacto directo <\/span><span data-contrast=\"auto\">e inmediato <\/span><span data-contrast=\"auto\">con las personas<\/span> <span data-contrast=\"auto\">y si les gustan tus dise\u00f1os<\/span><span data-contrast=\"auto\">,<\/span><span data-contrast=\"auto\"> te buscan\u201d, expres\u00f3 Silvia <\/span><span data-contrast=\"auto\">Sangabriel<\/span><span data-contrast=\"auto\">.<\/span><span data-ccp-props=\"{&quot;201341983&quot;:0,&quot;335559731&quot;:708,&quot;335559739&quot;:160,&quot;335559740&quot;:240}\">\u00a0<\/span><\/p>\n<p><span data-contrast=\"auto\">Los panelistas enfatizaron que los profesionales de Publicidad y Relaciones P\u00fablicas<\/span><span data-contrast=\"auto\"> son importantes dentro de la editorial de moda. Al finalizar la pl\u00e1tica, se inaugur\u00f3 la exposici\u00f3n conceptual del dise\u00f1ador Alan Zepeda.<\/span><span data-ccp-props=\"{&quot;201341983&quot;:0,&quot;335559731&quot;:708,&quot;335559739&quot;:160,&quot;335559740&quot;:240}\">\u00a0<\/span><\/p>\n<p>&nbsp;<\/p>\n<div id=\"attachment_68807\" style=\"width: 732px\" class=\"wp-caption aligncenter\"><a href=\"https:\/\/www.uv.mx\/prensa\/files\/2019\/05\/280519-PAOLA-Moda-conceptual-2.jpg\"><img loading=\"lazy\" decoding=\"async\" aria-describedby=\"caption-attachment-68807\" class=\"size-full wp-image-68807\" src=\"https:\/\/www.uv.mx\/prensa\/files\/2019\/05\/280519-PAOLA-Moda-conceptual-2.jpg\" alt=\"\" width=\"722\" height=\"482\" srcset=\"https:\/\/www.uv.mx\/prensa\/files\/2019\/05\/280519-PAOLA-Moda-conceptual-2.jpg 722w, https:\/\/www.uv.mx\/prensa\/files\/2019\/05\/280519-PAOLA-Moda-conceptual-2-300x200.jpg 300w\" sizes=\"auto, (max-width: 722px) 100vw, 722px\" \/><\/a><p id=\"caption-attachment-68807\" class=\"wp-caption-text\">Exposici\u00f3n conceptual del dise\u00f1ador Alan Zepeda<\/p><\/div>\n","protected":false},"excerpt":{"rendered":"<p>Expertas participaron en el conversatorio \u201cModa conceptual: una expresi\u00f3n art\u00edstica emergente\u201d, organizado por estudiantes de la Facultad de Ciencias Administrativas y Sociales<\/p>\n","protected":false},"author":1869,"featured_media":68807,"comment_status":"closed","ping_status":"closed","sticky":false,"template":"","format":"standard","meta":{"footnotes":""},"categories":[1],"tags":[],"class_list":["post-68828","post","type-post","status-publish","format-standard","has-post-thumbnail","hentry","category-general"],"_links":{"self":[{"href":"https:\/\/www.uv.mx\/prensa\/wp-json\/wp\/v2\/posts\/68828","targetHints":{"allow":["GET"]}}],"collection":[{"href":"https:\/\/www.uv.mx\/prensa\/wp-json\/wp\/v2\/posts"}],"about":[{"href":"https:\/\/www.uv.mx\/prensa\/wp-json\/wp\/v2\/types\/post"}],"author":[{"embeddable":true,"href":"https:\/\/www.uv.mx\/prensa\/wp-json\/wp\/v2\/users\/1869"}],"replies":[{"embeddable":true,"href":"https:\/\/www.uv.mx\/prensa\/wp-json\/wp\/v2\/comments?post=68828"}],"version-history":[{"count":0,"href":"https:\/\/www.uv.mx\/prensa\/wp-json\/wp\/v2\/posts\/68828\/revisions"}],"wp:featuredmedia":[{"embeddable":true,"href":"https:\/\/www.uv.mx\/prensa\/wp-json\/wp\/v2\/media\/68807"}],"wp:attachment":[{"href":"https:\/\/www.uv.mx\/prensa\/wp-json\/wp\/v2\/media?parent=68828"}],"wp:term":[{"taxonomy":"category","embeddable":true,"href":"https:\/\/www.uv.mx\/prensa\/wp-json\/wp\/v2\/categories?post=68828"},{"taxonomy":"post_tag","embeddable":true,"href":"https:\/\/www.uv.mx\/prensa\/wp-json\/wp\/v2\/tags?post=68828"}],"curies":[{"name":"wp","href":"https:\/\/api.w.org\/{rel}","templated":true}]}}