{"id":68466,"date":"2019-05-26T08:00:50","date_gmt":"2019-05-26T13:00:50","guid":{"rendered":"https:\/\/www.uv.mx\/prensa\/?p=68466"},"modified":"2019-05-27T13:52:36","modified_gmt":"2019-05-27T18:52:36","slug":"estudiantes-analizaron-cultura-afroamericana-en-el-blues","status":"publish","type":"post","link":"https:\/\/www.uv.mx\/prensa\/cultura\/estudiantes-analizaron-cultura-afroamericana-en-el-blues\/","title":{"rendered":"Estudiantes analizaron cultura afroamericana en el blues"},"content":{"rendered":"<ul>\n<li data-leveltext=\"\uf0b7\" data-font=\"Symbol\" data-listid=\"1\" data-aria-posinset=\"1\" data-aria-level=\"1\"><i><span data-contrast=\"auto\">Las actividades <\/span><\/i><i><span data-contrast=\"auto\">d<\/span><\/i><span data-contrast=\"auto\">e<\/span><i><span data-contrast=\"auto\">l 4\u00ba Foro Estudiantil de Etnomusicolog\u00eda de la Facultad de M\u00fasica<\/span><\/i> <i><span data-contrast=\"auto\">contin\u00faan hasta el 27 de mayo<\/span><\/i><span data-ccp-props=\"{&quot;134233279&quot;:true,&quot;201341983&quot;:0,&quot;335559739&quot;:160,&quot;335559740&quot;:240}\">\u00a0<\/span><\/li>\n<\/ul>\n<p>&nbsp;<\/p>\n<div id=\"attachment_68467\" style=\"width: 732px\" class=\"wp-caption aligncenter\"><a href=\"https:\/\/www.uv.mx\/prensa\/files\/2019\/05\/220519-Cultura-afroamericana.jpg\"><img loading=\"lazy\" decoding=\"async\" aria-describedby=\"caption-attachment-68467\" class=\"size-full wp-image-68467\" src=\"https:\/\/www.uv.mx\/prensa\/files\/2019\/05\/220519-Cultura-afroamericana.jpg\" alt=\"\" width=\"722\" height=\"482\" srcset=\"https:\/\/www.uv.mx\/prensa\/files\/2019\/05\/220519-Cultura-afroamericana.jpg 722w, https:\/\/www.uv.mx\/prensa\/files\/2019\/05\/220519-Cultura-afroamericana-300x200.jpg 300w\" sizes=\"auto, (max-width: 722px) 100vw, 722px\" \/><\/a><p id=\"caption-attachment-68467\" class=\"wp-caption-text\">Bill Steber, fot\u00f3grafo y m\u00fasico dedicado a documentar el blues y la tradici\u00f3n folkl\u00f3rica del Mississippi<\/p><\/div>\n<p>&nbsp;<\/p>\n<p><b><i><span data-contrast=\"auto\">Karina de la Paz Reyes D\u00edaz<\/span><\/i><\/b><span data-ccp-props=\"{&quot;134233279&quot;:true,&quot;201341983&quot;:0,&quot;335559739&quot;:160,&quot;335559740&quot;:240}\">\u00a0<\/span><\/p>\n<p><b><i><span data-contrast=\"auto\">26\/05\/19, Xalapa, Ver.-<\/span><\/i><\/b><span data-contrast=\"auto\"> En el segundo d\u00eda de actividades del 4\u00ba Foro Estudiantil de Etnomusicolog\u00eda de la <a href=\"https:\/\/www.uv.mx\/musica\/\">Facultad de M\u00fasica<\/a> de la Universidad Veracruzana (UV), Bill <\/span><span data-contrast=\"auto\">Steber<\/span> <span data-contrast=\"auto\">dict\u00f3 <\/span><span data-contrast=\"auto\">la conferencia magistral \u201c<\/span><i><span data-contrast=\"auto\">Stones<\/span><\/i><i><span data-contrast=\"auto\"> in <\/span><\/i><i><span data-contrast=\"auto\">my<\/span><\/i> <i><span data-contrast=\"auto\">pathway<\/span><\/i><span data-contrast=\"auto\">: el legado de la cultura afroamericana en el blues y la tradici\u00f3n folkl\u00f3rica del Mississippi\u201d.<\/span><span data-ccp-props=\"{&quot;134233279&quot;:true,&quot;201341983&quot;:0,&quot;335559739&quot;:160,&quot;335559740&quot;:240}\">\u00a0<\/span><\/p>\n<p><span data-contrast=\"auto\">Bill <\/span><span data-contrast=\"auto\">Steber<\/span><span data-contrast=\"auto\"> fue presentado <\/span><span data-contrast=\"auto\">por el coordinador general del f<\/span><span data-contrast=\"auto\">oro, Randall Ch. Kohl. Se trata de un fot\u00f3grafo galardonado que trabaj\u00f3 para el peri\u00f3dico <\/span><i><span data-contrast=\"auto\">The<\/span><\/i> <i><span data-contrast=\"auto\">Tennessean<\/span><\/i><i><span data-contrast=\"auto\"> in Nashville<\/span><\/i> <span data-contrast=\"auto\">durante <\/span><span data-contrast=\"auto\">25 a\u00f1os<\/span><span data-contrast=\"auto\">, y que<\/span> <span data-contrast=\"auto\">actualmente se desem<\/span><span data-contrast=\"auto\">pe\u00f1a de manera indep<\/span><span data-contrast=\"auto\">endiente y ha realizado<\/span><span data-contrast=\"auto\"> m\u00e1s de 30 exposiciones.<\/span><span data-ccp-props=\"{&quot;134233279&quot;:true,&quot;201341983&quot;:0,&quot;335559739&quot;:160,&quot;335559740&quot;:240}\">\u00a0<\/span><\/p>\n<p><span data-contrast=\"auto\">Buena parte de su labor fotogr\u00e1fica se ha centrado en documentar art\u00edsticamente las tradiciones de blues y m\u00fasica folkl\u00f3rica del norte de Mississippi. Ha sido, adem\u00e1s, uno de los <\/span><span data-contrast=\"auto\">principales <\/span><span data-contrast=\"auto\">colaboradores de la revista <\/span><i><span data-contrast=\"auto\">Living Blues<\/span><\/i><span data-contrast=\"auto\"> por m\u00e1s de 20 a\u00f1os. Tambi\u00e9n<\/span><span data-contrast=\"auto\">,<\/span> <span data-contrast=\"auto\">toc<\/span><span data-contrast=\"auto\">a ocho instrumentos,<\/span><span data-contrast=\"auto\"> ha grabado 11 \u00e1lbumes y se <\/span><span data-contrast=\"auto\">ha <\/span><span data-contrast=\"auto\">presentado en varios escenarios del mundo.<\/span><span data-ccp-props=\"{&quot;134233279&quot;:true,&quot;201341983&quot;:0,&quot;335559739&quot;:160,&quot;335559740&quot;:240}\">\u00a0<\/span><\/p>\n<p><i><span data-contrast=\"auto\">Stones<\/span><\/i><i><span data-contrast=\"auto\"> in <\/span><\/i><i><span data-contrast=\"auto\">my<\/span><\/i> <i><span data-contrast=\"auto\">pathway<\/span><\/i> <span data-contrast=\"auto\">es una canci\u00f3n de delta blues \u2013uno de los primeros tipos de m\u00fasica blues\u2013 creada por <\/span><span data-contrast=\"auto\">Robert Johnson<\/span><span data-contrast=\"auto\">;<\/span><span data-contrast=\"auto\"> es tambi\u00e9n el t\u00edtulo del trabajo documental reunido por Bill <\/span><span data-contrast=\"auto\">Steber<\/span><span data-contrast=\"auto\"> sobre la cultura de este g\u00e9<\/span><span data-contrast=\"auto\">nero musical por m\u00e1s de 20 a\u00f1os, que se <\/span><span data-contrast=\"auto\">ha exhibido en las p\u00e1ginas de<\/span> <i><span data-contrast=\"auto\">Living Blues<\/span><\/i><span data-contrast=\"auto\"> y otras publicaciones.<\/span><span data-ccp-props=\"{&quot;134233279&quot;:true,&quot;201341983&quot;:0,&quot;335559739&quot;:160,&quot;335559740&quot;:240}\">\u00a0<\/span><\/p>\n<p><span data-contrast=\"auto\">En el auditorio de la Facultad de M\u00fasica dijo que e<\/span><span data-contrast=\"auto\">l blues es una <\/span><span data-contrast=\"auto\">\u201c<\/span><span data-contrast=\"auto\">m<\/span><span data-contrast=\"auto\">\u00fasica de lucha, de liberaci\u00f3n, es <\/span><span data-contrast=\"auto\">hermosa<\/span><span data-contrast=\"auto\">\u201d<\/span><span data-contrast=\"auto\">. <\/span><span data-contrast=\"auto\">Y no<\/span><span data-contrast=\"auto\"> habl\u00f3 s\u00f3lo de la m\u00fasica en s\u00ed, <\/span><span data-contrast=\"auto\">sino del contexto cultural.<\/span><span data-ccp-props=\"{&quot;134233279&quot;:true,&quot;201341983&quot;:0,&quot;335559739&quot;:160,&quot;335559740&quot;:240}\">\u00a0<\/span><\/p>\n<p><span data-contrast=\"auto\">Aclar\u00f3 que el blues no viene \u00fanicamente de <\/span><span data-contrast=\"auto\">Mississippi<\/span><span data-contrast=\"auto\">, pero <\/span><span data-contrast=\"auto\">hist\u00f3ricamente <\/span><span data-contrast=\"auto\">s\u00ed es el lugar m\u00e1s importante <\/span><span data-contrast=\"auto\">cuando se habla de <\/span><span data-contrast=\"auto\">este g\u00e9nero musical, mismo que<\/span> <span data-contrast=\"auto\">surgi\u00f3 <\/span><span data-contrast=\"auto\">tambi\u00e9n <\/span><span data-contrast=\"auto\">en Texas, <\/span><span data-contrast=\"auto\">Alabama y Georgia<\/span><span data-contrast=\"auto\"> casi <\/span><span data-contrast=\"auto\">simult\u00e1neamente, durante el<\/span> <span data-contrast=\"auto\">primer tercio del siglo pasado.<\/span><span data-ccp-props=\"{&quot;134233279&quot;:true,&quot;201341983&quot;:0,&quot;335559739&quot;:160,&quot;335559740&quot;:240}\">\u00a0<\/span><\/p>\n<p><span data-contrast=\"auto\">La raz\u00f3n por la cual se piensa que Mississippi es el hogar del blues es su riqueza, probablemente una de las mayores de Estados Unidos. Despu\u00e9s de la Guerra Civil, la gente de distintos lugares alrededor del Mississippi se asent\u00f3 en <\/span><span data-contrast=\"auto\">la regi\u00f3n del D<\/span><span data-contrast=\"auto\">elta, una especie de lugar cosmopolita cuando surgi\u00f3 esta m\u00fasica.<\/span><span data-ccp-props=\"{&quot;134233279&quot;:true,&quot;201341983&quot;:0,&quot;335559731&quot;:708,&quot;335559739&quot;:160,&quot;335559740&quot;:240}\">\u00a0<\/span><\/p>\n","protected":false},"excerpt":{"rendered":"<p>Bill Steber dict\u00f3 la conferencia magistral \u201c<em>Stones in my pathway<\/em>: el legado de la cultura afroamericana en el blues y la tradici\u00f3n folkl\u00f3rica del Mississippi\u201d<\/p>\n","protected":false},"author":1508,"featured_media":68467,"comment_status":"closed","ping_status":"closed","sticky":false,"template":"","format":"standard","meta":{"footnotes":""},"categories":[11],"tags":[],"class_list":["post-68466","post","type-post","status-publish","format-standard","has-post-thumbnail","hentry","category-cultura"],"_links":{"self":[{"href":"https:\/\/www.uv.mx\/prensa\/wp-json\/wp\/v2\/posts\/68466","targetHints":{"allow":["GET"]}}],"collection":[{"href":"https:\/\/www.uv.mx\/prensa\/wp-json\/wp\/v2\/posts"}],"about":[{"href":"https:\/\/www.uv.mx\/prensa\/wp-json\/wp\/v2\/types\/post"}],"author":[{"embeddable":true,"href":"https:\/\/www.uv.mx\/prensa\/wp-json\/wp\/v2\/users\/1508"}],"replies":[{"embeddable":true,"href":"https:\/\/www.uv.mx\/prensa\/wp-json\/wp\/v2\/comments?post=68466"}],"version-history":[{"count":0,"href":"https:\/\/www.uv.mx\/prensa\/wp-json\/wp\/v2\/posts\/68466\/revisions"}],"wp:featuredmedia":[{"embeddable":true,"href":"https:\/\/www.uv.mx\/prensa\/wp-json\/wp\/v2\/media\/68467"}],"wp:attachment":[{"href":"https:\/\/www.uv.mx\/prensa\/wp-json\/wp\/v2\/media?parent=68466"}],"wp:term":[{"taxonomy":"category","embeddable":true,"href":"https:\/\/www.uv.mx\/prensa\/wp-json\/wp\/v2\/categories?post=68466"},{"taxonomy":"post_tag","embeddable":true,"href":"https:\/\/www.uv.mx\/prensa\/wp-json\/wp\/v2\/tags?post=68466"}],"curies":[{"name":"wp","href":"https:\/\/api.w.org\/{rel}","templated":true}]}}