{"id":68405,"date":"2019-05-24T12:14:53","date_gmt":"2019-05-24T17:14:53","guid":{"rendered":"https:\/\/www.uv.mx\/prensa\/?p=68405"},"modified":"2026-06-04T11:20:19","modified_gmt":"2026-06-04T17:20:19","slug":"uv-gano-competencia-internacional-24-horas-de-innovacion","status":"publish","type":"post","link":"https:\/\/www.uv.mx\/prensa\/regiones\/veracruz\/uv-gano-competencia-internacional-24-horas-de-innovacion\/","title":{"rendered":"UV gan\u00f3 competencia internacional  \u201c24 horas de innovaci\u00f3n\u201d"},"content":{"rendered":"<ul>\n<li data-leveltext=\"\uf0b7\" data-font=\"Symbol\" data-listid=\"1\" data-aria-posinset=\"1\" data-aria-level=\"1\"><i><span data-contrast=\"auto\">Un equipo de seis estudiantes y dos acad\u00e9micas de la<\/span><\/i> <i><span data-contrast=\"auto\">UV, regi\u00f3n Veracruz, desarrollaron la aplicaci\u00f3n para dispositivo m\u00f3vil <\/span><\/i><i><span data-contrast=\"auto\">Follow<\/span><\/i> <i><span data-contrast=\"auto\">Tree<\/span><\/i><\/li>\n<\/ul>\n<p>&nbsp;<\/p>\n<div id=\"attachment_68406\" style=\"width: 732px\" class=\"wp-caption aligncenter\"><a href=\"https:\/\/www.uv.mx\/prensa\/files\/2019\/05\/240519-veracruz-24-horas-1-100k.jpg\"><img loading=\"lazy\" decoding=\"async\" aria-describedby=\"caption-attachment-68406\" class=\"size-full wp-image-68406\" src=\"https:\/\/www.uv.mx\/prensa\/files\/2019\/05\/240519-veracruz-24-horas-1-100k.jpg\" alt=\"Equipo ganador desarroll\u00f3 la aplicaci\u00f3n Follow Tree \" width=\"722\" height=\"481\" srcset=\"https:\/\/www.uv.mx\/prensa\/files\/2019\/05\/240519-veracruz-24-horas-1-100k.jpg 722w, https:\/\/www.uv.mx\/prensa\/files\/2019\/05\/240519-veracruz-24-horas-1-100k-300x200.jpg 300w\" sizes=\"auto, (max-width: 722px) 100vw, 722px\" \/><\/a><p id=\"caption-attachment-68406\" class=\"wp-caption-text\">Equipo ganador desarroll\u00f3 la aplicaci\u00f3n Follow Tree<\/p><\/div>\n<p>&nbsp;<\/p>\n<p><b><i><span data-contrast=\"auto\">24\/05\/19, Boca del R\u00edo, Ver<\/span><\/i><\/b><b><span data-contrast=\"auto\">.-<\/span><\/b> <span data-contrast=\"auto\">Un<\/span><span data-contrast=\"auto\"> equipo <\/span><span data-contrast=\"auto\">de <\/span><span data-contrast=\"auto\">seis estudiantes y dos <\/span><span data-contrast=\"auto\">acad\u00e9micas <\/span><span data-contrast=\"auto\">de la Universidad Veracruzana (UV)<\/span><span data-contrast=\"auto\">,<\/span> <span data-contrast=\"auto\">regi\u00f3n Veracruz<\/span><span data-contrast=\"auto\">,<\/span> <span data-contrast=\"auto\">desarrollaron<\/span> <span data-contrast=\"auto\">la<\/span><span data-contrast=\"auto\"> aplicaci\u00f3n para dispositivo m\u00f3vil <\/span><i><span data-contrast=\"auto\">Follow Tree<\/span><\/i><span data-contrast=\"auto\">,<\/span> <span data-contrast=\"auto\">con la que<\/span> <span data-contrast=\"auto\">obtuv<\/span><span data-contrast=\"auto\">ieron<\/span><span data-contrast=\"auto\"> el primer lugar en la competencia internacional <\/span><span data-contrast=\"auto\">\u201c<\/span><span data-contrast=\"auto\">24 horas de innovaci\u00f3n<\/span><span data-contrast=\"auto\">\u201d, en la categor\u00eda Norte y Centroa<\/span><span data-contrast=\"auto\">m\u00e9rica<\/span><span data-contrast=\"auto\">, que se desarroll\u00f3 el jueves 23 de mayo<\/span><span data-contrast=\"auto\">.<\/span><span data-ccp-props=\"{&quot;201341983&quot;:0,&quot;335559739&quot;:160,&quot;335559740&quot;:240}\">\u00a0<\/span><\/p>\n<p><span data-contrast=\"auto\">El reto lanzado fue buscar una soluci\u00f3n a la pregunta<\/span><span data-contrast=\"auto\">:<\/span><span data-contrast=\"auto\"> \u00bfc\u00f3mo atenuar los imp<\/span><span data-contrast=\"auto\">actos de<\/span><span data-contrast=\"auto\">l<\/span><span data-contrast=\"auto\"> cambio clim\u00e1tico?<\/span><span data-contrast=\"auto\"> Los ganadores explicaron las aportaciones de los \u00e1rboles y las acciones diarias que <\/span><span data-contrast=\"auto\">contribuyen<\/span><span data-contrast=\"auto\"> a su desaparici\u00f3n.<\/span><span data-ccp-props=\"{&quot;201341983&quot;:0,&quot;335559731&quot;:708,&quot;335559739&quot;:160,&quot;335559740&quot;:240}\">\u00a0<\/span><\/p>\n<p><span data-contrast=\"auto\">A trav\u00e9s de <\/span><i><span data-contrast=\"auto\">Follow Tree<\/span><\/i><span data-contrast=\"auto\"> las personas <\/span><span data-contrast=\"auto\">pueden apoyar<\/span><span data-contrast=\"auto\"> en la conservaci\u00f3n y cuidado de los \u00e1rboles, al mismo tiempo <\/span><span data-contrast=\"auto\">que <\/span><span data-contrast=\"auto\">obtienen descuentos y promociones de <\/span><span data-contrast=\"auto\">las <\/span><span data-contrast=\"auto\">empresas participantes<\/span><span data-contrast=\"auto\"> en esta iniciativa<\/span><span data-contrast=\"auto\">.<\/span><\/p>\n<div id=\"attachment_68408\" style=\"width: 732px\" class=\"wp-caption aligncenter\"><a href=\"https:\/\/www.uv.mx\/prensa\/files\/2019\/05\/240519-veracruz-24-horas-2-100k.jpg\"><img loading=\"lazy\" decoding=\"async\" aria-describedby=\"caption-attachment-68408\" class=\"size-full wp-image-68408\" src=\"https:\/\/www.uv.mx\/prensa\/files\/2019\/05\/240519-veracruz-24-horas-2-100k.jpg\" alt=\"Los participantes recibieron la noticia a trav\u00e9s del sistema de videoconferencias\" width=\"722\" height=\"380\" srcset=\"https:\/\/www.uv.mx\/prensa\/files\/2019\/05\/240519-veracruz-24-horas-2-100k.jpg 722w, https:\/\/www.uv.mx\/prensa\/files\/2019\/05\/240519-veracruz-24-horas-2-100k-300x158.jpg 300w\" sizes=\"auto, (max-width: 722px) 100vw, 722px\" \/><\/a><p id=\"caption-attachment-68408\" class=\"wp-caption-text\">Los participantes recibieron la noticia a trav\u00e9s del sistema de videoconferencias<\/p><\/div>\n<p>&nbsp;<\/p>\n<p><span data-contrast=\"auto\">Los ganadores expresaron que esta experiencia les dej\u00f3 grandes aprendizajes como trabajar en equipo, investiga<\/span><span data-contrast=\"auto\">r e innovar.<\/span><span data-ccp-props=\"{&quot;201341983&quot;:0,&quot;335559731&quot;:708,&quot;335559739&quot;:160,&quot;335559740&quot;:240}\">\u00a0<\/span><\/p>\n<p><span data-contrast=\"auto\">El vicerrector Alfonso P\u00e9rez Morales felicit\u00f3 a todos los concursantes y les exhort\u00f3 a participar en eventos como el de \u201c24 horas de innovaci\u00f3n\u201d, pues les ayuda en su formaci\u00f3n integral e impulsan el desarrollo de competencias y habilidades.<\/span><span data-ccp-props=\"{&quot;201341983&quot;:0,&quot;335559731&quot;:708,&quot;335559739&quot;:160,&quot;335559740&quot;:240}\">\u00a0<\/span><\/p>\n<p><span data-contrast=\"auto\">Reconoci\u00f3 que pese a las adversidades que tuvo el equipo ganador durante la jornada, no permiti\u00f3 que influyeran en su desempe\u00f1o y creatividad<\/span><span data-contrast=\"auto\">, obteniendo el primer lugar.<\/span><span data-ccp-props=\"{&quot;201341983&quot;:0,&quot;335559731&quot;:708,&quot;335559739&quot;:160,&quot;335559740&quot;:240}\">\u00a0<\/span><\/p>\n<p><span data-contrast=\"auto\">En la competencia los equipos tienen 24 horas para encontrar soluciones creativas a los desaf\u00edos planteados por las empresas.<\/span><\/p>\n<div id=\"attachment_68412\" style=\"width: 732px\" class=\"wp-caption aligncenter\"><a href=\"https:\/\/www.uv.mx\/prensa\/files\/2019\/05\/240519-veracruz-24-horas-3-100k-1.jpg\"><img loading=\"lazy\" decoding=\"async\" aria-describedby=\"caption-attachment-68412\" class=\"size-full wp-image-68412\" src=\"https:\/\/www.uv.mx\/prensa\/files\/2019\/05\/240519-veracruz-24-horas-3-100k-1.jpg\" alt=\"\" width=\"722\" height=\"434\" srcset=\"https:\/\/www.uv.mx\/prensa\/files\/2019\/05\/240519-veracruz-24-horas-3-100k-1.jpg 722w, https:\/\/www.uv.mx\/prensa\/files\/2019\/05\/240519-veracruz-24-horas-3-100k-1-300x180.jpg 300w\" sizes=\"auto, (max-width: 722px) 100vw, 722px\" \/><\/a><p id=\"caption-attachment-68412\" class=\"wp-caption-text\">Participantes de \u201c24 horas de innovaci\u00f3n\u201d de la regi\u00f3n Veracruz<\/p><\/div>\n<p><span data-ccp-props=\"{&quot;201341983&quot;:0,&quot;335559731&quot;:708,&quot;335559739&quot;:160,&quot;335559740&quot;:240}\">\u00a0<\/span><\/p>\n<p><span data-contrast=\"auto\">Cabe mencionar que la competencia promovida por la Direcci\u00f3n <\/span><span data-contrast=\"auto\">General <\/span><span data-contrast=\"auto\">de Relaciones Internacionales <\/span><span data-contrast=\"auto\">en la UV <\/span><span data-contrast=\"auto\">se realiza de forma simult\u00e1nea en todas las regiones universitarias.<\/span><span data-ccp-props=\"{&quot;201341983&quot;:0,&quot;335559731&quot;:708,&quot;335559739&quot;:160,&quot;335559740&quot;:240}\">\u00a0<\/span><\/p>\n<p><span data-contrast=\"auto\">En la regi\u00f3n Veracruz participaron 75 estudiantes y 17 acad\u00e9micos distribuidos en <\/span><span data-contrast=\"auto\">nueve<\/span><span data-contrast=\"auto\"> equipos que brindaron <\/span><span data-contrast=\"auto\">igual n\u00famero de <\/span><span data-contrast=\"auto\">alternativas de soluci\u00f3n a los retos lanzados por la <\/span><span data-contrast=\"none\">\u00c9cole de <\/span><span data-contrast=\"none\">T<\/span><span data-contrast=\"none\">echnologie <\/span><span data-contrast=\"none\">S<\/span><span data-contrast=\"none\">up\u00e9rieure<\/span> <span data-contrast=\"auto\">(<\/span><span data-contrast=\"auto\">ETS<\/span><span data-contrast=\"auto\">) de la Universidad de <\/span><span data-contrast=\"auto\">Quebec<\/span><span data-contrast=\"auto\">,<\/span><span data-contrast=\"auto\"> en Canad\u00e1.<\/span><span data-ccp-props=\"{&quot;201341983&quot;:0,&quot;335559731&quot;:708,&quot;335559739&quot;:160,&quot;335559740&quot;:240}\">\u00a0<\/span><\/p>\n<p><span data-contrast=\"auto\">El jurado regional que calific\u00f3 los videos realizados por los participantes<\/span><span data-contrast=\"auto\">, lo integra<\/span><span data-contrast=\"auto\">ron: Rita Bautista, de <\/span><span data-contrast=\"auto\">Emprendever<\/span><span data-contrast=\"auto\">; <\/span><span data-contrast=\"auto\">Jafed<\/span><span data-contrast=\"auto\"> Rodr\u00edguez, de Computaci\u00f3n del Golfo, y Erick <\/span><span data-contrast=\"auto\">Nayen<\/span><span data-contrast=\"auto\">, de <\/span><span data-contrast=\"auto\">Fisium<\/span><span data-contrast=\"auto\"> Cl\u00ednicas.<\/span><\/p>\n<p>&nbsp;<\/p>\n<p><iframe loading=\"lazy\" title=\"UV 10 FollowTree 24inno May 2019\" width=\"639\" height=\"359\" src=\"https:\/\/www.youtube.com\/embed\/ljRhYR7sMrQ?feature=oembed\" frameborder=\"0\" allow=\"accelerometer; autoplay; clipboard-write; encrypted-media; gyroscope; picture-in-picture; web-share\" referrerpolicy=\"strict-origin-when-cross-origin\" allowfullscreen><\/iframe><\/p>\n<p>&nbsp;<\/p>\n<p style=\"text-align: center\">\n","protected":false},"excerpt":{"rendered":"<p>Obtuvieron el primer lugar en la competencia internacional \u201c24 horas de innovaci\u00f3n\u201d, en la categor\u00eda Norte y Centroam\u00e9rica <\/p>\n","protected":false},"author":1775,"featured_media":68411,"comment_status":"closed","ping_status":"closed","sticky":false,"template":"","format":"standard","meta":{"footnotes":""},"categories":[61,55],"tags":[33655,6603,6206,7110,1269,5624,33654,559],"class_list":["post-68405","post","type-post","status-publish","format-standard","has-post-thumbnail","hentry","category-banner","category-veracruz","tag-24-horas-de-innovacion","tag-academicas","tag-aplicacion","tag-arboles","tag-cambio-climatico","tag-competencia-internacional","tag-dispositivo-movil","tag-estudiantes"],"_links":{"self":[{"href":"https:\/\/www.uv.mx\/prensa\/wp-json\/wp\/v2\/posts\/68405","targetHints":{"allow":["GET"]}}],"collection":[{"href":"https:\/\/www.uv.mx\/prensa\/wp-json\/wp\/v2\/posts"}],"about":[{"href":"https:\/\/www.uv.mx\/prensa\/wp-json\/wp\/v2\/types\/post"}],"author":[{"embeddable":true,"href":"https:\/\/www.uv.mx\/prensa\/wp-json\/wp\/v2\/users\/1775"}],"replies":[{"embeddable":true,"href":"https:\/\/www.uv.mx\/prensa\/wp-json\/wp\/v2\/comments?post=68405"}],"version-history":[{"count":1,"href":"https:\/\/www.uv.mx\/prensa\/wp-json\/wp\/v2\/posts\/68405\/revisions"}],"predecessor-version":[{"id":170072,"href":"https:\/\/www.uv.mx\/prensa\/wp-json\/wp\/v2\/posts\/68405\/revisions\/170072"}],"wp:featuredmedia":[{"embeddable":true,"href":"https:\/\/www.uv.mx\/prensa\/wp-json\/wp\/v2\/media\/68411"}],"wp:attachment":[{"href":"https:\/\/www.uv.mx\/prensa\/wp-json\/wp\/v2\/media?parent=68405"}],"wp:term":[{"taxonomy":"category","embeddable":true,"href":"https:\/\/www.uv.mx\/prensa\/wp-json\/wp\/v2\/categories?post=68405"},{"taxonomy":"post_tag","embeddable":true,"href":"https:\/\/www.uv.mx\/prensa\/wp-json\/wp\/v2\/tags?post=68405"}],"curies":[{"name":"wp","href":"https:\/\/api.w.org\/{rel}","templated":true}]}}