{"id":68376,"date":"2019-05-24T08:00:06","date_gmt":"2019-05-24T13:00:06","guid":{"rendered":"https:\/\/www.uv.mx\/prensa\/?p=68376"},"modified":"2019-05-23T20:46:38","modified_gmt":"2019-05-24T01:46:38","slug":"fime-poza-rica-trabaja-en-rediseno-de-programas-de-estudio","status":"publish","type":"post","link":"https:\/\/www.uv.mx\/prensa\/regiones\/poza-rica\/fime-poza-rica-trabaja-en-rediseno-de-programas-de-estudio\/","title":{"rendered":"FIME-Poza Rica trabaja en redise\u00f1o de programas de estudio"},"content":{"rendered":"<p>&nbsp;<\/p>\n<div id=\"attachment_68377\" style=\"width: 732px\" class=\"wp-caption aligncenter\"><a href=\"https:\/\/www.uv.mx\/prensa\/files\/2019\/05\/240519-FIME-POZA-RICA.jpg\"><img loading=\"lazy\" decoding=\"async\" aria-describedby=\"caption-attachment-68377\" class=\"size-full wp-image-68377\" src=\"https:\/\/www.uv.mx\/prensa\/files\/2019\/05\/240519-FIME-POZA-RICA.jpg\" alt=\"\" width=\"722\" height=\"448\" srcset=\"https:\/\/www.uv.mx\/prensa\/files\/2019\/05\/240519-FIME-POZA-RICA.jpg 722w, https:\/\/www.uv.mx\/prensa\/files\/2019\/05\/240519-FIME-POZA-RICA-300x186.jpg 300w\" sizes=\"auto, (max-width: 722px) 100vw, 722px\" \/><\/a><p id=\"caption-attachment-68377\" class=\"wp-caption-text\">Acad\u00e9micos analizan y proponen cambios en los planes de estudio de los programas educativos de la FIME<\/p><\/div>\n<p>&nbsp;<\/p>\n<p><b><i><span data-contrast=\"none\">24\/05\/19, Poza Rica, Ver.-<\/span><\/i><\/b> <span data-contrast=\"none\">L<\/span><span data-contrast=\"none\">os comit\u00e9s de trabajo <\/span><span data-contrast=\"none\">de<\/span><span data-contrast=\"none\"> los <\/span><span data-contrast=\"none\">programas educativos (PE)<\/span><span data-contrast=\"none\"> Ingenier\u00eda El\u00e9ctrica, Ingenier\u00eda Industrial <\/span><span data-contrast=\"none\">e <\/span><span data-contrast=\"none\">Ingenier\u00eda Mec\u00e1nica de la Facultad de Ingenier\u00eda Mec\u00e1nica y El\u00e9ctrica <\/span><span data-contrast=\"none\">(FIME) <\/span><span data-contrast=\"none\">de la Universidad Veracruzana<\/span><span data-contrast=\"none\"> (UV),<\/span><span data-contrast=\"none\"> se reunieron para analizar la actualizaci\u00f3n y redise\u00f1o de los planes y programas de estudio para su posterior presentaci\u00f3n y consenso con los pares acad\u00e9micos de las dem\u00e1s regiones donde se ofertan <\/span><span data-contrast=\"none\">dichos<\/span><span data-contrast=\"none\"> PE<\/span><span data-contrast=\"none\">.<\/span><span data-ccp-props=\"{&quot;201341983&quot;:0,&quot;335559739&quot;:160,&quot;335559740&quot;:240}\">\u00a0<\/span><\/p>\n<p><span data-contrast=\"none\">Lo anterior, e<\/span><span data-contrast=\"none\">n seguimiento a los lineamientos de trabajo de la Direcci\u00f3n General del \u00c1rea Acad\u00e9mica T\u00e9cnica para el redise\u00f1o de los planes y programas de estudio de <\/span><span data-contrast=\"none\">toda <\/span><span data-contrast=\"none\">la of<\/span><span data-contrast=\"none\">erta educativa <\/span><span data-contrast=\"none\">de esta \u00e1rea acad\u00e9mica.<\/span><span data-ccp-props=\"{&quot;201341983&quot;:0,&quot;335559731&quot;:708,&quot;335559739&quot;:160,&quot;335559740&quot;:240}\">\u00a0<\/span><\/p>\n<p><span data-contrast=\"none\">Juan Rodrigo Laguna Camacho, <\/span><span data-contrast=\"none\">director de <\/span><span data-contrast=\"none\">la <\/span><span data-contrast=\"none\">FIME<\/span><span data-contrast=\"none\">, exhort\u00f3 a todos los integrantes de cada uno de los PE a sumarse al trabajo en equipo y construir las propuestas necesarias y sustentadas que fundamenten la informaci\u00f3n de <\/span><span data-contrast=\"none\">Fase 1 que hace referencia al<\/span> <span data-contrast=\"none\">quehacer de la profesi\u00f3n del i<\/span><span data-contrast=\"none\">ngeniero, competencias, misi\u00f3n y visi\u00f3n<\/span><span data-contrast=\"none\">, as\u00ed como<\/span><span data-contrast=\"none\"> el an\u00e1lisis de las necesidades sociales<\/span><span data-contrast=\"none\">.<\/span><span data-ccp-props=\"{&quot;201341983&quot;:0,&quot;335559731&quot;:708,&quot;335559739&quot;:160,&quot;335559740&quot;:240}\">\u00a0<\/span><\/p>\n<p><span data-contrast=\"none\">M<\/span><span data-contrast=\"none\">enci<\/span><span data-contrast=\"none\">on<\/span><span data-contrast=\"none\">\u00f3 que <\/span><span data-contrast=\"none\">a <\/span><span data-contrast=\"none\">los trabajos <\/span><span data-contrast=\"none\">que se <\/span><span data-contrast=\"none\">realizar<\/span><span data-contrast=\"none\">\u00e1n <\/span><span data-contrast=\"none\">en las <\/span><span data-contrast=\"none\">siguientes <\/span><span data-contrast=\"none\">fases se sumar\u00e1n los cuerpos co<\/span><span data-contrast=\"none\">legiados y acad\u00e9micos, adem\u00e1s de <\/span><span data-contrast=\"none\">aportacio<\/span><span data-contrast=\"none\">nes de egresados, empleadores, <\/span><span data-contrast=\"none\">grupos de inter\u00e9s y otros elementos de vital importancia en la construcci\u00f3n del redise\u00f1o de los planes y programas de estudio<\/span><span data-contrast=\"none\">,<\/span> <span data-contrast=\"none\">y<\/span><span data-contrast=\"none\"> adem\u00e1s se fortalecer\u00e1n con los estudios de mercado para la pertinencia de cada uno de los PE.<\/span><span data-ccp-props=\"{&quot;201341983&quot;:0,&quot;335559731&quot;:708,&quot;335559739&quot;:160,&quot;335559740&quot;:240}\">\u00a0<\/span><\/p>\n<p><span data-contrast=\"none\">Sin lugar a dudas el redise\u00f1o de los planes y programas de estudio proporcionar\u00e1 a estudiantes de los <\/span><span data-contrast=\"none\">PE<\/span> <span data-contrast=\"none\">de <\/span><span data-contrast=\"none\">Ingenier\u00eda en esta regi\u00f3n una mejor preparaci\u00f3n que impactar\u00e1 favorablemente al incursionar en el campo laboral, <\/span><span data-contrast=\"none\">pues<\/span><span data-contrast=\"none\"> adem\u00e1s de egresar de una instituci\u00f3n reconocida y acreditada por su calidad acad\u00e9mica, se trabaja tambi\u00e9n en la internacionalizaci\u00f3n, solicitud que los organismos acreditadores<\/span><span data-contrast=\"none\">,<\/span><span data-contrast=\"none\"> como el <\/span><span data-contrast=\"none\">Consejo de Acreditaci\u00f3n de la Ense\u00f1anza de la Ingenier\u00eda (<\/span><i><span data-contrast=\"none\">Cacei<\/span><\/i><span data-contrast=\"none\">)<\/span><span data-contrast=\"none\">,<\/span><span data-contrast=\"none\"> dictaminan se lleve a cabo en las instituciones de nivel superior.<\/span><span data-ccp-props=\"{&quot;201341983&quot;:0,&quot;335559731&quot;:708,&quot;335559739&quot;:160,&quot;335559740&quot;:240}\">\u00a0<\/span><\/p>\n<p><span data-contrast=\"none\">Laguna Camacho<\/span> <span data-contrast=\"none\">e<\/span><span data-contrast=\"none\">xpres\u00f3<\/span><span data-contrast=\"none\"> que la F<\/span><span data-contrast=\"none\">IME de <\/span><span data-contrast=\"none\">la <\/span><span data-contrast=\"none\">r<\/span><span data-contrast=\"none\">egi\u00f3n Poza Rica-Tuxpan sigue trabajando con calidad y contribuye en la mejora continua de la oferta educativa de los PE en la zona norte del estado<\/span><span data-contrast=\"none\">,<\/span><span data-contrast=\"none\"> para <\/span><span data-contrast=\"none\">brindar<\/span><span data-contrast=\"none\"> una mejor preparaci\u00f3n profesional <\/span><span data-contrast=\"none\">a los <\/span><span data-contrast=\"none\">estudiantes <\/span><span data-contrast=\"none\">que <\/span><span data-contrast=\"none\">reconocen a esta instituci\u00f3n como la primera opci\u00f3n y mejor casa de estudios para seguir adelante.<\/span><\/p>\n","protected":false},"excerpt":{"rendered":"<p>Los comit\u00e9s de trabajo de Ingenier\u00eda El\u00e9ctrica, Ingenier\u00eda Industrial e Ingenier\u00eda Mec\u00e1nican dan seguimiento a los lineamientos de la Direcci\u00f3n General del \u00c1rea Acad\u00e9mica T\u00e9cnica<\/p>\n","protected":false},"author":1508,"featured_media":68377,"comment_status":"closed","ping_status":"closed","sticky":false,"template":"","format":"standard","meta":{"footnotes":""},"categories":[54],"tags":[],"class_list":["post-68376","post","type-post","status-publish","format-standard","has-post-thumbnail","hentry","category-poza-rica"],"_links":{"self":[{"href":"https:\/\/www.uv.mx\/prensa\/wp-json\/wp\/v2\/posts\/68376","targetHints":{"allow":["GET"]}}],"collection":[{"href":"https:\/\/www.uv.mx\/prensa\/wp-json\/wp\/v2\/posts"}],"about":[{"href":"https:\/\/www.uv.mx\/prensa\/wp-json\/wp\/v2\/types\/post"}],"author":[{"embeddable":true,"href":"https:\/\/www.uv.mx\/prensa\/wp-json\/wp\/v2\/users\/1508"}],"replies":[{"embeddable":true,"href":"https:\/\/www.uv.mx\/prensa\/wp-json\/wp\/v2\/comments?post=68376"}],"version-history":[{"count":0,"href":"https:\/\/www.uv.mx\/prensa\/wp-json\/wp\/v2\/posts\/68376\/revisions"}],"wp:featuredmedia":[{"embeddable":true,"href":"https:\/\/www.uv.mx\/prensa\/wp-json\/wp\/v2\/media\/68377"}],"wp:attachment":[{"href":"https:\/\/www.uv.mx\/prensa\/wp-json\/wp\/v2\/media?parent=68376"}],"wp:term":[{"taxonomy":"category","embeddable":true,"href":"https:\/\/www.uv.mx\/prensa\/wp-json\/wp\/v2\/categories?post=68376"},{"taxonomy":"post_tag","embeddable":true,"href":"https:\/\/www.uv.mx\/prensa\/wp-json\/wp\/v2\/tags?post=68376"}],"curies":[{"name":"wp","href":"https:\/\/api.w.org\/{rel}","templated":true}]}}