{"id":68362,"date":"2019-05-23T19:49:48","date_gmt":"2019-05-24T00:49:48","guid":{"rendered":"https:\/\/www.uv.mx\/prensa\/?p=68362"},"modified":"2019-05-23T19:49:48","modified_gmt":"2019-05-24T00:49:48","slug":"arte-sensorial-abre-las-puertas-a-otras-formas-de-percepcion","status":"publish","type":"post","link":"https:\/\/www.uv.mx\/prensa\/general\/arte-sensorial-abre-las-puertas-a-otras-formas-de-percepcion\/","title":{"rendered":"Arte sensorial abre las puertas a otras formas de percepci\u00f3n"},"content":{"rendered":"<ul>\n<li data-leveltext=\"\uf0b7\" data-font=\"Symbol\" data-listid=\"5\" data-aria-posinset=\"1\" data-aria-level=\"1\"><i><span data-contrast=\"none\">\u201cEs posible crear historias a trav\u00e9s de aromas y sonidos, y esto nos permite <\/span><\/i><i><span data-contrast=\"none\">recodificar<\/span><\/i><i><span data-contrast=\"none\"> la realidad de otra manera\u201d<\/span><\/i><i><span data-contrast=\"none\">:<\/span><\/i> <i><span data-contrast=\"none\">Demian<\/span><\/i><i><span data-contrast=\"none\"> Lerma<\/span><\/i><span data-ccp-props=\"{}\">\u00a0<\/span><\/li>\n<\/ul>\n<p>&nbsp;<\/p>\n<div id=\"attachment_68180\" style=\"width: 732px\" class=\"wp-caption aligncenter\"><a href=\"https:\/\/www.uv.mx\/prensa\/files\/2019\/05\/210519-Integra-tus-sentidos-1.jpg\"><img loading=\"lazy\" decoding=\"async\" aria-describedby=\"caption-attachment-68180\" class=\"size-full wp-image-68180\" src=\"https:\/\/www.uv.mx\/prensa\/files\/2019\/05\/210519-Integra-tus-sentidos-1.jpg\" alt=\"\" width=\"722\" height=\"482\" srcset=\"https:\/\/www.uv.mx\/prensa\/files\/2019\/05\/210519-Integra-tus-sentidos-1.jpg 722w, https:\/\/www.uv.mx\/prensa\/files\/2019\/05\/210519-Integra-tus-sentidos-1-300x200.jpg 300w\" sizes=\"auto, (max-width: 722px) 100vw, 722px\" \/><\/a><p id=\"caption-attachment-68180\" class=\"wp-caption-text\">Panelistas de la mesa \u201cArte multisensorial: oportunidades y desaf\u00edos\u201d<\/p><\/div>\n<p>&nbsp;<\/p>\n<p><b><i><span data-contrast=\"none\">Carlos Hugo Hermida Rosales<\/span><\/i><\/b><span data-ccp-props=\"{}\">\u00a0<\/span><\/p>\n<p><b><i><span data-contrast=\"none\">2<\/span><\/i><\/b><b><i><span data-contrast=\"none\">3<\/span><\/i><\/b><b><i><span data-contrast=\"none\">\/05\/<\/span><\/i><\/b><b><i><span data-contrast=\"none\">19<\/span><\/i><\/b><b><i><span data-contrast=\"none\">,<\/span><\/i><\/b> <b><i><span data-contrast=\"none\">Xalapa, Ver.<\/span><\/i><\/b><b><i><span data-contrast=\"none\">&#8211;<\/span><\/i><\/b> <span data-contrast=\"none\">Eduardo <\/span><span data-contrast=\"none\">Demian<\/span><span data-contrast=\"none\"> Lerma Hern\u00e1ndez, fundador y director art\u00edstico de <\/span><span data-contrast=\"none\">Sensorama<\/span><span data-contrast=\"none\">, primera compa\u00f1\u00eda<\/span><span data-contrast=\"none\"> de <\/span><span data-contrast=\"none\">a<\/span><span data-contrast=\"none\">rte <\/span><span data-contrast=\"none\">s<\/span><span data-contrast=\"none\">ensorial en M\u00e9xico, mencion\u00f3 que <\/span><span data-contrast=\"none\">este estilo de <\/span><span data-contrast=\"none\">arte abre las puertas a otras formas de percepci\u00f3n que nos muestran que el entorno puede existir de mucha<\/span><span data-contrast=\"none\">s formas.<\/span><span data-ccp-props=\"{}\">\u00a0<\/span><\/p>\n<p><span data-contrast=\"none\">Explic\u00f3 que el ser humano es visual y obtiene el 80 por ciento de la informaci\u00f3n a trav\u00e9s de la vista, y que cuando \u00e9sta se cierra el cerebro busca recrear la realidad <\/span><span data-contrast=\"none\">mediante<\/span><span data-contrast=\"none\"> distintos elementos.<\/span><span data-ccp-props=\"{&quot;335559731&quot;:708}\">\u00a0<\/span><\/p>\n<p><span data-contrast=\"none\">\u201cEs posible crear historias a trav\u00e9s de aromas y sonidos, y esto nos permite <\/span><span data-contrast=\"none\">recodificar<\/span><span data-contrast=\"none\"> la realidad de otra manera\u201d<\/span><span data-contrast=\"none\">, a<\/span><span data-contrast=\"none\">firm\u00f3<\/span><span data-contrast=\"none\">.<\/span><span data-ccp-props=\"{&quot;335559731&quot;:708}\">\u00a0<\/span><\/p>\n<p><span data-contrast=\"none\">Lerma particip\u00f3 en la mesa de di\u00e1logo \u201cArte multisensorial: oportunidades y desaf\u00edos\u201d, que se realiz\u00f3 el 20 de mayo en la sala urbana de la Galer\u00eda \u201cDom\u00ednguez y <\/span><span data-contrast=\"none\">Buis<\/span><span data-contrast=\"none\">\u201d; el panel tambi\u00e9n cont\u00f3 con la presencia de Juan Carlos Saavedra G\u00f3mez, director de la compa\u00f1\u00eda Teatro Ciego, y Ariadne Hern\u00e1ndez S\u00e1nchez, directora general del Grupo Interdisciplinario de Neurociencias y Arte, A.C.<\/span><span data-ccp-props=\"{&quot;335559731&quot;:708}\">\u00a0<\/span><\/p>\n<p><span data-contrast=\"none\">El evento fue organizado por <\/span><span data-contrast=\"none\">Senda Naranja, colectivo integrado por estudiantes de la Licenciatura en Publicidad y Relaciones P\u00fablicas de la Facultad de Ciencias Administrativas y Sociales (FCAS) de la Universidad Veracruzana (UV).<\/span><span data-ccp-props=\"{&quot;335559731&quot;:708}\">\u00a0<\/span><\/p>\n<p><span data-contrast=\"none\">Juan Carlos Saavedra comparti\u00f3 que l<\/span><span data-contrast=\"none\">os montajes<\/span><span data-contrast=\"none\"> de la compa\u00f1\u00eda Teatro Ciego son experiencias esc\u00e9nicas h\u00edbridas que ofrecen procesos perceptivos, que se crean a partir de est\u00edmulos realizados a trav\u00e9s de las disciplinas art\u00edsticas.\u00a0<\/span><span data-ccp-props=\"{&quot;335559731&quot;:708}\">\u00a0<\/span><\/p>\n<p><span data-contrast=\"none\">\u201cDentro de una representaci\u00f3n teatral para invidentes es fundamental que los sentidos se trabajen en pos de una creaci\u00f3n esc\u00e9nica\u201d, enunci\u00f3.<\/span><span data-ccp-props=\"{&quot;335559731&quot;:708}\">\u00a0<\/span><\/p>\n<p><span data-contrast=\"none\">El director teatral enfatiz\u00f3 que dentro de estas puestas en escena la exper<\/span><span data-contrast=\"none\">iencia la <\/span><span data-contrast=\"none\">completa el p\u00fablico asistente, que se vuelve un<\/span><span data-contrast=\"none\">a parte activa del espect\u00e1culo.<\/span><span data-ccp-props=\"{&quot;335559731&quot;:708}\">\u00a0<\/span><\/p>\n<p><span data-contrast=\"none\">Ariadne Hern\u00e1ndez coment\u00f3 que todos los d\u00edas el ser humano est\u00e1 en presencia de experiencias multisensoriales, y que ante esto es fundamental estudiar tanto el cerebro como <\/span><span data-contrast=\"none\">a <\/span><span data-contrast=\"none\">la conducta<\/span><span data-contrast=\"none\">,<\/span><span data-contrast=\"none\"> para poder hacer un uso correcto de las t\u00e9cnicas y materiales del arte desde el enfoque de lo sensorial.<\/span><span data-ccp-props=\"{&quot;335559731&quot;:708}\">\u00a0<\/span><\/p>\n<p>&nbsp;<\/p>\n<div id=\"attachment_68179\" style=\"width: 732px\" class=\"wp-caption aligncenter\"><a href=\"https:\/\/www.uv.mx\/prensa\/files\/2019\/05\/210519-Integra-tus-sentidos-2.jpg\"><img loading=\"lazy\" decoding=\"async\" aria-describedby=\"caption-attachment-68179\" class=\"size-full wp-image-68179\" src=\"https:\/\/www.uv.mx\/prensa\/files\/2019\/05\/210519-Integra-tus-sentidos-2.jpg\" alt=\"\" width=\"722\" height=\"482\" srcset=\"https:\/\/www.uv.mx\/prensa\/files\/2019\/05\/210519-Integra-tus-sentidos-2.jpg 722w, https:\/\/www.uv.mx\/prensa\/files\/2019\/05\/210519-Integra-tus-sentidos-2-300x200.jpg 300w\" sizes=\"auto, (max-width: 722px) 100vw, 722px\" \/><\/a><p id=\"caption-attachment-68179\" class=\"wp-caption-text\">El evento convoc\u00f3 a un p\u00fablico numeroso<\/p><\/div>\n","protected":false},"excerpt":{"rendered":"<p>El ser humano es visual y obtiene el 80 por ciento de la informaci\u00f3n a trav\u00e9s de la vista, y que cuando \u00e9sta se cierra el cerebro busca recrear la realidad mediante distintos elementos<\/p>\n","protected":false},"author":1508,"featured_media":68180,"comment_status":"closed","ping_status":"closed","sticky":false,"template":"","format":"standard","meta":{"footnotes":""},"categories":[1],"tags":[],"class_list":["post-68362","post","type-post","status-publish","format-standard","has-post-thumbnail","hentry","category-general"],"_links":{"self":[{"href":"https:\/\/www.uv.mx\/prensa\/wp-json\/wp\/v2\/posts\/68362","targetHints":{"allow":["GET"]}}],"collection":[{"href":"https:\/\/www.uv.mx\/prensa\/wp-json\/wp\/v2\/posts"}],"about":[{"href":"https:\/\/www.uv.mx\/prensa\/wp-json\/wp\/v2\/types\/post"}],"author":[{"embeddable":true,"href":"https:\/\/www.uv.mx\/prensa\/wp-json\/wp\/v2\/users\/1508"}],"replies":[{"embeddable":true,"href":"https:\/\/www.uv.mx\/prensa\/wp-json\/wp\/v2\/comments?post=68362"}],"version-history":[{"count":0,"href":"https:\/\/www.uv.mx\/prensa\/wp-json\/wp\/v2\/posts\/68362\/revisions"}],"wp:featuredmedia":[{"embeddable":true,"href":"https:\/\/www.uv.mx\/prensa\/wp-json\/wp\/v2\/media\/68180"}],"wp:attachment":[{"href":"https:\/\/www.uv.mx\/prensa\/wp-json\/wp\/v2\/media?parent=68362"}],"wp:term":[{"taxonomy":"category","embeddable":true,"href":"https:\/\/www.uv.mx\/prensa\/wp-json\/wp\/v2\/categories?post=68362"},{"taxonomy":"post_tag","embeddable":true,"href":"https:\/\/www.uv.mx\/prensa\/wp-json\/wp\/v2\/tags?post=68362"}],"curies":[{"name":"wp","href":"https:\/\/api.w.org\/{rel}","templated":true}]}}