{"id":68283,"date":"2019-05-23T08:00:58","date_gmt":"2019-05-23T13:00:58","guid":{"rendered":"https:\/\/www.uv.mx\/prensa\/?p=68283"},"modified":"2019-05-23T09:17:38","modified_gmt":"2019-05-23T14:17:38","slug":"uv-recibio-a-estudiantes-de-la-universidad-de-nebraska-omaha","status":"publish","type":"post","link":"https:\/\/www.uv.mx\/prensa\/general\/uv-recibio-a-estudiantes-de-la-universidad-de-nebraska-omaha\/","title":{"rendered":"UV recibi\u00f3 a estudiantes de la Universidad de Nebraska Omaha"},"content":{"rendered":"<ul>\n<li data-leveltext=\"\uf0b7\" data-font=\"Symbol\" data-listid=\"5\" data-aria-posinset=\"1\" data-aria-level=\"1\"><i><span data-contrast=\"none\">R<\/span><\/i><i><span data-contrast=\"none\">ealizaron pr\u00e1cticas de campo en diversos hospitales de la ciudad de Xalapa para conocer las pol\u00edticas que se aplican<\/span><\/i><span data-ccp-props=\"{}\">\u00a0<\/span><\/li>\n<\/ul>\n<p>&nbsp;<\/p>\n<div id=\"attachment_68171\" style=\"width: 732px\" class=\"wp-caption aligncenter\"><a href=\"https:\/\/www.uv.mx\/prensa\/files\/2019\/05\/210519-Estudiantes-Omaha-1.jpg\"><img loading=\"lazy\" decoding=\"async\" aria-describedby=\"caption-attachment-68171\" class=\"size-full wp-image-68171\" src=\"https:\/\/www.uv.mx\/prensa\/files\/2019\/05\/210519-Estudiantes-Omaha-1.jpg\" alt=\"\" width=\"722\" height=\"481\" srcset=\"https:\/\/www.uv.mx\/prensa\/files\/2019\/05\/210519-Estudiantes-Omaha-1.jpg 722w, https:\/\/www.uv.mx\/prensa\/files\/2019\/05\/210519-Estudiantes-Omaha-1-300x200.jpg 300w\" sizes=\"auto, (max-width: 722px) 100vw, 722px\" \/><\/a><p id=\"caption-attachment-68171\" class=\"wp-caption-text\">Delegaci\u00f3n de la UNO acompa\u00f1ada por autoridades de la UV<\/p><\/div>\n<p>&nbsp;<\/p>\n<p><b><i><span data-contrast=\"auto\">Carlos Hugo Hermida Rosales<\/span><\/i><\/b><span data-ccp-props=\"{}\">\u00a0<\/span><\/p>\n<p><b><i><span data-contrast=\"auto\">23<\/span><\/i><\/b><b><i><span data-contrast=\"auto\">\/05\/<\/span><\/i><\/b><b><i><span data-contrast=\"auto\">19<\/span><\/i><\/b><b><i><span data-contrast=\"auto\">,<\/span><\/i><\/b> <b><i><span data-contrast=\"auto\">Xalapa, Ver.<\/span><\/i><\/b><b><i><span data-contrast=\"auto\">&#8211;<\/span><\/i><\/b> <span data-contrast=\"auto\">La Univer<\/span><span data-contrast=\"auto\">sidad Veracruzana (UV)<\/span><span data-contrast=\"auto\"> recibi\u00f3 a una delegaci\u00f3n de nueve e<\/span><span data-contrast=\"auto\">studiantes<\/span><span data-contrast=\"none\"> de<\/span><span data-contrast=\"none\"> Salud P\u00fablica de la<\/span><span data-contrast=\"none\"> Universidad de Nebraska Omaha<\/span><span data-contrast=\"none\"> (UNO)<\/span><span data-contrast=\"none\">, <\/span><span data-contrast=\"none\">quienes realizaron pr\u00e1cticas de campo en diversos ho<\/span><span data-contrast=\"none\">spitales de la ciudad de Xalapa<\/span><span data-contrast=\"none\"> para conocer las pol<\/span><span data-contrast=\"none\">\u00edticas en salud que se aplican.<\/span><span data-ccp-props=\"{}\">\u00a0<\/span><\/p>\n<p><span data-contrast=\"auto\">Celia Cristina Contreras Asturias, directora de la <a href=\"https:\/\/www.uv.mx\/eee\/\">Escuela para Estudiantes Extranjeros<\/a> (EEE), mencion\u00f3 que esta visita ocurri\u00f3 del 9 al 22 de mayo en el marco del programa de hermandad que existe entre las ciudades de Xalapa y Omaha<\/span><span data-contrast=\"auto\">. La relaci\u00f3n<\/span><span data-contrast=\"auto\"> deriv\u00f3 de una reuni\u00f3n que directivos de la UNO sostuvieron en 2018 con autoridades de la UV, en donde se acord\u00f3 establecer un convenio internacional de colaboraci\u00f3n acad\u00e9mica.<\/span><span data-ccp-props=\"{&quot;335559731&quot;:708}\">\u00a0<\/span><\/p>\n<p><span data-contrast=\"auto\">Comparti\u00f3 que adem\u00e1s de las pr\u00e1cticas en los hospitales, los j\u00f3<\/span><span data-contrast=\"auto\">venes tomaron clases de espa\u00f1ol<\/span><span data-contrast=\"auto\"> y realizaron actividades c<\/span><span data-contrast=\"auto\">ulturales y <\/span><span data-contrast=\"auto\">recorridos guiado<\/span><span data-contrast=\"auto\">s al Museo de Antropolog\u00eda de Xalapa, as\u00ed como a municipios aleda\u00f1os como <\/span><span data-contrast=\"auto\">Xico<\/span><span data-contrast=\"auto\"> y Coatepec, con el objetivo de <\/span><span data-contrast=\"auto\">brindarles<\/span><span data-contrast=\"auto\"> una formaci\u00f3n integral.<\/span><span data-ccp-props=\"{&quot;335559731&quot;:708}\">\u00a0<\/span><\/p>\n<p><span data-contrast=\"auto\">Celia Cristina Contreras declar\u00f3 que con su pol\u00edtica de fomento e impulso a la internacionalizaci\u00f3n, la UV forma cada vez m\u00e1s v\u00ednculos con distintas instituciones de educaci\u00f3n superior en diversas \u00e1reas y contextos, y afirm\u00f3 que la EEE est\u00e1 dispuesta a recibir a grupos de personas de universidades de todo el mundo, <\/span><span data-contrast=\"auto\">as\u00ed como a formar alianzas con el sector productivo y social para alcanzar <\/span><span data-contrast=\"auto\">los objetivos de estas visitas.<\/span><span data-ccp-props=\"{&quot;335559731&quot;:708}\">\u00a0<\/span><\/p>\n<p><span data-contrast=\"auto\">Sophia<\/span> <span data-contrast=\"auto\">Jawed<\/span><span data-contrast=\"auto\">, acad\u00e9mica de la UNO y coordinadora del grupo de j\u00f3venes de esta universidad, mencion\u00f3 que visitar hospitales p\u00fablicos de Xalapa fue una experiencia maravillosa tanto para <\/span><span data-contrast=\"auto\">ella como para sus estudiantes.<\/span><span data-ccp-props=\"{&quot;335559731&quot;:708}\">\u00a0<\/span><\/p>\n<p><span data-contrast=\"auto\">\u201cLos j\u00f3venes se enamoraron de la Universidad Veracruzana y de la cultura mexicana, ya que tuvieron la oportunidad de visitar museos y disfrutar de la amplia gastronom\u00eda local\u201d,<\/span> <span data-contrast=\"auto\">asegur\u00f3.<\/span><span data-ccp-props=\"{&quot;335559731&quot;:708}\">\u00a0<\/span><\/p>\n<p>&nbsp;<\/p>\n<div id=\"attachment_68170\" style=\"width: 732px\" class=\"wp-caption aligncenter\"><a href=\"https:\/\/www.uv.mx\/prensa\/files\/2019\/05\/210519-Estudiantes-Omaha-2.jpg\"><img loading=\"lazy\" decoding=\"async\" aria-describedby=\"caption-attachment-68170\" class=\"size-full wp-image-68170\" src=\"https:\/\/www.uv.mx\/prensa\/files\/2019\/05\/210519-Estudiantes-Omaha-2.jpg\" alt=\"\" width=\"722\" height=\"481\" srcset=\"https:\/\/www.uv.mx\/prensa\/files\/2019\/05\/210519-Estudiantes-Omaha-2.jpg 722w, https:\/\/www.uv.mx\/prensa\/files\/2019\/05\/210519-Estudiantes-Omaha-2-300x200.jpg 300w\" sizes=\"auto, (max-width: 722px) 100vw, 722px\" \/><\/a><p id=\"caption-attachment-68170\" class=\"wp-caption-text\">Montserrat S\u00e1nchez, Sydney Courcier y Cassidy Cielocha<\/p><\/div>\n<p>&nbsp;<\/p>\n<p><span data-contrast=\"auto\">Los estudiantes de la UNO manifestaron estar muy complacidos por la gran experiencia y ense\u00f1anza <\/span><span data-contrast=\"auto\">adquiridas<\/span><span data-contrast=\"auto\"> durante est<\/span><span data-contrast=\"auto\">a<\/span><span data-contrast=\"auto\"> visita.<\/span><span data-ccp-props=\"{&quot;335559731&quot;:708}\">\u00a0<\/span><\/p>\n<p><span data-contrast=\"auto\">Montserrat S\u00e1nchez Orozco <\/span><span data-contrast=\"auto\">coment\u00f3 que le encant\u00f3 conocer la cultura local, y que le asombr\u00f3 ver el cari\u00f1o con que se trata a los pacientes en las cl\u00ednicas y hospitales p\u00fablicos de la ciudad.\u00a0<\/span><span data-ccp-props=\"{&quot;335559731&quot;:708}\">\u00a0<\/span><\/p>\n<p><span data-contrast=\"auto\">Afirm\u00f3 que la UV es una escuela sorprendente, ya que brinda a sus estudia<\/span><span data-contrast=\"auto\">ntes muchas opciones de estudio<\/span><span data-contrast=\"auto\"> y una formaci\u00f3n completamente integral.<\/span><span data-ccp-props=\"{&quot;335559731&quot;:708}\">\u00a0<\/span><\/p>\n<p><span data-contrast=\"auto\">La joven detall\u00f3 que a su regreso a Nebraska involucrar\u00e1 aquello que aprendi\u00f3 aqu\u00ed dent<\/span><span data-contrast=\"auto\">ro de su formaci\u00f3n profesional.<\/span><span data-ccp-props=\"{&quot;335559731&quot;:708}\">\u00a0<\/span><\/p>\n<p><span data-contrast=\"auto\">Sydney<\/span> <span data-contrast=\"auto\">Courcier<\/span><span data-contrast=\"auto\"> enfatiz\u00f3 que aprendi\u00f3 mucho al ver diferencias que existen entre los hospitales de Xalapa y los de Omaha, y que le sorprendi\u00f3 ver el esmero con el que los profesionales de la salud<\/span> <span data-contrast=\"auto\">realizan sus labores.<\/span><span data-ccp-props=\"{&quot;335559731&quot;:708}\">\u00a0<\/span><\/p>\n<p><span data-contrast=\"auto\">Asegur\u00f3 que Xalapa le pareci\u00f3 una ciudad muy limpia, con una gran pobl<\/span><span data-contrast=\"auto\">aci\u00f3n en su mayor\u00eda muy amable.<\/span><span data-ccp-props=\"{&quot;335559731&quot;:708}\">\u00a0<\/span><\/p>\n<p><span data-contrast=\"auto\">Cassidy<\/span> <span data-contrast=\"auto\">Cielocha<\/span><span data-contrast=\"auto\"> enunci\u00f3 que le cautiv\u00f3 ver c<\/span><span data-contrast=\"auto\">\u00f3<\/span><span data-contrast=\"auto\">mo la vegetaci\u00f3n predomina en Xalapa, entorno que es muy distinto al de Omaha.<\/span><span data-ccp-props=\"{&quot;335559731&quot;:708}\">\u00a0<\/span><\/p>\n<p><span data-contrast=\"auto\">La <\/span><span data-contrast=\"auto\">joven <\/span><span data-contrast=\"auto\">declar\u00f3 que la UV es una instituci\u00f3n educativa con personas muy preparadas, por lo que en un futuro le gustar\u00eda regresar a formarse en esta casa de estudios.<\/span><span data-ccp-props=\"{&quot;335559731&quot;:708}\">\u00a0<\/span><\/p>\n<p>&nbsp;<\/p>\n<div id=\"attachment_68169\" style=\"width: 732px\" class=\"wp-caption aligncenter\"><a href=\"https:\/\/www.uv.mx\/prensa\/files\/2019\/05\/210519-Estudiantes-Omaha-3.jpg\"><img loading=\"lazy\" decoding=\"async\" aria-describedby=\"caption-attachment-68169\" class=\"size-full wp-image-68169\" src=\"https:\/\/www.uv.mx\/prensa\/files\/2019\/05\/210519-Estudiantes-Omaha-3.jpg\" alt=\"\" width=\"722\" height=\"481\" srcset=\"https:\/\/www.uv.mx\/prensa\/files\/2019\/05\/210519-Estudiantes-Omaha-3.jpg 722w, https:\/\/www.uv.mx\/prensa\/files\/2019\/05\/210519-Estudiantes-Omaha-3-300x200.jpg 300w\" sizes=\"auto, (max-width: 722px) 100vw, 722px\" \/><\/a><p id=\"caption-attachment-68169\" class=\"wp-caption-text\">Sophia Jawed<\/p><\/div>\n","protected":false},"excerpt":{"rendered":"<p>La UV es una escuela sorprendente, ya que brinda a sus estudiantes muchas opciones de estudio y una formaci\u00f3n integral: Monserrat S\u00e1nchez <\/p>\n","protected":false},"author":1508,"featured_media":68284,"comment_status":"closed","ping_status":"closed","sticky":false,"template":"","format":"standard","meta":{"footnotes":""},"categories":[1],"tags":[],"class_list":["post-68283","post","type-post","status-publish","format-standard","has-post-thumbnail","hentry","category-general"],"_links":{"self":[{"href":"https:\/\/www.uv.mx\/prensa\/wp-json\/wp\/v2\/posts\/68283","targetHints":{"allow":["GET"]}}],"collection":[{"href":"https:\/\/www.uv.mx\/prensa\/wp-json\/wp\/v2\/posts"}],"about":[{"href":"https:\/\/www.uv.mx\/prensa\/wp-json\/wp\/v2\/types\/post"}],"author":[{"embeddable":true,"href":"https:\/\/www.uv.mx\/prensa\/wp-json\/wp\/v2\/users\/1508"}],"replies":[{"embeddable":true,"href":"https:\/\/www.uv.mx\/prensa\/wp-json\/wp\/v2\/comments?post=68283"}],"version-history":[{"count":0,"href":"https:\/\/www.uv.mx\/prensa\/wp-json\/wp\/v2\/posts\/68283\/revisions"}],"wp:featuredmedia":[{"embeddable":true,"href":"https:\/\/www.uv.mx\/prensa\/wp-json\/wp\/v2\/media\/68284"}],"wp:attachment":[{"href":"https:\/\/www.uv.mx\/prensa\/wp-json\/wp\/v2\/media?parent=68283"}],"wp:term":[{"taxonomy":"category","embeddable":true,"href":"https:\/\/www.uv.mx\/prensa\/wp-json\/wp\/v2\/categories?post=68283"},{"taxonomy":"post_tag","embeddable":true,"href":"https:\/\/www.uv.mx\/prensa\/wp-json\/wp\/v2\/tags?post=68283"}],"curies":[{"name":"wp","href":"https:\/\/api.w.org\/{rel}","templated":true}]}}