{"id":68281,"date":"2019-05-24T08:00:07","date_gmt":"2019-05-24T13:00:07","guid":{"rendered":"https:\/\/www.uv.mx\/prensa\/?p=68281"},"modified":"2019-05-23T20:50:46","modified_gmt":"2019-05-24T01:50:46","slug":"musico-de-la-osx-participara-en-curso-de-direccion-orquestal-en-eeuu","status":"publish","type":"post","link":"https:\/\/www.uv.mx\/prensa\/banner\/musico-de-la-osx-participara-en-curso-de-direccion-orquestal-en-eeuu\/","title":{"rendered":"M\u00fasico de la OSX participar\u00e1 en curso de direcci\u00f3n orquestal en EEUU"},"content":{"rendered":"<ul>\n<li data-leveltext=\"\uf0b7\" data-font=\"Symbol\" data-listid=\"2\" data-aria-posinset=\"1\" data-aria-level=\"1\"><i><span data-contrast=\"none\">El violista Tonatiuh Garc\u00eda Jim\u00e9nez acudir\u00e1<\/span><\/i> <i><span data-contrast=\"none\">como director asistente <\/span><\/i><i><span data-contrast=\"none\">al<\/span><\/i> <i><span data-contrast=\"none\">Festival y Curso de Direcci\u00f3n Orquestal \u201cPierre <\/span><\/i><i><span data-contrast=\"none\">Monteux<\/span><\/i><i><span data-contrast=\"none\">\u201d<\/span><\/i><span data-ccp-props=\"{&quot;134233279&quot;:true,&quot;201341983&quot;:0,&quot;335559739&quot;:160,&quot;335559740&quot;:240}\">, <\/span><i><span data-contrast=\"none\">del 16 de junio al 31 de julio en <\/span><\/i><i><span data-contrast=\"none\">Hancock<\/span><\/i><i><span data-contrast=\"none\">, Maine<\/span><\/i><i><\/i><\/li>\n<\/ul>\n<p>&nbsp;<\/p>\n<div id=\"attachment_68102\" style=\"width: 732px\" class=\"wp-caption aligncenter\"><a href=\"https:\/\/www.uv.mx\/prensa\/files\/2019\/05\/170519-TONATIUH-GARCIA-1.jpg\"><img loading=\"lazy\" decoding=\"async\" aria-describedby=\"caption-attachment-68102\" class=\"size-full wp-image-68102\" src=\"https:\/\/www.uv.mx\/prensa\/files\/2019\/05\/170519-TONATIUH-GARCIA-1.jpg\" alt=\"\" width=\"722\" height=\"583\" srcset=\"https:\/\/www.uv.mx\/prensa\/files\/2019\/05\/170519-TONATIUH-GARCIA-1.jpg 722w, https:\/\/www.uv.mx\/prensa\/files\/2019\/05\/170519-TONATIUH-GARCIA-1-300x242.jpg 300w, https:\/\/www.uv.mx\/prensa\/files\/2019\/05\/170519-TONATIUH-GARCIA-1-100x80.jpg 100w\" sizes=\"auto, (max-width: 722px) 100vw, 722px\" \/><\/a><p id=\"caption-attachment-68102\" class=\"wp-caption-text\">Desde temprana edad dese\u00f3 dirigir una orquesta<\/p><\/div>\n<p>&nbsp;<\/p>\n<p><b><i><span data-contrast=\"none\">Claudia Peralta V\u00e1zquez<\/span><\/i><\/b><span data-ccp-props=\"{&quot;201341983&quot;:0,&quot;335559739&quot;:160,&quot;335559740&quot;:240}\">\u00a0<\/span><\/p>\n<p><b><i><span data-contrast=\"none\">24<\/span><\/i><\/b><b><i><span data-contrast=\"none\">\/05\/<\/span><\/i><\/b><b><i><span data-contrast=\"none\">19, Xalapa, Ver.- <\/span><\/i><\/b><span data-contrast=\"none\">Por tercera ocasi\u00f3n, Tonatiuh Garc\u00eda Jim\u00e9nez, violista de la Orquesta Sinf\u00f3nica de Xalapa (OSX), <\/span><span data-contrast=\"none\">participar\u00e1 <\/span><span data-contrast=\"none\">en el <\/span><span data-contrast=\"none\">Festival y Curso de Direcci\u00f3n Orquestal \u201cPierre <\/span><span data-contrast=\"none\">Monteux<\/span><span data-contrast=\"none\">\u201d, <\/span><span data-contrast=\"none\">que tiene como sede la ciudad de <\/span><span data-contrast=\"none\">Hancock<\/span><span data-contrast=\"none\">, Maine, Estados Unidos<\/span><span data-contrast=\"none\"> (EEUU)<\/span><span data-contrast=\"none\">, y que se llevar\u00e1 a cabo <\/span><span data-contrast=\"none\">del 16 de junio al 31 julio.<\/span><span data-ccp-props=\"{&quot;201341983&quot;:0,&quot;335559739&quot;:160,&quot;335559740&quot;:240}\">\u00a0<\/span><\/p>\n<p><span data-contrast=\"none\">Se trata de un programa <\/span><span data-contrast=\"none\">de ver<\/span><span data-contrast=\"none\">ano de seis semanas<\/span><span data-contrast=\"none\"> que brinda <\/span><span data-contrast=\"none\">capacit<\/span><span data-contrast=\"none\">aci\u00f3n y experiencia pr\u00e1ctica <\/span><span data-contrast=\"none\">a <\/span><span data-contrast=\"none\">instrumentistas y<\/span> <span data-contrast=\"none\">directore<\/span><span data-contrast=\"none\">s de orquest<\/span><span data-contrast=\"none\">a desde ambos lados del podio;<\/span> <span data-contrast=\"none\">adem\u00e1s<\/span><span data-contrast=\"none\">,<\/span><span data-contrast=\"none\"> tienen la oportunidad de aprender un amplio y variado repertorio a lo largo del programa art\u00edstico que comprende seis conciertos orquestales p\u00fablicos y gratuitos.<\/span><span data-ccp-props=\"{&quot;201341983&quot;:0,&quot;335559731&quot;:708,&quot;335559739&quot;:160,&quot;335559740&quot;:240}\">\u00a0<\/span><\/p>\n<p><span data-contrast=\"none\">Para el experimentado m\u00fasico que, en el marco del 76 aniversario del festival <\/span><span data-contrast=\"none\">participa <\/span><span data-contrast=\"none\">como uno de los tres directores asistentes, esta nueva oportunidad le permitir\u00e1 adquirir conocimientos adicionales de algo que desde <\/span><span data-contrast=\"none\">muy joven <\/span><span data-contrast=\"none\">le apasiona, adem\u00e1s de la ejecuci\u00f3n de viola: la direcci\u00f3n orquestal.<\/span><span data-ccp-props=\"{&quot;201341983&quot;:0,&quot;335559731&quot;:708,&quot;335559739&quot;:160,&quot;335559740&quot;:240}\">\u00a0<\/span><\/p>\n<p><span data-contrast=\"none\">L<\/span><span data-contrast=\"none\">a mayor\u00eda de<\/span> <span data-contrast=\"none\">los <\/span><span data-contrast=\"none\">directo<\/span><span data-contrast=\"none\">res mexicanos han asistido a este<\/span><span data-contrast=\"none\"> festival, considerado uno de los tres m\u00e1s importantes de <\/span><span data-contrast=\"none\">EEUU<\/span><span data-contrast=\"none\">, pa\u00eds donde <\/span><span data-contrast=\"none\">Garc\u00eda Jim\u00e9nez tambi\u00e9n realiz\u00f3 <\/span><span data-contrast=\"none\">la<\/span> <span data-contrast=\"none\">M<\/span><span data-contrast=\"none\">aestr\u00eda en <\/span><span data-contrast=\"none\">D<\/span><span data-contrast=\"none\">irecci\u00f3n de <\/span><span data-contrast=\"none\">O<\/span><span data-contrast=\"none\">rquesta y <\/span><span data-contrast=\"none\">el <\/span><span data-contrast=\"none\">D<\/span><span data-contrast=\"none\">octorado en <\/span><span data-contrast=\"none\">I<\/span><span data-contrast=\"none\">nterpretaci\u00f3n de <\/span><span data-contrast=\"none\">V<\/span><span data-contrast=\"none\">iola<\/span><span data-contrast=\"none\">,<\/span><span data-contrast=\"none\"> en la U<\/span><span data-contrast=\"none\">niversidad Tecnol\u00f3gica de Texas.<\/span><span data-ccp-props=\"{&quot;201341983&quot;:0,&quot;335559739&quot;:160,&quot;335559740&quot;:240}\">\u00a0<\/span><\/p>\n<p><span data-contrast=\"none\">\u201cTengo la satisfacci\u00f3n de ser egresado y ahora acudir como uno de los tres directores asistentes<\/span><span data-contrast=\"none\">.<\/span><span data-contrast=\"none\">\u201d<\/span><span data-ccp-props=\"{&quot;201341983&quot;:0,&quot;335559739&quot;:160,&quot;335559740&quot;:240}\">\u00a0<\/span><\/p>\n<p><span data-contrast=\"none\">Mencion\u00f3 que la primera vez que <\/span><span data-contrast=\"none\">acudi\u00f3<\/span><span data-contrast=\"none\"> al Festival de M\u00fasica de <\/span><span data-contrast=\"none\">Monteux<\/span><span data-contrast=\"none\"> fue en 2017, no sin antes haber enviado su curr\u00edculum, videos de su experiencia musical y de direcci\u00f3n orquestal, con el fin de ser aceptado.<\/span><span data-ccp-props=\"{&quot;201341983&quot;:0,&quot;335559731&quot;:708,&quot;335559739&quot;:160,&quot;335559740&quot;:240}\">\u00a0<\/span><\/p>\n<p><span data-contrast=\"none\">Como la orquesta tiene <\/span><span data-contrast=\"none\">alrededor de 70 integrantes,<\/span><span data-contrast=\"none\"> algunos m\u00fasicos se <\/span><span data-contrast=\"none\">inscriben como instrumentistas<\/span><span data-contrast=\"none\"> y<\/span> <span data-contrast=\"none\">otros lo hacen como directores asistentes.<\/span><span data-ccp-props=\"{&quot;201341983&quot;:0,&quot;335559731&quot;:708,&quot;335559739&quot;:160,&quot;335559740&quot;:240}\">\u00a0<\/span><\/p>\n<p><span data-contrast=\"none\">El violista, egresado de la Facultad de M\u00fasica de la Universidad Veracruzana (UV) y con una experiencia de 20 a\u00f1os en la OSX, comparti\u00f3 que <\/span><span data-contrast=\"none\">su anhelo de <\/span><span data-contrast=\"none\">convertirse en el personaje que con dinamismo dirige el rumbo e intensidad de una obra o melod\u00eda, <\/span><span data-contrast=\"none\">lo acompa\u00f1a desde hace varios a\u00f1os. Tan es <\/span><span data-contrast=\"none\">as\u00ed <\/span><span data-contrast=\"none\">que recuerda cuando <\/span><span data-contrast=\"none\">lo plasm\u00f3 en un dibujo dentro de la clase de orientaci\u00f3n vocacional de la secundaria.<\/span><span data-ccp-props=\"{&quot;201341983&quot;:0,&quot;335559731&quot;:708,&quot;335559739&quot;:160,&quot;335559740&quot;:240}\">\u00a0<\/span><\/p>\n<p><span data-contrast=\"none\">Por diversas razones esa idea se borr\u00f3 de su mente<\/span><span data-contrast=\"none\"> durante alg\u00fan tiempo, para <\/span><span data-contrast=\"none\">posteriormente inici<\/span><span data-contrast=\"none\">ar<\/span><span data-contrast=\"none\"> sus estudios de m\u00fasica en la UV.<\/span><span data-ccp-props=\"{&quot;201341983&quot;:0,&quot;335559731&quot;:708,&quot;335559739&quot;:160,&quot;335559740&quot;:240}\">\u00a0<\/span><\/p>\n<p><span data-contrast=\"none\">\u201c<\/span><span data-contrast=\"none\">Esa curiosidad <\/span><span data-contrast=\"none\">de estar frente a la orquesta <\/span><span data-contrast=\"none\">nunca la olvid\u00e9\u201d, de ah\u00ed que haya recibido clases por parte del<\/span><span data-contrast=\"none\"> maestro Francisco <\/span><span data-contrast=\"none\">Sav\u00edn<\/span><span data-contrast=\"none\">, ex d<\/span><span data-contrast=\"none\">irector de la OSX.\u201d<\/span><span data-ccp-props=\"{&quot;201341983&quot;:0,&quot;335559731&quot;:708,&quot;335559739&quot;:160,&quot;335559740&quot;:240}\">\u00a0<\/span><\/p>\n<p><span data-contrast=\"none\">A eso se sumaron otras instrucciones<\/span><span data-contrast=\"none\"> particulares que tom\u00f3 en Espa\u00f1a<\/span><span data-contrast=\"none\">, <\/span><span data-contrast=\"none\">y la formalizaci\u00f3n de sus estudios acad\u00e9micos en direcci\u00f3n de orquesta en <\/span><span data-contrast=\"none\">EEUU<\/span><span data-contrast=\"none\">.<\/span><span data-ccp-props=\"{&quot;201341983&quot;:0,&quot;335559731&quot;:708,&quot;335559739&quot;:160,&quot;335559740&quot;:240}\">\u00a0<\/span><\/p>\n<p><span data-contrast=\"none\">Al referir<\/span><span data-contrast=\"none\">se al curso y festival de <\/span><span data-contrast=\"none\">Monteux<\/span><span data-contrast=\"none\">,<\/span><span data-contrast=\"none\"> que lo proyecta hacia otro nivel, dijo que espera <\/span><span data-contrast=\"none\">obtener<\/span><span data-contrast=\"none\"> m\u00e1s conocimientos sobre repertorio sinf\u00f3nico y relacionarse musicalmente con colegas de otras partes<\/span><span data-contrast=\"none\"> del mu<\/span><span data-contrast=\"none\">ndo como Asia, Europa y Latinoam\u00e9rica.<\/span><span data-ccp-props=\"{&quot;201341983&quot;:0,&quot;335559731&quot;:708,&quot;335559739&quot;:160,&quot;335559740&quot;:240}\">\u00a0<\/span><\/p>\n<p><span data-contrast=\"none\">Subray\u00f3 que la particularidad de este festival es que los participantes pasan m\u00e1s tiempo frente a la orquesta<\/span><span data-contrast=\"none\"> \u2013que en otros\u2013<\/span><span data-contrast=\"none\">, adem\u00e1s de que estudian en promedio unas 60 obras, entre oberturas, piezas sinf\u00f3nicas, sinfon\u00edas y conciertos para determinado instrumento.<\/span><span data-ccp-props=\"{&quot;201341983&quot;:0,&quot;335559731&quot;:708,&quot;335559739&quot;:160,&quot;335559740&quot;:240}\">\u00a0<\/span><\/p>\n<p><span data-contrast=\"none\">Tonatiuh Garc\u00eda a<\/span><span data-contrast=\"none\">gradeci\u00f3<\/span><span data-contrast=\"none\"> el respaldo tanto de la<\/span><span data-contrast=\"none\"> OSX<\/span> <span data-contrast=\"none\">como de la UV, en el sentido de brindarle un <\/span><span data-contrast=\"none\">permiso acad\u00e9mico<\/span><span data-contrast=\"none\"> para ausentarse de<\/span><span data-contrast=\"none\"> la parte final de la <\/span><span data-contrast=\"none\">primera temporada de conciertos de <\/span><span data-contrast=\"none\">2019, <\/span><span data-contrast=\"none\">y de apoyarlo con el traslado a\u00e9reo, respectivamente.<\/span><span data-ccp-props=\"{&quot;201341983&quot;:0,&quot;335559731&quot;:708,&quot;335559739&quot;:160,&quot;335559740&quot;:240}\">\u00a0<\/span><\/p>\n<p><span data-contrast=\"none\">El entrevistado se\u00f1al\u00f3 que a la fecha <\/span><span data-contrast=\"none\">ya ha recibido <\/span><span data-contrast=\"none\">algunas <\/span><span data-contrast=\"none\">invitaciones para dirigir orquesta, pero en esta etapa formativa<\/span><span data-contrast=\"none\"> prefiere <\/span><span data-contrast=\"none\">asistir a otros festivales internacionales.<\/span><span data-ccp-props=\"{&quot;201341983&quot;:0,&quot;335559731&quot;:708,&quot;335559739&quot;:160,&quot;335559740&quot;:240}\">\u00a0<\/span><\/p>\n<p><span data-contrast=\"none\">\u201c<\/span><span data-contrast=\"none\">E<\/span><span data-contrast=\"none\">s una profesi\u00f3n<\/span><span data-contrast=\"none\"> dif\u00edcil en un entorno donde hay muchos directores y muy pocas orquestas<\/span><span data-contrast=\"none\">.\u201d<\/span><span data-ccp-props=\"{&quot;201341983&quot;:0,&quot;335559731&quot;:708,&quot;335559739&quot;:160,&quot;335559740&quot;:240}\">\u00a0<\/span><\/p>\n<p><span data-contrast=\"none\">Cabe destacar que <\/span><span data-contrast=\"none\">Pierre <\/span><span data-contrast=\"none\">Monteux<\/span><span data-contrast=\"none\"> fue un m\u00fasico prominente que dirigi\u00f3 las principales orquestas de Europa (<\/span><span data-contrast=\"none\">donde fund\u00f3<\/span><span data-contrast=\"none\"> la Orquesta<\/span><span data-contrast=\"none\"> Sinf\u00f3nica<\/span><span data-contrast=\"none\"> de Par\u00eds) y <\/span><span data-contrast=\"none\">EEUU<\/span><span data-contrast=\"none\">,<\/span><span data-contrast=\"none\"> entre ellas la de <\/span><span data-contrast=\"none\">San Francisco, Boston y Nueva York.<\/span><span data-ccp-props=\"{&quot;201341983&quot;:0,&quot;335559739&quot;:160,&quot;335559740&quot;:240}\">\u00a0<\/span><\/p>\n","protected":false},"excerpt":{"rendered":"<p>El violista Tonatiuh Garc\u00eda Jim\u00e9nez acudir\u00e1 como director asistente al Festival y Curso de Direcci\u00f3n Orquestal \u201cPierre Monteux\u201d, del 16 de junio al 31 de julio en Hancock, Maine\u00a0<\/p>\n","protected":false},"author":1508,"featured_media":68186,"comment_status":"closed","ping_status":"closed","sticky":false,"template":"","format":"standard","meta":{"footnotes":""},"categories":[61],"tags":[],"class_list":["post-68281","post","type-post","status-publish","format-standard","has-post-thumbnail","hentry","category-banner"],"_links":{"self":[{"href":"https:\/\/www.uv.mx\/prensa\/wp-json\/wp\/v2\/posts\/68281","targetHints":{"allow":["GET"]}}],"collection":[{"href":"https:\/\/www.uv.mx\/prensa\/wp-json\/wp\/v2\/posts"}],"about":[{"href":"https:\/\/www.uv.mx\/prensa\/wp-json\/wp\/v2\/types\/post"}],"author":[{"embeddable":true,"href":"https:\/\/www.uv.mx\/prensa\/wp-json\/wp\/v2\/users\/1508"}],"replies":[{"embeddable":true,"href":"https:\/\/www.uv.mx\/prensa\/wp-json\/wp\/v2\/comments?post=68281"}],"version-history":[{"count":0,"href":"https:\/\/www.uv.mx\/prensa\/wp-json\/wp\/v2\/posts\/68281\/revisions"}],"wp:featuredmedia":[{"embeddable":true,"href":"https:\/\/www.uv.mx\/prensa\/wp-json\/wp\/v2\/media\/68186"}],"wp:attachment":[{"href":"https:\/\/www.uv.mx\/prensa\/wp-json\/wp\/v2\/media?parent=68281"}],"wp:term":[{"taxonomy":"category","embeddable":true,"href":"https:\/\/www.uv.mx\/prensa\/wp-json\/wp\/v2\/categories?post=68281"},{"taxonomy":"post_tag","embeddable":true,"href":"https:\/\/www.uv.mx\/prensa\/wp-json\/wp\/v2\/tags?post=68281"}],"curies":[{"name":"wp","href":"https:\/\/api.w.org\/{rel}","templated":true}]}}