{"id":68229,"date":"2019-05-22T07:38:30","date_gmt":"2019-05-22T12:38:30","guid":{"rendered":"https:\/\/www.uv.mx\/prensa\/?p=68229"},"modified":"2019-05-22T11:02:51","modified_gmt":"2019-05-22T16:02:51","slug":"tic-difunden-y-reivindican-a-las-lenguas-originarias","status":"publish","type":"post","link":"https:\/\/www.uv.mx\/prensa\/general\/tic-difunden-y-reivindican-a-las-lenguas-originarias\/","title":{"rendered":"TIC difunden y reivindican a las lenguas originarias"},"content":{"rendered":"<ul>\n<li data-leveltext=\"\uf0b7\" data-font=\"Symbol\" data-listid=\"1\" data-aria-posinset=\"1\" data-aria-level=\"1\"><i><span data-contrast=\"auto\">Acad\u00e9micos y promotores culturales <\/span><\/i><i><span data-contrast=\"auto\">reflexionaron sobre la conservaci\u00f3n y<\/span><\/i><i><span data-contrast=\"auto\"> difusi\u00f3n de la cultura y vida de los pueblos originarios<\/span><\/i><span data-ccp-props=\"{&quot;134233279&quot;:true}\">\u00a0<\/span><\/li>\n<\/ul>\n<p>&nbsp;<\/p>\n<div id=\"attachment_68185\" style=\"width: 732px\" class=\"wp-caption aligncenter\"><a href=\"https:\/\/www.uv.mx\/prensa\/files\/2019\/05\/200519-Conversatorio-Lenguas-indigenas.jpg\"><img loading=\"lazy\" decoding=\"async\" aria-describedby=\"caption-attachment-68185\" class=\"size-full wp-image-68185\" src=\"https:\/\/www.uv.mx\/prensa\/files\/2019\/05\/200519-Conversatorio-Lenguas-indigenas.jpg\" alt=\"\" width=\"722\" height=\"482\" srcset=\"https:\/\/www.uv.mx\/prensa\/files\/2019\/05\/200519-Conversatorio-Lenguas-indigenas.jpg 722w, https:\/\/www.uv.mx\/prensa\/files\/2019\/05\/200519-Conversatorio-Lenguas-indigenas-300x200.jpg 300w\" sizes=\"auto, (max-width: 722px) 100vw, 722px\" \/><\/a><p id=\"caption-attachment-68185\" class=\"wp-caption-text\">Acad\u00e9micos y promotores culturales reflexionaron sobre la difusi\u00f3n y conservaci\u00f3n de las lenguas originarias<\/p><\/div>\n<p>&nbsp;<\/p>\n<p><b><i><span data-contrast=\"auto\">Paola Cort\u00e9s P\u00e9rez<\/span><\/i><\/b><span data-ccp-props=\"{}\">\u00a0<\/span><\/p>\n<p><b><i><span data-contrast=\"auto\">2<\/span><\/i><\/b><b><i><span data-contrast=\"auto\">2<\/span><\/i><\/b><b><i><span data-contrast=\"auto\">\/05\/<\/span><\/i><\/b><b><i><span data-contrast=\"auto\">19, Xalapa, Ver.-<\/span><\/i><\/b> <span data-contrast=\"auto\">Los participantes en el Conversatorio Multiling\u00fce \u201cLas lenguas ind\u00edgenas de Veracruz en los medios de comunicaci\u00f3n\u201d<\/span><span data-contrast=\"auto\">, comentaron<\/span><span data-contrast=\"auto\"> que las tecnolog\u00edas de la informaci\u00f3n y comunicaci\u00f3n (TIC)<\/span> <span data-contrast=\"auto\">han reivindicado las culturas y lenguas originarias en todo el mundo.<\/span><span data-ccp-props=\"{}\">\u00a0<\/span><\/p>\n<p><span data-contrast=\"auto\">La charla tuvo lugar la tarde del <\/span><span data-contrast=\"auto\">viernes<\/span> <span data-contrast=\"auto\">17<\/span><span data-contrast=\"auto\"> de mayo en el A<\/span><span data-contrast=\"auto\">uditorio \u201c<\/span><span data-contrast=\"auto\">Jes\u00fas Morales Fern\u00e1ndez\u201d<\/span><span data-contrast=\"auto\"> de la Unidad de Humanidades<\/span><span data-contrast=\"auto\">, como parte del IV Foro Internacional de Lenguas Maternas en el Mundo, organizado por la <a href=\"https:\/\/www.uv.mx\/estudiantes\/administracion-escolar\/\">Universidad Veracruzana Intercultural<\/a> (UVI) y la <a href=\"https:\/\/www.uv.mx\/idiomas\/\">Facultad de Idiomas<\/a> de esta casa de estudios.<\/span><span data-ccp-props=\"{&quot;335559731&quot;:708}\">\u00a0<\/span><\/p>\n<p><span data-contrast=\"auto\">En el conversatorio participaron Rodolfo Hern\u00e1ndez Osorio, docente en la Facultad de Antropolog\u00eda y locutor en el programa <\/span><span data-contrast=\"auto\">radiof\u00f3nico <\/span><i><span data-contrast=\"auto\">El Cenzontle<\/span><\/i><span data-contrast=\"auto\">; Agust\u00edn <\/span><span data-contrast=\"auto\">Senovio<\/span><span data-contrast=\"auto\"> Aquino, quien labora en la Academia Veracruzana de las Lenguas Ind\u00edgenas<\/span><span data-contrast=\"auto\">; <\/span><span data-contrast=\"auto\">Zenaida Montiel Mart\u00ednez, promotora cultural, locutora y productora de<\/span><span data-contrast=\"auto\"> la emisi\u00f3n antes citada.<\/span><span data-ccp-props=\"{&quot;335559731&quot;:708}\">\u00a0<\/span><\/p>\n<p><span data-contrast=\"auto\">As\u00ed como Inocencio Flores Mina, quien labora en \u201cRadio Huayacocotla-La Voz Campesina\u201d de Fomento Cultural Educativo; Jos\u00e9 Santiago Francisco, estudiante del Doctorado en Investigaci\u00f3n Educativa por la UV; Raciel <\/span><span data-contrast=\"auto\">Dam\u00f3n<\/span><span data-contrast=\"auto\"> Mart\u00ednez<\/span> <span data-contrast=\"auto\">G\u00f3mez, miembro del Sistema Nacional de Investigadores (SNI) del Consejo Nacional de Ciencia y Tecnol<\/span><span data-contrast=\"auto\">og\u00ed<\/span><span data-contrast=\"auto\">a (<\/span><i><span data-contrast=\"auto\">Conacyt<\/span><\/i><span data-contrast=\"auto\">), moderados por el profesor Rafael Nava Vite, responsable de la Orientaci\u00f3n de Lenguas de la UVI sede Grandes Monta\u00f1as.<\/span><span data-ccp-props=\"{&quot;335559731&quot;:708}\">\u00a0<\/span><\/p>\n<p><span data-contrast=\"auto\">Rodolfo Hern\u00e1ndez dijo que al participar en <\/span><i><span data-contrast=\"auto\">El Cenzontle<\/span><\/i><span data-contrast=\"auto\"> se ha dado cuenta del poder de los medios de comunicaci\u00f3n tradicionales \u2013como la radio\u2013 en materia de difusi\u00f3n y promoci\u00f3n.<\/span><span data-ccp-props=\"{&quot;335559731&quot;:708}\">\u00a0<\/span><\/p>\n<p><span data-contrast=\"auto\">\u201cEl programa se ha ido empoderando mucho, ya que difunde la vida y cultura de nuestros pueblos originarios, tambi\u00e9n gracias a que la se\u00f1al de radio llega a ocho estados del pa\u00eds. En este programa <\/span><span data-contrast=\"auto\">hacemos entrevistas, organizamos charlas y pasamos m\u00fasica, en diferentes lenguas originarias de M\u00e9xico y otros pa\u00edses.\u201d<\/span><span data-ccp-props=\"{&quot;335559731&quot;:708}\">\u00a0<\/span><\/p>\n<p><span data-contrast=\"auto\">Inocencio Flores coment\u00f3 que este a\u00f1o Radio Huayacocotla cumple 50 a\u00f1os de vida y a lo largo de este tiempo ha aportado a la difusi\u00f3n de las lenguas maternas de esta regi\u00f3n veracruzana (tepehua, n\u00e1huatl, otom\u00ed, totonaco y huasteco), \u201cas\u00ed tratamos de evitar que mueran\u201d.<\/span><span data-ccp-props=\"{&quot;335559731&quot;:708}\">\u00a0<\/span><\/p>\n<p><span data-contrast=\"auto\">Agust\u00edn <\/span><span data-contrast=\"auto\">Senovio<\/span><span data-contrast=\"auto\"> expres\u00f3: \u201c<\/span><span data-contrast=\"auto\">Una de las cosas m\u00e1s valiosas que ha hecho la radio es acompa\u00f1ar a las personas cuando est\u00e1n en su casa o trabajando en el campo\u201d<\/span><span data-contrast=\"auto\">.<\/span><span data-ccp-props=\"{&quot;335559731&quot;:708}\">\u00a0<\/span><\/p>\n<p><span data-contrast=\"auto\">Por \u00faltimo, Raciel <\/span><span data-contrast=\"auto\">Mart\u00ednez<\/span><span data-contrast=\"auto\"> destac\u00f3 que en a\u00f1os anteriores no hab\u00eda un posicionamiento sobre las lenguas originarias en los medios masivos de comunicaci\u00f3n \u2013era impensable\u2013; ahora con la globalizaci\u00f3n, las TIC han reivindicado la diversidad cultural y ling\u00fc\u00edstica en todo el orbe.<\/span><span data-ccp-props=\"{&quot;335559731&quot;:708}\">\u00a0<\/span><\/p>\n<p><span data-contrast=\"auto\">Reiter\u00f3 que las TIC han obligado a que los otros medios tradicionales tengan que abrir espacios a la diversidad cultural y ling\u00fc\u00edstica.<\/span><span data-ccp-props=\"{&quot;335559731&quot;:708}\">\u00a0<\/span><\/p>\n<p><span data-contrast=\"auto\">\u201c<\/span><span data-contrast=\"auto\">C<\/span><span data-contrast=\"auto\">reo que antes hab\u00eda una \u00e9poca de oscuridad, no eran visibles estas culturas; ahora hablamos mucho sobre ella<\/span><span data-contrast=\"auto\">s<\/span><span data-contrast=\"auto\">, se han hecho visibles<\/span><span data-contrast=\"auto\">, esto era impensable en<\/span><span data-contrast=\"auto\"> la antropolog\u00eda de los setenta y los ochenta<\/span><span data-contrast=\"auto\">.<\/span><span data-contrast=\"auto\">\u201d<\/span><span data-ccp-props=\"{&quot;335559731&quot;:708}\">\u00a0<\/span><\/p>\n","protected":false},"excerpt":{"rendered":"<p>Acad\u00e9micos y promotores culturales reflexionaron sobre la conservaci\u00f3n y difusi\u00f3n de la cultura y vida de los pueblos originarios<\/p>\n","protected":false},"author":1508,"featured_media":68185,"comment_status":"closed","ping_status":"closed","sticky":false,"template":"","format":"standard","meta":{"footnotes":""},"categories":[1],"tags":[],"class_list":["post-68229","post","type-post","status-publish","format-standard","has-post-thumbnail","hentry","category-general"],"_links":{"self":[{"href":"https:\/\/www.uv.mx\/prensa\/wp-json\/wp\/v2\/posts\/68229","targetHints":{"allow":["GET"]}}],"collection":[{"href":"https:\/\/www.uv.mx\/prensa\/wp-json\/wp\/v2\/posts"}],"about":[{"href":"https:\/\/www.uv.mx\/prensa\/wp-json\/wp\/v2\/types\/post"}],"author":[{"embeddable":true,"href":"https:\/\/www.uv.mx\/prensa\/wp-json\/wp\/v2\/users\/1508"}],"replies":[{"embeddable":true,"href":"https:\/\/www.uv.mx\/prensa\/wp-json\/wp\/v2\/comments?post=68229"}],"version-history":[{"count":0,"href":"https:\/\/www.uv.mx\/prensa\/wp-json\/wp\/v2\/posts\/68229\/revisions"}],"wp:featuredmedia":[{"embeddable":true,"href":"https:\/\/www.uv.mx\/prensa\/wp-json\/wp\/v2\/media\/68185"}],"wp:attachment":[{"href":"https:\/\/www.uv.mx\/prensa\/wp-json\/wp\/v2\/media?parent=68229"}],"wp:term":[{"taxonomy":"category","embeddable":true,"href":"https:\/\/www.uv.mx\/prensa\/wp-json\/wp\/v2\/categories?post=68229"},{"taxonomy":"post_tag","embeddable":true,"href":"https:\/\/www.uv.mx\/prensa\/wp-json\/wp\/v2\/tags?post=68229"}],"curies":[{"name":"wp","href":"https:\/\/api.w.org\/{rel}","templated":true}]}}