{"id":68189,"date":"2019-05-21T19:21:30","date_gmt":"2019-05-22T00:21:30","guid":{"rendered":"https:\/\/www.uv.mx\/prensa\/?p=68189"},"modified":"2019-05-22T11:46:46","modified_gmt":"2019-05-22T16:46:46","slug":"contaduria-uv-albergo-la-xiii-feria-regional-emprendedora","status":"publish","type":"post","link":"https:\/\/www.uv.mx\/prensa\/regiones\/poza-rica\/contaduria-uv-albergo-la-xiii-feria-regional-emprendedora\/","title":{"rendered":"Contadur\u00eda UV alberg\u00f3 la XIII Feria Regional Emprendedora"},"content":{"rendered":"<ul>\n<li data-leveltext=\"\uf0b7\" data-font=\"Symbol\" data-listid=\"1\" data-aria-posinset=\"1\" data-aria-level=\"1\"><i><span data-contrast=\"auto\">Participaron 18 grupos de siete estados del pa\u00eds<\/span><\/i><span data-ccp-props=\"{&quot;134233279&quot;:true,&quot;201341983&quot;:0,&quot;335559739&quot;:160,&quot;335559740&quot;:240}\">\u00a0<\/span><\/li>\n<li data-leveltext=\"\uf0b7\" data-font=\"Symbol\" data-listid=\"1\" data-aria-posinset=\"2\" data-aria-level=\"1\"><i><span data-contrast=\"auto\">La Universidad Veracruzana<\/span><\/i><i><span data-contrast=\"auto\"> obt<\/span><\/i><i><span data-contrast=\"auto\">uvo <\/span><\/i><i><span data-contrast=\"auto\">el primer lugar en <\/span><\/i><i><span data-contrast=\"auto\">la categor\u00eda T<\/span><\/i><i><span data-contrast=\"auto\">radicional<\/span><\/i><span data-ccp-props=\"{&quot;134233279&quot;:true,&quot;201341983&quot;:0,&quot;335559739&quot;:160,&quot;335559740&quot;:240}\">\u00a0<\/span><\/li>\n<\/ul>\n<p>&nbsp;<\/p>\n<div id=\"attachment_68191\" style=\"width: 732px\" class=\"wp-caption aligncenter\"><a href=\"https:\/\/www.uv.mx\/prensa\/files\/2019\/05\/210519-feria-emprendedor-1.jpg\"><img loading=\"lazy\" decoding=\"async\" aria-describedby=\"caption-attachment-68191\" class=\"size-full wp-image-68191\" src=\"https:\/\/www.uv.mx\/prensa\/files\/2019\/05\/210519-feria-emprendedor-1.jpg\" alt=\"\" width=\"722\" height=\"412\" srcset=\"https:\/\/www.uv.mx\/prensa\/files\/2019\/05\/210519-feria-emprendedor-1.jpg 722w, https:\/\/www.uv.mx\/prensa\/files\/2019\/05\/210519-feria-emprendedor-1-300x171.jpg 300w\" sizes=\"auto, (max-width: 722px) 100vw, 722px\" \/><\/a><p id=\"caption-attachment-68191\" class=\"wp-caption-text\">Inauguraci\u00f3n de la XIII Feria Regional Emprendedora en Tuxpan<\/p><\/div>\n<p>&nbsp;<\/p>\n<p><b><i><span data-contrast=\"auto\">Alma Celia San Mart\u00edn Cruz<\/span><\/i><\/b><span data-ccp-props=\"{&quot;201341983&quot;:0,&quot;335559739&quot;:160,&quot;335559740&quot;:240}\">\u00a0<\/span><\/p>\n<p><b><i><span data-contrast=\"auto\">21\/05\/<\/span><\/i><\/b><b><i><span data-contrast=\"auto\">19<\/span><\/i><\/b><b><i><span data-contrast=\"auto\">, <\/span><\/i><\/b><b><i><span data-contrast=\"auto\">Tuxpan, <\/span><\/i><\/b><b><i><span data-contrast=\"auto\">Ver.-<\/span><\/i><\/b> <span data-contrast=\"none\">L<\/span><span data-contrast=\"none\">a Asociaci\u00f3n Nacional de Facultades y Escuelas <\/span><span data-contrast=\"none\">de <\/span><span data-contrast=\"none\">Contadur<\/span><span data-contrast=\"none\">\u00edas y Administraci\u00f3n (ANFECA), <\/span><span data-contrast=\"none\">en coordinaci\u00f3n con <\/span><span data-contrast=\"none\">la <\/span><span data-contrast=\"none\"><a href=\"https:\/\/www.uv.mx\/pozarica\/contaduria\/\">Facultad de Contadur\u00eda de la Universidad Veracruzana<\/a> (UV) <\/span><i><span data-contrast=\"none\">campus<\/span><\/i> <span data-contrast=\"none\">Tuxpan <\/span><span data-contrast=\"none\">y la Coordinaci\u00f3n Nacional de Emprendimiento Social<\/span><span data-contrast=\"none\">, llevaron a cabo la <\/span><span data-contrast=\"none\">XIII Feria Regional Emprendedora<\/span><span data-contrast=\"none\">.<\/span><span data-ccp-props=\"{&quot;201341983&quot;:0,&quot;335559739&quot;:160,&quot;335559740&quot;:240}\">\u00a0<\/span><\/p>\n<p><span data-contrast=\"auto\">Pa<\/span><span data-contrast=\"auto\">rticiparon<\/span><span data-contrast=\"auto\"> 18 equipos de<\/span><span data-contrast=\"auto\"> universidades <\/span><span data-contrast=\"auto\">de siete estados q<\/span><span data-contrast=\"auto\">ue pertenecen a la <\/span><span data-contrast=\"none\">Zona <\/span><span data-contrast=\"auto\">6 Sur.<\/span><span data-contrast=\"auto\"> Por segunda ocasi\u00f3n<\/span><span data-contrast=\"auto\">,<\/span><span data-contrast=\"auto\"> la Facultad de Contadur\u00eda fue sede de este i<\/span><span data-contrast=\"auto\">mportante evento, en el cual los equipos presentaron y explicaron a detalle <\/span><span data-contrast=\"auto\">sus proyectos en las categor\u00edas: Tradicional, Tecnolog\u00eda Intermedia y Base Tecnol\u00f3gica.<\/span><span data-ccp-props=\"{&quot;201341983&quot;:0,&quot;335559731&quot;:708,&quot;335559739&quot;:160,&quot;335559740&quot;:240}\">\u00a0<\/span><\/p>\n<p><span data-contrast=\"auto\">El objetivo de este evento es motivar y reconocer el esp\u00edritu empresarial de los estudiantes<\/span><span data-contrast=\"auto\">,<\/span><span data-contrast=\"auto\"> a trav\u00e9s de ideas innovadoras y la creatividad aplicada en la creaci\u00f3n de nuevas empresas.<\/span><span data-ccp-props=\"{&quot;201341983&quot;:0,&quot;335559731&quot;:708,&quot;335559739&quot;:160,&quot;335559740&quot;:240}\">\u00a0<\/span><\/p>\n<p><span data-contrast=\"auto\">Jos\u00e9 Luis Alan\u00eds M\u00e9ndez<\/span><span data-contrast=\"auto\">,<\/span> <span data-contrast=\"auto\">vicerrector de la <\/span><span data-contrast=\"auto\">regi\u00f3n Poza Rica-Tuxpan <\/span><span data-contrast=\"auto\">de la UV, <\/span><span data-contrast=\"auto\">agradeci\u00f3 a los m\u00e1s de 600 asistentes que se diero<\/span><span data-contrast=\"auto\">n cita <\/span><span data-contrast=\"auto\">en este<\/span><span data-contrast=\"auto\"> importante <\/span><span data-contrast=\"auto\">evento que <\/span><span data-contrast=\"auto\">congreg<\/span><span data-contrast=\"auto\">\u00f3 <\/span><span data-contrast=\"auto\">talentos e ideas innovadoras.<\/span><span data-ccp-props=\"{&quot;201341983&quot;:0,&quot;335559731&quot;:708,&quot;335559739&quot;:160,&quot;335559740&quot;:240}\">\u00a0<\/span><\/p>\n<p><span data-contrast=\"auto\">Dio la bie<\/span><span data-contrast=\"auto\">nvenida a todos los estudiantes<\/span><span data-contrast=\"auto\"> y acad\u00e9micos <\/span><span data-contrast=\"auto\">de la<\/span><span data-contrast=\"auto\">s<\/span> <span data-contrast=\"auto\">universidades aut\u00f3nomas de Yucat\u00e1n, de<\/span><span data-contrast=\"auto\"> Campeche, <\/span><span data-contrast=\"auto\">del Carmen<\/span><span data-contrast=\"auto\">, Universidad <\/span><span data-contrast=\"auto\">Istmo<\/span><span data-contrast=\"auto\"> Americana, adem\u00e1s de los <\/span><i><span data-contrast=\"auto\">campus<\/span><\/i><span data-contrast=\"auto\"> Xalapa, Coatzacoalcos y Tuxpan <\/span><span data-contrast=\"auto\">de la U<\/span><span data-contrast=\"auto\">V<\/span><span data-contrast=\"auto\">.<\/span><span data-ccp-props=\"{&quot;201341983&quot;:0,&quot;335559731&quot;:708,&quot;335559739&quot;:160,&quot;335559740&quot;:240}\">\u00a0<\/span><\/p>\n<p><span data-contrast=\"auto\">S<\/span><span data-contrast=\"auto\">olicit\u00f3 a l<\/span><span data-contrast=\"auto\">os representantes de <\/span><span data-contrast=\"auto\">la <\/span><span data-contrast=\"auto\">ANFECA <\/span><span data-contrast=\"auto\">que se<\/span><span data-contrast=\"auto\">a la regi\u00f3n Poza Rica-Tuxpan <\/span><span data-contrast=\"auto\">sede nacional de la Feria de Em<\/span><span data-contrast=\"auto\">prendedor para el siguiente a\u00f1o, con el apoyo del gobierno municipal.<\/span><span data-ccp-props=\"{&quot;201341983&quot;:0,&quot;335559731&quot;:708,&quot;335559739&quot;:160,&quot;335559740&quot;:240}\">\u00a0<\/span><\/p>\n<p><span data-contrast=\"none\">Por su parte<\/span><span data-contrast=\"none\">,<\/span><span data-contrast=\"none\"> e<\/span><span data-contrast=\"none\">l <\/span><span data-contrast=\"none\">s<\/span><span data-contrast=\"none\">ecretario <\/span><span data-contrast=\"none\">g<\/span><span data-contrast=\"none\">eneral de la ANFECA<\/span><span data-contrast=\"none\">,<\/span> <span data-contrast=\"none\">Jos\u00e9 Lino Rodr\u00edguez S\u00e1nchez, en el acto inaugural dijo que actualmente se implementan programas de sustentabilidad, siendo la U<\/span><span data-contrast=\"none\">V <\/span><span data-contrast=\"none\">uno de los principales promotores de <\/span><span data-contrast=\"none\">los mismos que <\/span><span data-contrast=\"none\">benefician a las instituciones y universidades<\/span><span data-contrast=\"none\">, y a la sociedad en general<\/span><span data-contrast=\"none\">.<\/span><span data-ccp-props=\"{&quot;201341983&quot;:0,&quot;335559731&quot;:708,&quot;335559739&quot;:160,&quot;335559740&quot;:240}\">\u00a0<\/span><\/p>\n<p><span data-contrast=\"none\">De igual manera<\/span><span data-contrast=\"none\">,<\/span><span data-contrast=\"none\"> expres\u00f3 <\/span><span data-contrast=\"none\">su benepl\u00e1cito por ser la Facultad de Contadur\u00eda una vez m\u00e1s sede de este importante evento, en el cual convergen estudiantes <\/span><span data-contrast=\"none\">con<\/span><span data-contrast=\"none\"> conciencia de que en sus manos se encuentr<\/span><span data-contrast=\"none\">a el futuro de M\u00e9xico<\/span><span data-contrast=\"none\">;<\/span><span data-contrast=\"none\"> asimismo<\/span><span data-contrast=\"none\">,<\/span><span data-contrast=\"none\"> dio a co<\/span><span data-contrast=\"none\">nocer que en unos <\/span><span data-contrast=\"none\">meses <\/span><span data-contrast=\"none\">en el estado de Yucat\u00e1n<\/span><span data-contrast=\"none\"> la ANFECA <\/span><span data-contrast=\"none\">firmar\u00e1<\/span> <span data-contrast=\"none\">un convenio de impacto mundial<\/span><span data-contrast=\"none\"> con la ONU<\/span><span data-contrast=\"none\">.<\/span><span data-ccp-props=\"{&quot;201341983&quot;:0,&quot;335559731&quot;:708,&quot;335559739&quot;:160,&quot;335559740&quot;:240}\">\u00a0<\/span><\/p>\n<p><span data-contrast=\"auto\">E<\/span><span data-contrast=\"auto\">l <\/span><span data-contrast=\"auto\">d<\/span><span data-contrast=\"auto\">irector <\/span><span data-contrast=\"auto\">g<\/span><span data-contrast=\"auto\">eneral del<\/span><span data-contrast=\"auto\"> \u00c1rea <\/span><span data-contrast=\"auto\">Acad\u00e9mica Econ\u00f3mico-<\/span><span data-contrast=\"auto\">Administrativa<\/span><span data-contrast=\"auto\">,<\/span> <span data-contrast=\"none\">Arturo Bocardo Valle, <\/span><span data-contrast=\"none\">llam\u00f3 <\/span><span data-contrast=\"none\">a las autoridades presentes a apoyar a los nuevos talentos en sus proyectos.<\/span><span data-ccp-props=\"{&quot;201341983&quot;:0,&quot;335559731&quot;:708,&quot;335559739&quot;:160,&quot;335559740&quot;:240}\">\u00a0<\/span><\/p>\n<p><span data-contrast=\"none\">Al p<\/span><span data-contrast=\"none\">residente <\/span><span data-contrast=\"none\">m<\/span><span data-contrast=\"none\">unicipal de Tuxpan<\/span><span data-contrast=\"none\">,<\/span><span data-contrast=\"none\"> Jos\u00e9<\/span><span data-contrast=\"none\"> Antonio Mancha<\/span><span data-contrast=\"none\">,<\/span><span data-contrast=\"none\"> le correspondi\u00f3 <\/span><span data-contrast=\"none\">realizar la inaugur<\/span><span data-contrast=\"none\">aci\u00f3n de este importante evento, al cual asistieron, e<\/span><span data-contrast=\"none\">ntre otros invitados<\/span><span data-contrast=\"none\">:<\/span> <span data-contrast=\"none\">Aurora Galicia Badillo<\/span><span data-contrast=\"none\">,<\/span> <span data-contrast=\"none\">secretaria Acad\u00e9mica <\/span><span data-contrast=\"none\">r<\/span><span data-contrast=\"none\">egional<\/span><span data-contrast=\"none\">;<\/span> <span data-contrast=\"none\">Jer\u00f3nimo Ricardo Jim\u00e9nez<\/span><span data-contrast=\"none\">,<\/span> <span data-contrast=\"none\">c<\/span><span data-contrast=\"none\">oordinador <\/span><span data-contrast=\"none\">r<\/span><span data-contrast=\"none\">egional <\/span><span data-contrast=\"none\">de la Zona 6 Sur ANFECA;<\/span> <span data-contrast=\"none\">Edalid<\/span><span data-contrast=\"none\"> \u00c1lvarez Vel\u00e1zquez, <\/span><span data-contrast=\"none\">d<\/span><span data-contrast=\"none\">irectora de la <\/span><span data-contrast=\"none\">Facultad de Contadur\u00eda Tuxpan<\/span><span data-contrast=\"none\">;<\/span> <span data-contrast=\"none\">Arturo Sol\u00eds Serrano, <\/span><span data-contrast=\"none\">d<\/span><span data-contrast=\"none\">irector de la Facultad <\/span><span data-contrast=\"none\">de <\/span><span data-contrast=\"none\">Ciencias Biol\u00f3gicas <\/span><span data-contrast=\"none\">y <\/span><span data-contrast=\"none\">Agropecuarias<\/span><span data-contrast=\"none\">;<\/span><span data-contrast=\"none\"> Nancy Ver\u00f3nica S\u00e1nchez <\/span><span data-contrast=\"none\">Sul\u00fa<\/span><span data-contrast=\"none\">,<\/span><span data-contrast=\"none\"> representante de la Coordinaci\u00f3n Univers<\/span><span data-contrast=\"none\">idad-Empresa de la <\/span><span data-contrast=\"none\">Zona<\/span><span data-contrast=\"none\"> 6 Sur<\/span><span data-contrast=\"none\">,<\/span><span data-contrast=\"none\"> y Roberto Mateos Crespo<\/span><span data-contrast=\"none\">,<\/span><span data-contrast=\"none\"> secretario <\/span><span data-contrast=\"none\">g<\/span><span data-contrast=\"none\">eneral <\/span><span data-contrast=\"none\">r<\/span><span data-contrast=\"none\">egional del <\/span><i><span data-contrast=\"none\">Fesapauv<\/span><\/i><span data-contrast=\"none\">.<\/span><span data-ccp-props=\"{&quot;201341983&quot;:0,&quot;335559731&quot;:708,&quot;335559739&quot;:160,&quot;335559740&quot;:240}\">\u00a0<\/span><\/p>\n<p><span data-ccp-props=\"{&quot;201341983&quot;:0,&quot;335559739&quot;:160,&quot;335559740&quot;:240}\">\u00a0<\/span><\/p>\n<div id=\"attachment_68192\" style=\"width: 732px\" class=\"wp-caption aligncenter\"><a href=\"https:\/\/www.uv.mx\/prensa\/files\/2019\/05\/210519-feria-emprendedor2.jpg\"><img loading=\"lazy\" decoding=\"async\" aria-describedby=\"caption-attachment-68192\" class=\"size-full wp-image-68192\" src=\"https:\/\/www.uv.mx\/prensa\/files\/2019\/05\/210519-feria-emprendedor2.jpg\" alt=\"\" width=\"722\" height=\"485\" srcset=\"https:\/\/www.uv.mx\/prensa\/files\/2019\/05\/210519-feria-emprendedor2.jpg 722w, https:\/\/www.uv.mx\/prensa\/files\/2019\/05\/210519-feria-emprendedor2-300x202.jpg 300w\" sizes=\"auto, (max-width: 722px) 100vw, 722px\" \/><\/a><p id=\"caption-attachment-68192\" class=\"wp-caption-text\">Estudiantes y acad\u00e9micos de la Facultad de Contadur\u00eda<\/p><\/div>\n<p>&nbsp;<\/p>\n<p><b><span data-contrast=\"none\">Contadur\u00eda Tuxpan obt<\/span><\/b><b><span data-contrast=\"none\">uvo <\/span><\/b><b><span data-contrast=\"none\">primer y tercer lugar<\/span><\/b><span data-ccp-props=\"{&quot;201341983&quot;:0,&quot;335559739&quot;:160,&quot;335559740&quot;:240}\">\u00a0<\/span><\/p>\n<p><span data-contrast=\"none\">La directora de la Facultad de Contadur\u00eda<\/span><span data-contrast=\"none\">,<\/span> <span data-contrast=\"none\">Edalid<\/span><span data-contrast=\"none\"> \u00c1lvarez<\/span><span data-contrast=\"none\">,<\/span> <span data-contrast=\"none\">inform\u00f3 <\/span><span data-contrast=\"none\">que <\/span><span data-contrast=\"none\">obtuvieron el primer lugar en la categor\u00eda <\/span><span data-contrast=\"none\">T<\/span><span data-contrast=\"none\">radicional con un<\/span><span data-contrast=\"none\"> proyecto a base de naranja deshidratada<\/span><span data-contrast=\"none\">,<\/span><span data-contrast=\"none\"> a fin de apro<\/span><span data-contrast=\"none\">vechar la fruta en su totalidad.<\/span> <span data-contrast=\"none\">E<\/span><span data-contrast=\"none\">ste proyecto fue avalado por estudios qu\u00edmicos<\/span><span data-contrast=\"none\"> y<\/span><span data-contrast=\"none\"> representar\u00e1 a la U<\/span><span data-contrast=\"none\">V <\/span><span data-contrast=\"none\">en la Feria Nacional Emprendedora a realizarse en unos meses <\/span><span data-contrast=\"none\">en <\/span><span data-contrast=\"none\">Aguascalientes.<\/span><span data-ccp-props=\"{&quot;201341983&quot;:0,&quot;335559739&quot;:160,&quot;335559740&quot;:240}\">\u00a0<\/span><\/p>\n<p><span data-contrast=\"none\">El tercer lugar fue para el equipo que present<\/span><span data-contrast=\"none\">\u00f3 el proyecto de elaboraci\u00f3n <\/span><span data-contrast=\"none\">de <\/span><span data-contrast=\"none\">tortillas horneadas a base de ma\u00edz morado.<\/span><span data-ccp-props=\"{&quot;201341983&quot;:0,&quot;335559731&quot;:708,&quot;335559739&quot;:160,&quot;335559740&quot;:240}\">\u00a0<\/span><\/p>\n<p>&nbsp;<\/p>\n<div id=\"attachment_68193\" style=\"width: 732px\" class=\"wp-caption aligncenter\"><a href=\"https:\/\/www.uv.mx\/prensa\/files\/2019\/05\/210519-feria-emprendedor-3.jpg\"><img loading=\"lazy\" decoding=\"async\" aria-describedby=\"caption-attachment-68193\" class=\"size-full wp-image-68193\" src=\"https:\/\/www.uv.mx\/prensa\/files\/2019\/05\/210519-feria-emprendedor-3.jpg\" alt=\"\" width=\"722\" height=\"582\" srcset=\"https:\/\/www.uv.mx\/prensa\/files\/2019\/05\/210519-feria-emprendedor-3.jpg 722w, https:\/\/www.uv.mx\/prensa\/files\/2019\/05\/210519-feria-emprendedor-3-300x242.jpg 300w, https:\/\/www.uv.mx\/prensa\/files\/2019\/05\/210519-feria-emprendedor-3-100x80.jpg 100w\" sizes=\"auto, (max-width: 722px) 100vw, 722px\" \/><\/a><p id=\"caption-attachment-68193\" class=\"wp-caption-text\">Equipo ganador de la Facultad de Contadur\u00eda Tuxpan<\/p><\/div>\n","protected":false},"excerpt":{"rendered":"<p>La Facultad de Contadur\u00eda de Tuxpan obtuvo el primer lugar en la categor\u00eda Tradicional, con un proyecto a base de naranja deshidratada<\/p>\n","protected":false},"author":1508,"featured_media":68190,"comment_status":"closed","ping_status":"closed","sticky":false,"template":"","format":"standard","meta":{"footnotes":""},"categories":[54,61],"tags":[],"class_list":["post-68189","post","type-post","status-publish","format-standard","has-post-thumbnail","hentry","category-poza-rica","category-banner"],"_links":{"self":[{"href":"https:\/\/www.uv.mx\/prensa\/wp-json\/wp\/v2\/posts\/68189","targetHints":{"allow":["GET"]}}],"collection":[{"href":"https:\/\/www.uv.mx\/prensa\/wp-json\/wp\/v2\/posts"}],"about":[{"href":"https:\/\/www.uv.mx\/prensa\/wp-json\/wp\/v2\/types\/post"}],"author":[{"embeddable":true,"href":"https:\/\/www.uv.mx\/prensa\/wp-json\/wp\/v2\/users\/1508"}],"replies":[{"embeddable":true,"href":"https:\/\/www.uv.mx\/prensa\/wp-json\/wp\/v2\/comments?post=68189"}],"version-history":[{"count":0,"href":"https:\/\/www.uv.mx\/prensa\/wp-json\/wp\/v2\/posts\/68189\/revisions"}],"wp:featuredmedia":[{"embeddable":true,"href":"https:\/\/www.uv.mx\/prensa\/wp-json\/wp\/v2\/media\/68190"}],"wp:attachment":[{"href":"https:\/\/www.uv.mx\/prensa\/wp-json\/wp\/v2\/media?parent=68189"}],"wp:term":[{"taxonomy":"category","embeddable":true,"href":"https:\/\/www.uv.mx\/prensa\/wp-json\/wp\/v2\/categories?post=68189"},{"taxonomy":"post_tag","embeddable":true,"href":"https:\/\/www.uv.mx\/prensa\/wp-json\/wp\/v2\/tags?post=68189"}],"curies":[{"name":"wp","href":"https:\/\/api.w.org\/{rel}","templated":true}]}}