{"id":68137,"date":"2019-05-21T08:00:01","date_gmt":"2019-05-21T13:00:01","guid":{"rendered":"https:\/\/www.uv.mx\/prensa\/?p=68137"},"modified":"2019-05-21T11:36:06","modified_gmt":"2019-05-21T16:36:06","slug":"foro-de-difusion-cultural-fortalecera-interaccion-con-grupos-artisticos","status":"publish","type":"post","link":"https:\/\/www.uv.mx\/prensa\/cultura\/foro-de-difusion-cultural-fortalecera-interaccion-con-grupos-artisticos\/","title":{"rendered":"Foro de Difusi\u00f3n Cultural fortalecer\u00e1 interacci\u00f3n con grupos art\u00edsticos"},"content":{"rendered":"<ul>\n<li data-leveltext=\"\uf0b7\" data-font=\"Symbol\" data-listid=\"5\" data-aria-posinset=\"1\" data-aria-level=\"1\"><i><span data-contrast=\"auto\">Este espacio ofrecer\u00e1 a los estudiantes universitarios y a la sociedad en general<\/span><\/i> <i><span data-contrast=\"auto\">un<\/span><\/i><i><span data-contrast=\"auto\"> v\u00ednculo m\u00e1s <\/span><\/i><i><span data-contrast=\"auto\">cercan<\/span><\/i><i><span data-contrast=\"auto\">o<\/span><\/i><i><span data-contrast=\"auto\"> con los grupos art\u00edsticos de la Universidad<\/span><\/i><span data-ccp-props=\"{}\">\u00a0<\/span><\/li>\n<li data-leveltext=\"\uf0b7\" data-font=\"Symbol\" data-listid=\"5\" data-aria-posinset=\"2\" data-aria-level=\"1\"><i><span data-contrast=\"auto\">Estar\u00e1 abierto para todos los creadores universitarios, destac\u00f3 Rafael Alcal\u00e1, titular de la DGDC<\/span><\/i><span data-ccp-props=\"{}\">\u00a0<\/span><\/li>\n<\/ul>\n<p>&nbsp;<\/p>\n<div id=\"attachment_68096\" style=\"width: 732px\" class=\"wp-caption aligncenter\"><a href=\"https:\/\/www.uv.mx\/prensa\/files\/2019\/05\/170519-Foro-Difusion-Cultural-1.jpg\"><img loading=\"lazy\" decoding=\"async\" aria-describedby=\"caption-attachment-68096\" class=\"size-full wp-image-68096\" src=\"https:\/\/www.uv.mx\/prensa\/files\/2019\/05\/170519-Foro-Difusion-Cultural-1.jpg\" alt=\"\" width=\"722\" height=\"478\" srcset=\"https:\/\/www.uv.mx\/prensa\/files\/2019\/05\/170519-Foro-Difusion-Cultural-1.jpg 722w, https:\/\/www.uv.mx\/prensa\/files\/2019\/05\/170519-Foro-Difusion-Cultural-1-300x199.jpg 300w\" sizes=\"auto, (max-width: 722px) 100vw, 722px\" \/><\/a><p id=\"caption-attachment-68096\" class=\"wp-caption-text\">Autoridades universitarias en el evento inaugural<\/p><\/div>\n<p>&nbsp;<\/p>\n<p><b><i><span data-contrast=\"auto\">Carlos Hugo Hermida Rosales<\/span><\/i><\/b><span data-ccp-props=\"{}\">\u00a0<\/span><\/p>\n<p><b><i><span data-contrast=\"auto\">21\/05\/19, Xalapa, Ver.- <\/span><\/i><\/b><span data-contrast=\"auto\">La Universidad Veracruzana (UV) inaugur\u00f3 el 17 de mayo el Foro de la <a href=\"https:\/\/www.uv.mx\/difusioncultural\/\">Direcci\u00f3n General de Difusi\u00f3n Cultural<\/a><\/span><span data-contrast=\"auto\"> (DGDC)<\/span><span data-contrast=\"auto\">, con un programa musical <\/span><span data-contrast=\"auto\">en el que intervinieron<\/span><span data-contrast=\"auto\"> grupos art\u00edsticos como <\/span><span data-contrast=\"auto\">Tlen<\/span> <span data-contrast=\"auto\">Huicani<\/span><span data-contrast=\"auto\"> Maderas, el Ensamble Cl\u00e1sico de Guitarras, Orbis <\/span><span data-contrast=\"auto\">Tertius<\/span><span data-contrast=\"auto\"> y el Ballet Folkl\u00f3rico UV.<\/span><span data-ccp-props=\"{}\">\u00a0<\/span><\/p>\n<p><span data-contrast=\"auto\">El evento fue encabezado por Octavio Ochoa Contreras, secretario de Desarrollo Institucional, Mar\u00eda Magdalena Hern\u00e1ndez Alarc\u00f3n, secretaria Acad\u00e9mica; Juan Rafael Alcal\u00e1 Hinojosa, director general de Difusi\u00f3n Cultural; Edgar Garc\u00eda Valencia, director de la Editorial UV, y Gustavo Olivares Morales, director de la Galer\u00eda Universitaria \u201cRam\u00f3n Alva de la Canal\u201d.<\/span><span data-ccp-props=\"{&quot;335559731&quot;:708}\">\u00a0<\/span><\/p>\n<p><span data-contrast=\"auto\">Octavio Ochoa destac\u00f3 que el Foro de Difusi\u00f3n Cultural se cre\u00f3 en un espacio universitario que ya exist\u00eda y que se optimiz\u00f3 para albergarlo.<\/span><span data-ccp-props=\"{&quot;335559731&quot;:708}\">\u00a0<\/span><\/p>\n<p><span data-contrast=\"auto\">\u201cEste foro ofrecer\u00e1 <\/span><span data-contrast=\"auto\">a los estudiantes universitarios<\/span><span data-contrast=\"auto\"> y <\/span><span data-contrast=\"auto\">a la sociedad <\/span><span data-contrast=\"auto\">en <\/span><span data-contrast=\"auto\">general<\/span><span data-contrast=\"auto\">,<\/span><span data-contrast=\"auto\"> la oportunidad de interactuar de una manera cercana con<\/span><span data-contrast=\"auto\"> los grupos art\u00edsticos de la UV\u201d, coment\u00f3.<\/span><span data-ccp-props=\"{&quot;335559731&quot;:708}\">\u00a0<\/span><\/p>\n<p><span data-contrast=\"auto\">Rafael Alcal\u00e1<\/span> <span data-contrast=\"auto\">mencion\u00f3 que el Foro de Difusi\u00f3n Cultural<\/span> <span data-contrast=\"auto\">responde a la necesidad palpabl<\/span><span data-contrast=\"auto\">e de contar con nuevos espacios<\/span> <span data-contrast=\"auto\">que permitan mostrar el trabajo creativo de distintos artistas que laboran bajo las disciplinas de m\u00fasica, teatro, danza, artes visuales y la ejecuci\u00f3n de talleres de car\u00e1cter educativo.<\/span><span data-ccp-props=\"{&quot;335559731&quot;:708}\">\u00a0<\/span><\/p>\n<p><span data-contrast=\"auto\">Explic\u00f3 que los objetivos primordiales de este foro son promover el inter\u00e9s art\u00edstico y crear un valor de eso, as\u00ed como propiciar un consumo cultural a trav\u00e9s de actividades que fomentan creaci\u00f3n y dominio del arte.<\/span><span data-ccp-props=\"{&quot;335559731&quot;:708}\">\u00a0<\/span><\/p>\n<p><span data-contrast=\"auto\">\u201c<\/span><span data-contrast=\"auto\">\u00c9s<\/span><span data-contrast=\"auto\">te es un espacio para los creadores universitarios <\/span><span data-contrast=\"auto\">y <\/span><span data-contrast=\"auto\">abierto a la sociedad xalape\u00f1a\u201d, enunci\u00f3.<\/span><span data-ccp-props=\"{&quot;335559731&quot;:708}\">\u00a0<\/span><\/p>\n<p>&nbsp;<\/p>\n<div id=\"attachment_68097\" style=\"width: 732px\" class=\"wp-caption aligncenter\"><a href=\"https:\/\/www.uv.mx\/prensa\/files\/2019\/05\/170519-Foro-Difusion-Cultural-2.jpg\"><img loading=\"lazy\" decoding=\"async\" aria-describedby=\"caption-attachment-68097\" class=\"size-full wp-image-68097\" src=\"https:\/\/www.uv.mx\/prensa\/files\/2019\/05\/170519-Foro-Difusion-Cultural-2.jpg\" alt=\"\" width=\"722\" height=\"478\" srcset=\"https:\/\/www.uv.mx\/prensa\/files\/2019\/05\/170519-Foro-Difusion-Cultural-2.jpg 722w, https:\/\/www.uv.mx\/prensa\/files\/2019\/05\/170519-Foro-Difusion-Cultural-2-300x199.jpg 300w\" sizes=\"auto, (max-width: 722px) 100vw, 722px\" \/><\/a><p id=\"caption-attachment-68097\" class=\"wp-caption-text\">Ensamble Cl\u00e1sico de Guitarras<\/p><\/div>\n","protected":false},"excerpt":{"rendered":"<p>Participaron Magdalena Hern\u00e1ndez Alarc\u00f3n, secretaria Acad\u00e9mica, Octavio Ochoa Contreras, secretario de Desarrollo Institucional; y Juan Rafael Alcal\u00e1 Hinojosa, director de Difusi\u00f3n Cultural<\/p>\n","protected":false},"author":1508,"featured_media":68096,"comment_status":"closed","ping_status":"closed","sticky":false,"template":"","format":"standard","meta":{"footnotes":""},"categories":[11],"tags":[],"class_list":["post-68137","post","type-post","status-publish","format-standard","has-post-thumbnail","hentry","category-cultura"],"_links":{"self":[{"href":"https:\/\/www.uv.mx\/prensa\/wp-json\/wp\/v2\/posts\/68137","targetHints":{"allow":["GET"]}}],"collection":[{"href":"https:\/\/www.uv.mx\/prensa\/wp-json\/wp\/v2\/posts"}],"about":[{"href":"https:\/\/www.uv.mx\/prensa\/wp-json\/wp\/v2\/types\/post"}],"author":[{"embeddable":true,"href":"https:\/\/www.uv.mx\/prensa\/wp-json\/wp\/v2\/users\/1508"}],"replies":[{"embeddable":true,"href":"https:\/\/www.uv.mx\/prensa\/wp-json\/wp\/v2\/comments?post=68137"}],"version-history":[{"count":0,"href":"https:\/\/www.uv.mx\/prensa\/wp-json\/wp\/v2\/posts\/68137\/revisions"}],"wp:featuredmedia":[{"embeddable":true,"href":"https:\/\/www.uv.mx\/prensa\/wp-json\/wp\/v2\/media\/68096"}],"wp:attachment":[{"href":"https:\/\/www.uv.mx\/prensa\/wp-json\/wp\/v2\/media?parent=68137"}],"wp:term":[{"taxonomy":"category","embeddable":true,"href":"https:\/\/www.uv.mx\/prensa\/wp-json\/wp\/v2\/categories?post=68137"},{"taxonomy":"post_tag","embeddable":true,"href":"https:\/\/www.uv.mx\/prensa\/wp-json\/wp\/v2\/tags?post=68137"}],"curies":[{"name":"wp","href":"https:\/\/api.w.org\/{rel}","templated":true}]}}