{"id":681,"date":"2015-06-26T19:52:32","date_gmt":"2015-06-27T00:52:32","guid":{"rendered":"https:\/\/www.uv.mx\/prensa\/?p=681"},"modified":"2015-06-26T19:55:12","modified_gmt":"2015-06-27T00:55:12","slug":"en-materia-de-inclusion-social-mexico-va-en-retroceso","status":"publish","type":"post","link":"https:\/\/www.uv.mx\/prensa\/general\/en-materia-de-inclusion-social-mexico-va-en-retroceso\/","title":{"rendered":"En materia de inclusi\u00f3n social, M\u00e9xico va en retroceso"},"content":{"rendered":"<ul>\n<li><em>Cada vez son m\u00e1s los casos de desigualdad, exclusi\u00f3n social y discriminaci\u00f3n, dijo Guillermo Flores Brise\u00f1o<\/em><\/li>\n<\/ul>\n<p>&nbsp;<\/p>\n<p><strong><em>Paola Cort\u00e9s P\u00e9rez<\/em><\/strong><\/p>\n<p>&nbsp;<\/p>\n<p>En materia de inclusi\u00f3n social, la tendencia a largo plazo en M\u00e9xico es que va en retroceso, asever\u00f3 Guillermo Flores Brise\u00f1o, investigador de la Universidad Aut\u00f3noma de Nuevo Le\u00f3n (UANL), durante su participaci\u00f3n en la I Jornada por los Aprendizajes y la Educaci\u00f3n y la V Jornada de Educaci\u00f3n Especial, en la Facultad de Psicolog\u00eda de la Universidad Veracruzana (UV).<\/p>\n<p>Cabe mencionar que M\u00e9xico es el pa\u00eds con mayor desigualdad, entre los 34 pa\u00edses miembros de la Organizaci\u00f3n para la Cooperaci\u00f3n y el Desarrollo Econ\u00f3micos (OCDE).<\/p>\n<p>Al impartir la conferencia \u201cDiscapacidad: las metas para el desarrollo del milenio\u201d, lament\u00f3 que en el pa\u00eds a\u00fan se considera \u2013tradicional e hist\u00f3ricamente\u2013 que los recursos destinados a la atenci\u00f3n de la discapacidad son un gasto y no una inversi\u00f3n.<\/p>\n<p>\u201cDesde el punto de vista sociol\u00f3gico y de la econom\u00eda social, por cada peso que se invirti\u00f3 al tema de la discapacidad, en el futuro se regresar\u00e1n seis pesos al sistema p\u00fablico, en un periodo de cinco a 10 a\u00f1os.\u201d<\/p>\n<div id=\"attachment_686\" style=\"width: 310px\" class=\"wp-caption aligncenter\"><a href=\"https:\/\/www.uv.mx\/prensa\/files\/2015\/06\/dispacidad.jpg\"><img aria-describedby=\"caption-attachment-686\" decoding=\"async\" loading=\"lazy\" class=\"size-medium wp-image-686\" src=\"https:\/\/www.uv.mx\/prensa\/files\/2015\/06\/dispacidad-300x199.jpg\" alt=\"Guillermo Flores Brise\u00f1o, investigador de la UANL\" width=\"300\" height=\"199\" srcset=\"https:\/\/www.uv.mx\/prensa\/files\/2015\/06\/dispacidad-300x199.jpg 300w, https:\/\/www.uv.mx\/prensa\/files\/2015\/06\/dispacidad.jpg 885w\" sizes=\"(max-width: 300px) 100vw, 300px\" \/><\/a><p id=\"caption-attachment-686\" class=\"wp-caption-text\">Guillermo Flores Brise\u00f1o, investigador de la UANL<\/p><\/div>\n<p>El tambi\u00e9n consultor de pol\u00edticas sociales y de discapacidad, reiter\u00f3 que en el pa\u00eds hay una tendencia negativa en t\u00e9rminos de igualdad, cada vez son m\u00e1s los casos de desigualdad, exclusi\u00f3n social y discriminaci\u00f3n.<\/p>\n<p>\u201cLo peor es que esta tendencia es largo plazo, no es algo relacionado con el cambio de administraci\u00f3n federal o con una crisis econ\u00f3mica. M\u00e9xico va en retroceso en el proceso de inclusi\u00f3n, debido a factores sociales, culturales y econ\u00f3micos propios del pa\u00eds.\u201d<\/p>\n<p>Por \u00faltimo, Flores Brise\u00f1o advirti\u00f3 que el avance del pa\u00eds s\u00f3lo ser\u00e1 posible si las pol\u00edticas de desarrollo son dise\u00f1adas en funci\u00f3n de las necesidades de toda la poblaci\u00f3n, porque no se puede hablar de un pa\u00eds, estado o municipio, cuando una sola persona es excluida.<\/p>\n<p>\u201cEl tema de la discapacidad no se incluye y no se reconoce dentro de las pol\u00edticas p\u00fablicas; es m\u00e1s, cada vez son menos las instituciones p\u00fablicas y privadas que cuentan con recursos etiquetados especialmente para la atenci\u00f3n de la discapacidad y la exclusi\u00f3n.\u201d<\/p>\n","protected":false},"excerpt":{"rendered":"<p><strong><em>Paola Cort\u00e9s P\u00e9rez.-<\/em><\/strong> En materia de inclusi\u00f3n social, la tendencia a largo plazo en M\u00e9xico es que va en retroceso, asever\u00f3 Guillermo Flores Brise\u00f1o, investigador de la Universidad Aut\u00f3noma de Nuevo Le\u00f3n (UANL), durante su participaci\u00f3n en la I Jornada por los Aprendizajes y la Educaci\u00f3n y la V Jornada de Educaci\u00f3n Especial, en la Facultad de Psicolog\u00eda de la Universidad Veracruzana (UV).<\/p>\n","protected":false},"author":1508,"featured_media":686,"comment_status":"closed","ping_status":"closed","sticky":false,"template":"","format":"standard","meta":[],"categories":[1],"tags":[3],"_links":{"self":[{"href":"https:\/\/www.uv.mx\/prensa\/wp-json\/wp\/v2\/posts\/681"}],"collection":[{"href":"https:\/\/www.uv.mx\/prensa\/wp-json\/wp\/v2\/posts"}],"about":[{"href":"https:\/\/www.uv.mx\/prensa\/wp-json\/wp\/v2\/types\/post"}],"author":[{"embeddable":true,"href":"https:\/\/www.uv.mx\/prensa\/wp-json\/wp\/v2\/users\/1508"}],"replies":[{"embeddable":true,"href":"https:\/\/www.uv.mx\/prensa\/wp-json\/wp\/v2\/comments?post=681"}],"version-history":[{"count":0,"href":"https:\/\/www.uv.mx\/prensa\/wp-json\/wp\/v2\/posts\/681\/revisions"}],"wp:featuredmedia":[{"embeddable":true,"href":"https:\/\/www.uv.mx\/prensa\/wp-json\/wp\/v2\/media\/686"}],"wp:attachment":[{"href":"https:\/\/www.uv.mx\/prensa\/wp-json\/wp\/v2\/media?parent=681"}],"wp:term":[{"taxonomy":"category","embeddable":true,"href":"https:\/\/www.uv.mx\/prensa\/wp-json\/wp\/v2\/categories?post=681"},{"taxonomy":"post_tag","embeddable":true,"href":"https:\/\/www.uv.mx\/prensa\/wp-json\/wp\/v2\/tags?post=681"}],"curies":[{"name":"wp","href":"https:\/\/api.w.org\/{rel}","templated":true}]}}