{"id":68024,"date":"2019-05-18T08:00:15","date_gmt":"2019-05-18T13:00:15","guid":{"rendered":"https:\/\/www.uv.mx\/prensa\/?p=68024"},"modified":"2019-05-17T19:00:51","modified_gmt":"2019-05-18T00:00:51","slug":"estudiantes-participaron-en-concurso-de-arquitectura-gaseosa","status":"publish","type":"post","link":"https:\/\/www.uv.mx\/prensa\/general\/estudiantes-participaron-en-concurso-de-arquitectura-gaseosa\/","title":{"rendered":"Estudiantes participaron en concurso de Arquitectura Gaseosa"},"content":{"rendered":"<ul>\n<li data-leveltext=\"\uf0b7\" data-font=\"Symbol\" data-listid=\"5\" data-aria-posinset=\"1\" data-aria-level=\"1\"><i><span data-contrast=\"auto\">\u00c9sta se caracteriza por<\/span><\/i> <i><span data-contrast=\"auto\">ser temporal y su principal cualidad es el movimiento<\/span><\/i><span data-ccp-props=\"{}\">\u00a0<\/span><\/li>\n<li data-leveltext=\"\uf0b7\" data-font=\"Symbol\" data-listid=\"5\" data-aria-posinset=\"2\" data-aria-level=\"1\"><i><span data-contrast=\"auto\">En el certamen se dise\u00f1aron anteproyectos a nivel <\/span><\/i><i><span data-contrast=\"auto\">i<\/span><\/i><i><span data-contrast=\"auto\">dea con propuestas de espacios en colonias periurbanas de la zona metropolitana de Xalapa<\/span><\/i><span data-ccp-props=\"{}\">\u00a0<\/span><\/li>\n<\/ul>\n<p>&nbsp;<\/p>\n<div id=\"attachment_68027\" style=\"width: 732px\" class=\"wp-caption aligncenter\"><a href=\"https:\/\/www.uv.mx\/prensa\/files\/2019\/05\/160519-Arquitectura-Gaseosa-1.jpg\"><img loading=\"lazy\" decoding=\"async\" aria-describedby=\"caption-attachment-68027\" class=\"size-full wp-image-68027\" src=\"https:\/\/www.uv.mx\/prensa\/files\/2019\/05\/160519-Arquitectura-Gaseosa-1.jpg\" alt=\"\" width=\"722\" height=\"364\" srcset=\"https:\/\/www.uv.mx\/prensa\/files\/2019\/05\/160519-Arquitectura-Gaseosa-1.jpg 722w, https:\/\/www.uv.mx\/prensa\/files\/2019\/05\/160519-Arquitectura-Gaseosa-1-300x151.jpg 300w\" sizes=\"auto, (max-width: 722px) 100vw, 722px\" \/><\/a><p id=\"caption-attachment-68027\" class=\"wp-caption-text\">El concurso puso a prueba las habilidades de los participantes<\/p><\/div>\n<p>&nbsp;<\/p>\n<p><b><i><span data-contrast=\"auto\">Carlos Hugo Hermida Rosales<\/span><\/i><\/b><span data-ccp-props=\"{}\">\u00a0<\/span><\/p>\n<p><b><i><span data-contrast=\"auto\">19<\/span><\/i><\/b><b><i><span data-contrast=\"auto\">\/05\/<\/span><\/i><\/b><b><i><span data-contrast=\"auto\">19<\/span><\/i><\/b><b><i><span data-contrast=\"auto\">,<\/span><\/i><\/b> <b><i><span data-contrast=\"auto\">Xalapa, <\/span><\/i><\/b><b><i><span data-contrast=\"auto\">Ver.<\/span><\/i><\/b><b><i><span data-contrast=\"auto\">&#8211;<\/span><\/i><\/b> <span data-contrast=\"auto\">Estudiantes de la Facultad de Arquitectura de la Universidad Veracruzana participaron en el <\/span><span data-contrast=\"auto\">Concurso In<\/span><span data-contrast=\"auto\">terno Arquitectura Gaseosa 2019,<\/span> <span data-contrast=\"auto\">que se llev\u00f3 a cabo en esta entidad acad\u00e9mica el 9 de mayo y fue organizado por el <\/span><span data-contrast=\"auto\">c<\/span><span data-contrast=\"auto\">uerpo <\/span><span data-contrast=\"auto\">a<\/span><span data-contrast=\"auto\">cad\u00e9mico <\/span><span data-contrast=\"auto\">(CA) <\/span><span data-contrast=\"auto\">Arquitectura y Urbanismo para el Desarrollo.<\/span><span data-ccp-props=\"{}\">\u00a0<\/span><\/p>\n<p><span data-contrast=\"auto\">Arturo Vel\u00e1zquez Ruiz, acad\u00e9mico de esta entidad, <\/span><span data-contrast=\"auto\">explic\u00f3 que la arquitectura gaseosa tiene la caracter\u00edstica de ser temporal y poder trasladarse de sitio, por lo que su principal cualidad es el movimiento.<\/span><span data-ccp-props=\"{&quot;335559731&quot;:708}\">\u00a0<\/span><\/p>\n<p><span data-contrast=\"auto\">L<\/span><span data-contrast=\"auto\">os participantes dise\u00f1aron anteproyectos con propuestas <\/span><span data-contrast=\"auto\">para<\/span><span data-contrast=\"auto\"> espacios en colonias periurbanas de la zona metropolitana de Xalapa, en los que tomaron como concepto base la arquitectura gaseosa.<\/span><span data-ccp-props=\"{&quot;335559731&quot;:708}\">\u00a0<\/span><\/p>\n<p><span data-contrast=\"auto\">El docente<\/span><span data-contrast=\"auto\"> de la Facultad de <\/span><span data-contrast=\"auto\">Arquitectura<\/span><span data-contrast=\"auto\"> dirigi\u00f3 el concurso y mencion\u00f3 que este evento cont\u00f3 con el monitoreo de cuatro estudiantes de la Licenciatura en Arquitectura que participaron en la 16\u00aa Muestra Internacional de Arquitectura de la Bienal de Venecia, quienes apoyaron a sus compa\u00f1eros que participaron en \u00e9l.\u00a0<\/span><span data-ccp-props=\"{&quot;335559731&quot;:708}\">\u00a0<\/span><\/p>\n<p><span data-contrast=\"auto\">Comparti\u00f3 que los concursantes generaron un peque\u00f1o cartel y un modelo dentro de su anteproyecto,<\/span> <span data-contrast=\"auto\">y coment\u00f3 que los trabajos<\/span> <span data-contrast=\"auto\">ganadores se incluir\u00e1n en publicaciones del CA <\/span><span data-contrast=\"auto\">Arquitectura y Urbanismo para el Desarrollo.<\/span><span data-ccp-props=\"{&quot;335559731&quot;:708}\">\u00a0<\/span><\/p>\n<p>&nbsp;<\/p>\n<div id=\"attachment_68026\" style=\"width: 732px\" class=\"wp-caption aligncenter\"><a href=\"https:\/\/www.uv.mx\/prensa\/files\/2019\/05\/160519-Arquitectura-Gaseosa-2.jpg\"><img loading=\"lazy\" decoding=\"async\" aria-describedby=\"caption-attachment-68026\" class=\"size-full wp-image-68026\" src=\"https:\/\/www.uv.mx\/prensa\/files\/2019\/05\/160519-Arquitectura-Gaseosa-2.jpg\" alt=\"\" width=\"722\" height=\"481\" srcset=\"https:\/\/www.uv.mx\/prensa\/files\/2019\/05\/160519-Arquitectura-Gaseosa-2.jpg 722w, https:\/\/www.uv.mx\/prensa\/files\/2019\/05\/160519-Arquitectura-Gaseosa-2-300x200.jpg 300w\" sizes=\"auto, (max-width: 722px) 100vw, 722px\" \/><\/a><p id=\"caption-attachment-68026\" class=\"wp-caption-text\">J\u00f3venes monitores del concurso<\/p><\/div>\n<p>&nbsp;<\/p>\n<p><span data-contrast=\"auto\">Jessica Roque Mora, estudiante de <\/span><span data-contrast=\"auto\">sexto <\/span><span data-contrast=\"auto\">semestre de la <\/span><span data-contrast=\"auto\">L<\/span><span data-contrast=\"auto\">icenciatura en <\/span><span data-contrast=\"auto\">A<\/span><span data-contrast=\"auto\">rquitectura que particip\u00f3 en el concurso con un proyecto enfocado en el bamb\u00fa, mencion\u00f3 que esta actividad le permiti\u00f3 explorar las capacidades y conocimientos adquiridos en el aula.\u00a0<\/span><span data-ccp-props=\"{&quot;335559731&quot;:708}\">\u00a0<\/span><\/p>\n<p><span data-contrast=\"auto\">Gloria Jareli Timoteo Lara, quien cursa el mismo grado escolar, manifest\u00f3 que en este concurso pudo aplicar aquello que ha aprendido <\/span><span data-contrast=\"auto\">dentro de su formaci\u00f3n, adem\u00e1s que puso a prueba su temple al <\/span><span data-contrast=\"auto\">realizar su trabajo en tan s\u00f3<\/span><span data-contrast=\"auto\">lo unas horas.<\/span><span data-ccp-props=\"{&quot;335559731&quot;:708}\">\u00a0<\/span><\/p>\n<p><span data-contrast=\"auto\">Leonardo Eruviel Flores Ojeda, <\/span><span data-contrast=\"auto\">alumno<\/span><span data-contrast=\"auto\"> de <\/span><span data-contrast=\"auto\">noveno<\/span><span data-contrast=\"auto\"> semestre que colabor\u00f3 como monitor, afirm\u00f3 que fue una gran experiencia trasmitir los conocimientos que aprendi\u00f3 en la <\/span><span data-contrast=\"auto\">16\u00aa Muestra Internacional de Arquitectura de la Bienal de Venecia<\/span><span data-contrast=\"auto\">.<\/span><span data-ccp-props=\"{&quot;335559731&quot;:708}\">\u00a0<\/span><\/p>\n<p><span data-contrast=\"auto\">\u201cEsto ayuda en gran parte a mi formaci\u00f3n, ya que hacer que mis<\/span><span data-contrast=\"auto\"> compa\u00f1eros entiendan mis ideas<\/span><span data-contrast=\"auto\"> es un proceso similar a tratar con un cliente\u201d, asegur\u00f3.<\/span><span data-ccp-props=\"{&quot;335559731&quot;:708}\">\u00a0<\/span><\/p>\n<p><span data-contrast=\"auto\">Noem\u00ed\u202f<\/span><span data-contrast=\"auto\">Uehara<\/span><span data-contrast=\"auto\">\u202fGuerrero, directora de la Facultad de Arquitectura, coment\u00f3 que con este concurso se someti\u00f3 a los estudiantes a presi\u00f3n para dise\u00f1ar un proyecto con bases metodol\u00f3gicas que ya aprendieron.\u00a0<\/span><span data-ccp-props=\"{&quot;335559731&quot;:708}\">\u00a0<\/span><\/p>\n<p><span data-contrast=\"auto\">\u201cEn este evento participaron los e<\/span><span data-contrast=\"auto\">studiantes que as\u00ed lo quisieron<\/span><span data-contrast=\"auto\"> y pusieron a prueba su capacidad de resolver problem\u00e1ticas en el menor tiempo posible, a la vez que fortalecieron su capacidad de trabajo en equipo\u201d,<\/span> <span data-contrast=\"auto\">declar\u00f3.<\/span><span data-ccp-props=\"{&quot;335559731&quot;:708}\">\u00a0<\/span><\/p>\n<p>&nbsp;<\/p>\n<div id=\"attachment_68025\" style=\"width: 732px\" class=\"wp-caption aligncenter\"><a href=\"https:\/\/www.uv.mx\/prensa\/files\/2019\/05\/160519-Arquitectura-Gaseosa-3.jpg\"><img loading=\"lazy\" decoding=\"async\" aria-describedby=\"caption-attachment-68025\" class=\"size-full wp-image-68025\" src=\"https:\/\/www.uv.mx\/prensa\/files\/2019\/05\/160519-Arquitectura-Gaseosa-3.jpg\" alt=\"\" width=\"722\" height=\"481\" srcset=\"https:\/\/www.uv.mx\/prensa\/files\/2019\/05\/160519-Arquitectura-Gaseosa-3.jpg 722w, https:\/\/www.uv.mx\/prensa\/files\/2019\/05\/160519-Arquitectura-Gaseosa-3-300x200.jpg 300w\" sizes=\"auto, (max-width: 722px) 100vw, 722px\" \/><\/a><p id=\"caption-attachment-68025\" class=\"wp-caption-text\">Jessica Roque y Gloria Timoteo<\/p><\/div>\n","protected":false},"excerpt":{"rendered":"<p>Los participantes dise\u00f1aron anteproyectos con propuestas para espacios en colonias periurbanas de la zona metropolitana de Xalapa<\/p>\n","protected":false},"author":1508,"featured_media":68027,"comment_status":"closed","ping_status":"closed","sticky":false,"template":"","format":"standard","meta":{"footnotes":""},"categories":[1],"tags":[],"class_list":["post-68024","post","type-post","status-publish","format-standard","has-post-thumbnail","hentry","category-general"],"_links":{"self":[{"href":"https:\/\/www.uv.mx\/prensa\/wp-json\/wp\/v2\/posts\/68024","targetHints":{"allow":["GET"]}}],"collection":[{"href":"https:\/\/www.uv.mx\/prensa\/wp-json\/wp\/v2\/posts"}],"about":[{"href":"https:\/\/www.uv.mx\/prensa\/wp-json\/wp\/v2\/types\/post"}],"author":[{"embeddable":true,"href":"https:\/\/www.uv.mx\/prensa\/wp-json\/wp\/v2\/users\/1508"}],"replies":[{"embeddable":true,"href":"https:\/\/www.uv.mx\/prensa\/wp-json\/wp\/v2\/comments?post=68024"}],"version-history":[{"count":0,"href":"https:\/\/www.uv.mx\/prensa\/wp-json\/wp\/v2\/posts\/68024\/revisions"}],"wp:featuredmedia":[{"embeddable":true,"href":"https:\/\/www.uv.mx\/prensa\/wp-json\/wp\/v2\/media\/68027"}],"wp:attachment":[{"href":"https:\/\/www.uv.mx\/prensa\/wp-json\/wp\/v2\/media?parent=68024"}],"wp:term":[{"taxonomy":"category","embeddable":true,"href":"https:\/\/www.uv.mx\/prensa\/wp-json\/wp\/v2\/categories?post=68024"},{"taxonomy":"post_tag","embeddable":true,"href":"https:\/\/www.uv.mx\/prensa\/wp-json\/wp\/v2\/tags?post=68024"}],"curies":[{"name":"wp","href":"https:\/\/api.w.org\/{rel}","templated":true}]}}