{"id":67911,"date":"2019-05-16T18:12:29","date_gmt":"2019-05-16T23:12:29","guid":{"rendered":"https:\/\/www.uv.mx\/prensa\/?p=67911"},"modified":"2019-05-16T18:12:29","modified_gmt":"2019-05-16T23:12:29","slug":"cecda-reconocera-trayectoria-de-emil-awad-abed","status":"publish","type":"post","link":"https:\/\/www.uv.mx\/prensa\/banner\/cecda-reconocera-trayectoria-de-emil-awad-abed\/","title":{"rendered":"CECDA reconocer\u00e1 trayectoria de Emil Awad Abed"},"content":{"rendered":"<ul>\n<li data-leveltext=\"\uf0b7\" data-font=\"Symbol\" data-listid=\"1\" data-aria-posinset=\"1\" data-aria-level=\"1\"><i><span data-contrast=\"none\">E<\/span><\/i><i><span data-contrast=\"none\">l viernes <\/span><\/i><i><span data-contrast=\"none\">17 de mayo, <\/span><\/i><i><span data-contrast=\"none\">desde<\/span><\/i> <i><span data-contrast=\"none\">las 10:30 horas<\/span><\/i><i><span data-contrast=\"none\">, en la sede del<\/span><\/i><i><span data-contrast=\"none\"> centro universitario<\/span><\/i><i><span data-contrast=\"none\">: <\/span><\/i><i><span data-contrast=\"none\">Paseo de las Palmas n\u00famero 7, C<\/span><\/i><i><span data-contrast=\"none\">olonia Fuentes de las \u00c1nimas<\/span><\/i><span data-ccp-props=\"{&quot;134233279&quot;:true,&quot;201341983&quot;:0,&quot;335559739&quot;:160,&quot;335559740&quot;:240}\">\u00a0<\/span><\/li>\n<\/ul>\n<p>&nbsp;<\/p>\n<div id=\"attachment_55697\" style=\"width: 732px\" class=\"wp-caption aligncenter\"><a href=\"https:\/\/www.uv.mx\/prensa\/files\/2018\/10\/141018-Emil-Awad.jpg\"><img loading=\"lazy\" decoding=\"async\" aria-describedby=\"caption-attachment-55697\" class=\"wp-image-55697 size-full\" src=\"https:\/\/www.uv.mx\/prensa\/files\/2018\/10\/141018-Emil-Awad.jpg\" alt=\"\" width=\"722\" height=\"481\" srcset=\"https:\/\/www.uv.mx\/prensa\/files\/2018\/10\/141018-Emil-Awad.jpg 722w, https:\/\/www.uv.mx\/prensa\/files\/2018\/10\/141018-Emil-Awad-300x200.jpg 300w\" sizes=\"auto, (max-width: 722px) 100vw, 722px\" \/><\/a><p id=\"caption-attachment-55697\" class=\"wp-caption-text\">Las composiciones de Emil Awad <span data-contrast=\"auto\">han sido interpretadas a nivel internacional<\/span><\/p><\/div>\n<p>&nbsp;<\/p>\n<p><b><i><span data-contrast=\"auto\">16\/05\/19, Xalapa, Ver.-<\/span><\/i><\/b> <span data-contrast=\"auto\">E<\/span><span data-contrast=\"auto\">n 2018<\/span><span data-contrast=\"auto\">,<\/span> <span data-contrast=\"auto\">a prop\u00f3sito de la celebraci\u00f3n del <\/span><span data-contrast=\"auto\">quinto <\/span><span data-contrast=\"auto\">aniversario d<\/span><span data-contrast=\"auto\">el Centro de Estudios, Creaci\u00f3n y Documentaci\u00f3n de las Artes <\/span><span data-contrast=\"auto\">(CECDA) <\/span><span data-contrast=\"auto\">de la Universidad Veracruzana<\/span><span data-contrast=\"auto\"> (UV), se<\/span><span data-contrast=\"auto\"> estableci\u00f3 <\/span><span data-contrast=\"auto\">la<\/span><span data-contrast=\"auto\"> jornada <\/span><span data-contrast=\"auto\">Trayectorias del CECDA para reconocer y com<\/span><span data-contrast=\"auto\">partir el trabajo realizado <\/span><span data-contrast=\"auto\">por<\/span><span data-contrast=\"auto\"> investigadores y c<\/span><span data-contrast=\"auto\">olaboradores que participan<\/span><span data-contrast=\"auto\"> y aportan a<\/span><span data-contrast=\"auto\"> esta entidad universitaria.<\/span><span data-ccp-props=\"{&quot;134233279&quot;:true,&quot;201341983&quot;:0,&quot;335559739&quot;:160,&quot;335559740&quot;:240}\">\u00a0<\/span><\/p>\n<p><span data-contrast=\"auto\">Por ello, el <\/span><span data-contrast=\"auto\">17 de mayo<\/span><span data-contrast=\"auto\"> desde las 10:30 <\/span><span data-contrast=\"auto\">horas se realizar\u00e1 la segunda edic<\/span><span data-contrast=\"auto\">i\u00f3n<\/span><span data-contrast=\"auto\"> de este evento<\/span><span data-contrast=\"auto\">, en <\/span><span data-contrast=\"auto\">el<\/span><span data-contrast=\"auto\"> que <\/span><span data-contrast=\"auto\">reconocer\u00e1 <\/span><span data-contrast=\"auto\">la trayectoria<\/span><span data-contrast=\"auto\"> del<\/span> <span data-contrast=\"auto\">compositor, m\u00fasico y d<\/span><span data-contrast=\"auto\">ocente Emil <\/span><span data-contrast=\"auto\">Awad<\/span> <span data-contrast=\"auto\">Abed<\/span> <span data-contrast=\"auto\">(M\u00e9xico, <\/span><span data-contrast=\"auto\">1963<\/span><span data-contrast=\"auto\">).<\/span><span data-ccp-props=\"{&quot;134233279&quot;:true,&quot;201341983&quot;:0,&quot;335559739&quot;:160,&quot;335559740&quot;:240}\">\u00a0<\/span><\/p>\n<p><span data-contrast=\"auto\">El acad\u00e9mico de la UV se titul\u00f3<\/span><span data-contrast=\"auto\"> con honores en las Escuelas de M\u00fasi<\/span><span data-contrast=\"auto\">ca de <\/span><span data-contrast=\"auto\">Juilliard<\/span><span data-contrast=\"auto\"> y Manhattan, y realiz\u00f3 el d<\/span><span data-contrast=\"auto\">octorado en la Universidad de Harvard<\/span><span data-contrast=\"auto\">, en Estados Unidos.<\/span><span data-ccp-props=\"{&quot;134233279&quot;:true,&quot;201341983&quot;:0,&quot;335559739&quot;:160,&quot;335559740&quot;:240}\">\u00a0<\/span><\/p>\n<p><span data-contrast=\"auto\">Sus composiciones han sido interpretadas internacionalmente por solistas como <\/span><span data-contrast=\"auto\">Karol<\/span><span data-contrast=\"auto\"> Bennett, William Anderson, Alejandro Barra\u00f1\u00f3n; ensamb<\/span><span data-contrast=\"auto\">les y orquestas como <\/span><span data-contrast=\"auto\">Cygnus<\/span><span data-contrast=\"auto\">, Tr\u00ed<\/span><span data-contrast=\"auto\">o <\/span><span data-contrast=\"auto\">Webster<\/span><span data-contrast=\"auto\">, <\/span><span data-contrast=\"auto\">Kolot<\/span><span data-contrast=\"auto\">, el Grupo de M\u00fasica Nueva de Harvard, Ensamble Contempor\u00e1neo de Manhattan, Orquesta Sinf\u00f3nica Nacional de M\u00e9xico, Orquesta Sinf\u00f3nica de Xalapa, entre otros.<\/span><span data-ccp-props=\"{&quot;134233279&quot;:true,&quot;201341983&quot;:0,&quot;335559739&quot;:160,&quot;335559740&quot;:240}\">\u00a0<\/span><\/p>\n<p><span data-contrast=\"auto\">Durante la<\/span><span data-contrast=\"auto\"> jornada<\/span><span data-contrast=\"auto\"> matutina<\/span><span data-contrast=\"auto\"> se desarrollar\u00e1 una mesa de an\u00e1lisis sobre su trabajo y composiciones, en la que participar\u00e1n Erik Baqueiro Victor\u00edn, de la Escuela Superior de Artes de Yucat\u00e1n, y Arturo Cuevas <\/span><span data-contrast=\"auto\">Guillaumin<\/span><span data-contrast=\"auto\"> y \u00c1lvaro Hern\u00e1ndez Jarqu\u00edn, de la UV. A partir de las 17:30 horas se presentar\u00e1 un video con la semblanza de Emil <\/span><span data-contrast=\"auto\">Awad<\/span><span data-contrast=\"auto\"> y habr\u00e1 participaciones de grupos musicales que interpretar\u00e1n y dialogar\u00e1n en torno a composiciones del anfitri\u00f3n.<\/span><span data-ccp-props=\"{&quot;134233279&quot;:true,&quot;201341983&quot;:0,&quot;335559731&quot;:708,&quot;335559739&quot;:160,&quot;335559740&quot;:240}\">\u00a0<\/span><\/p>\n<p><span data-contrast=\"auto\">La cita es en Paseo de<\/span><span data-contrast=\"auto\"> las Palmas n\u00famero 7, C<\/span><span data-contrast=\"auto\">olonia Fuentes de las \u00c1nimas. Para mayores informes consulte <\/span><a href=\"https:\/\/www.uv.mx\/cecda\"><span data-contrast=\"none\">www.uv.m<\/span><span data-contrast=\"none\">x<\/span><span data-contrast=\"none\">\/cecda<\/span><\/a><span data-contrast=\"auto\"> o e<\/span><span data-contrast=\"auto\">n<\/span> <i><span data-contrast=\"auto\">Facebook<\/span><\/i><span data-contrast=\"auto\">: <\/span><span data-contrast=\"auto\">Centro de Estudios, Creaci\u00f3n y Docum<\/span><span data-contrast=\"auto\">entaci\u00f3n de las Artes. Tam<\/span><span data-contrast=\"auto\">bi\u00e9n puede llamar al tel\u00e9fono 18643<\/span><span data-contrast=\"auto\">14 <\/span><span data-contrast=\"auto\">y<\/span><span data-contrast=\"auto\"> 8421700, extensi\u00f3n<\/span><span data-contrast=\"auto\"> 17155<\/span><span data-contrast=\"auto\">.<\/span><span data-ccp-props=\"{&quot;134233279&quot;:true,&quot;201341983&quot;:0,&quot;335559731&quot;:708,&quot;335559739&quot;:160,&quot;335559740&quot;:240}\">\u00a0<\/span><\/p>\n","protected":false},"excerpt":{"rendered":"<p>El homenaje se realizar\u00e1 en el marco del quinto aniversario del Centro de Estudios, Creaci\u00f3n y Documentaci\u00f3n de las Artes, el 17 de mayo a las 10:30 horas, en Paseo de las Palmas n\u00famero 7, Colonia Fuentes de las \u00c1nimas<\/p>\n","protected":false},"author":1508,"featured_media":67912,"comment_status":"closed","ping_status":"closed","sticky":false,"template":"","format":"standard","meta":{"footnotes":""},"categories":[61],"tags":[],"class_list":["post-67911","post","type-post","status-publish","format-standard","has-post-thumbnail","hentry","category-banner"],"_links":{"self":[{"href":"https:\/\/www.uv.mx\/prensa\/wp-json\/wp\/v2\/posts\/67911","targetHints":{"allow":["GET"]}}],"collection":[{"href":"https:\/\/www.uv.mx\/prensa\/wp-json\/wp\/v2\/posts"}],"about":[{"href":"https:\/\/www.uv.mx\/prensa\/wp-json\/wp\/v2\/types\/post"}],"author":[{"embeddable":true,"href":"https:\/\/www.uv.mx\/prensa\/wp-json\/wp\/v2\/users\/1508"}],"replies":[{"embeddable":true,"href":"https:\/\/www.uv.mx\/prensa\/wp-json\/wp\/v2\/comments?post=67911"}],"version-history":[{"count":0,"href":"https:\/\/www.uv.mx\/prensa\/wp-json\/wp\/v2\/posts\/67911\/revisions"}],"wp:featuredmedia":[{"embeddable":true,"href":"https:\/\/www.uv.mx\/prensa\/wp-json\/wp\/v2\/media\/67912"}],"wp:attachment":[{"href":"https:\/\/www.uv.mx\/prensa\/wp-json\/wp\/v2\/media?parent=67911"}],"wp:term":[{"taxonomy":"category","embeddable":true,"href":"https:\/\/www.uv.mx\/prensa\/wp-json\/wp\/v2\/categories?post=67911"},{"taxonomy":"post_tag","embeddable":true,"href":"https:\/\/www.uv.mx\/prensa\/wp-json\/wp\/v2\/tags?post=67911"}],"curies":[{"name":"wp","href":"https:\/\/api.w.org\/{rel}","templated":true}]}}