{"id":67800,"date":"2019-05-14T15:25:25","date_gmt":"2019-05-14T20:25:25","guid":{"rendered":"https:\/\/www.uv.mx\/prensa\/?p=67800"},"modified":"2019-05-14T15:25:25","modified_gmt":"2019-05-14T20:25:25","slug":"mexico-requiere-de-energias-renovables-luis-gonzalez","status":"publish","type":"post","link":"https:\/\/www.uv.mx\/prensa\/banner\/mexico-requiere-de-energias-renovables-luis-gonzalez\/","title":{"rendered":"M\u00e9xico requiere de energ\u00edas renovables: Luis Gonz\u00e1lez"},"content":{"rendered":"<ul>\n<li data-leveltext=\"\uf0b7\" data-font=\"Symbol\" data-listid=\"1\" data-aria-posinset=\"1\" data-aria-level=\"1\"><i><span data-contrast=\"auto\">El j<\/span><\/i><i><span data-contrast=\"auto\">efe de la Unidad de Energ\u00edas Renovables de la <\/span><\/i><span data-contrast=\"auto\">Sener<\/span><i><span data-contrast=\"auto\">, particip\u00f3 en el Foro sobre Energ\u00edas Renovables y Sustentabilidad de la FIME-UV<\/span><\/i><span data-ccp-props=\"{&quot;134233279&quot;:true,&quot;201341983&quot;:0,&quot;335559739&quot;:160,&quot;335559740&quot;:240}\">\u00a0<\/span><\/li>\n<li data-leveltext=\"\uf0b7\" data-font=\"Symbol\" data-listid=\"1\" data-aria-posinset=\"2\" data-aria-level=\"1\"><i><span data-contrast=\"auto\">R<\/span><\/i><i><span data-contrast=\"auto\">esalt\u00f3 que 11 millones de mexicanos est\u00e1n en pobreza energ\u00e9tica<\/span><\/i><i><span data-contrast=\"auto\"> y que la <\/span><\/i><i><span data-contrast=\"auto\">transici\u00f3n energ\u00e9tica renovable es una gran necesidad para el pa\u00eds<\/span><\/i><span data-ccp-props=\"{&quot;134233279&quot;:true,&quot;201341983&quot;:0,&quot;335559739&quot;:160,&quot;335559740&quot;:240}\">\u00a0<\/span><\/li>\n<\/ul>\n<p>&nbsp;<\/p>\n<div id=\"attachment_67776\" style=\"width: 732px\" class=\"wp-caption aligncenter\"><a href=\"https:\/\/www.uv.mx\/prensa\/files\/2019\/05\/090519-ENERGIAS-RENOVABLES-1.jpg\"><img loading=\"lazy\" decoding=\"async\" aria-describedby=\"caption-attachment-67776\" class=\"size-full wp-image-67776\" src=\"https:\/\/www.uv.mx\/prensa\/files\/2019\/05\/090519-ENERGIAS-RENOVABLES-1.jpg\" alt=\"\" width=\"722\" height=\"481\" srcset=\"https:\/\/www.uv.mx\/prensa\/files\/2019\/05\/090519-ENERGIAS-RENOVABLES-1.jpg 722w, https:\/\/www.uv.mx\/prensa\/files\/2019\/05\/090519-ENERGIAS-RENOVABLES-1-300x200.jpg 300w\" sizes=\"auto, (max-width: 722px) 100vw, 722px\" \/><\/a><p id=\"caption-attachment-67776\" class=\"wp-caption-text\">Luis Abelardo Gonz\u00e1lez Quijano, jefe de la Unidad de Energ\u00edas Renovables de la Secretar\u00eda de Energ\u00eda<\/p><\/div>\n<p>&nbsp;<\/p>\n<p><b><i><span data-contrast=\"auto\">Claudia Peralta V\u00e1zquez<\/span><\/i><\/b><span data-ccp-props=\"{&quot;201341983&quot;:0,&quot;335559739&quot;:160,&quot;335559740&quot;:240}\">\u00a0<\/span><\/p>\n<p><b><i><span data-contrast=\"auto\">14<\/span><\/i><\/b><b><i><span data-contrast=\"auto\">\/<\/span><\/i><\/b><b><i><span data-contrast=\"auto\">05<\/span><\/i><\/b><b><i><span data-contrast=\"auto\">\/<\/span><\/i><\/b><b><i><span data-contrast=\"auto\">19, Xalapa, Ver.- <\/span><\/i><\/b><span data-contrast=\"auto\">Luis Abelardo Gonz\u00e1lez Quijano, jefe de la Unidad de Energ\u00edas Renovables de la Secretar\u00eda de Energ\u00eda (<\/span><i><span data-contrast=\"auto\">Sener<\/span><\/i><span data-contrast=\"auto\">)<\/span><span data-contrast=\"auto\">, destac\u00f3 que en los pr\u00f3ximos <\/span><span data-contrast=\"auto\">15<\/span><span data-contrast=\"auto\"> a\u00f1os las energ\u00edas renovables se convertir\u00e1n en una palanca de desarrollo econ\u00f3mico para el pa\u00eds.<\/span><span data-ccp-props=\"{&quot;201341983&quot;:0,&quot;335559739&quot;:160,&quot;335559740&quot;:240}\">\u00a0<\/span><\/p>\n<p><span data-contrast=\"auto\">El pasado martes 7 de mayo, en <\/span><span data-contrast=\"auto\">el <\/span><span data-contrast=\"auto\">Foro<\/span><span data-contrast=\"auto\"> sobre Energ\u00edas Renovables y Sustentabilidad, organizado por la Facultad de Ingenier\u00eda Mec\u00e1nica y El\u00e9ctrica (FIME) de la Universidad Veracruzana (UV)<\/span><span data-contrast=\"auto\">, el funcionario federal habl\u00f3 sobre \u201cPol\u00edticas p\u00fablicas p<\/span><span data-contrast=\"auto\">ara la transici\u00f3n acelerada de e<\/span><span data-contrast=\"auto\">nerg\u00edas <\/span><span data-contrast=\"auto\">r<\/span><span data-contrast=\"auto\">enovables en M\u00e9xico\u201d.<\/span><span data-ccp-props=\"{&quot;201341983&quot;:0,&quot;335559739&quot;:160,&quot;335559740&quot;:240}\">\u00a0<\/span><\/p>\n<p><span data-contrast=\"auto\">Ante autoridades y estudiantes universitarios, p<\/span><span data-contrast=\"auto\">latic\u00f3 de un trabajo<\/span><span data-contrast=\"auto\"> que<\/span><span data-contrast=\"auto\"> desde hace tres a\u00f1os<\/span> <span data-contrast=\"auto\">desarrollan para fomentar una serie de pol\u00edticas p\u00fablicas <\/span><span data-contrast=\"auto\">e implementar las energ\u00edas renovables de manera acelerada.<\/span> <span data-contrast=\"auto\">No obstante, <\/span><span data-contrast=\"auto\">advirti\u00f3 que si la transici\u00f3n cultural no acompa\u00f1a a la energ\u00e9tica, los esfuerzos e infraestructura no servir\u00e1n de nada.<\/span><span data-ccp-props=\"{&quot;201341983&quot;:0,&quot;335559731&quot;:708,&quot;335559739&quot;:160,&quot;335559740&quot;:240}\">\u00a0<\/span><\/p>\n<p><span data-contrast=\"auto\">Coment\u00f3 que el objetivo del gobierno federal es garantizar una cobertura universal, principalmente en beneficio de 11 millones de mexicanos que viven en pobreza energ\u00e9tica.<\/span><span data-ccp-props=\"{&quot;201341983&quot;:0,&quot;335559739&quot;:160,&quot;335559740&quot;:240}\">\u00a0<\/span><\/p>\n<p><span data-contrast=\"auto\">Gonz\u00e1lez Quijano<\/span> <span data-contrast=\"auto\">explic\u00f3 que la <\/span><span data-contrast=\"auto\">nueva pol\u00edtica energ\u00e9tica del <\/span><span data-contrast=\"auto\">E<\/span><span data-contrast=\"auto\">stado m<\/span><span data-contrast=\"auto\">exicano impulsar\u00e1 el desarrollo sostenible mediante la incorporaci\u00f3n de poblaciones y comunidades a la producci\u00f3n de<\/span><span data-contrast=\"auto\"> energ\u00eda con fuentes renovables, como la solar y e\u00f3lica, principalmente.<\/span><span data-ccp-props=\"{&quot;201341983&quot;:0,&quot;335559731&quot;:708,&quot;335559739&quot;:160,&quot;335559740&quot;:240}\">\u00a0<\/span><\/p>\n<p><span data-contrast=\"auto\">\u00c9stas ser\u00e1n fundamentales para dotar de electricidad a las peque\u00f1as comunidades aisladas y que suman unos dos millones de habitantes.<\/span><span data-ccp-props=\"{&quot;201341983&quot;:0,&quot;335559731&quot;:708,&quot;335559739&quot;:160,&quot;335559740&quot;:240}\">\u00a0<\/span><\/p>\n<p><span data-contrast=\"auto\">La transici\u00f3n energ\u00e9tica dar\u00e1 pie para impulsar el surgimiento de un sector social en ese ramo, as\u00ed como para alentar <\/span><span data-contrast=\"auto\">la reindu<\/span><span data-contrast=\"auto\">strializaci\u00f3n del pa\u00eds.<\/span><span data-ccp-props=\"{&quot;201341983&quot;:0,&quot;335559731&quot;:708,&quot;335559739&quot;:160,&quot;335559740&quot;:240}\">\u00a0<\/span><\/p>\n<p><span data-contrast=\"auto\">\u201cEsto crear<\/span><span data-contrast=\"auto\">\u00e1<\/span><span data-contrast=\"auto\"> un paradigma en M\u00e9xico que haga que el sector social se empodere y contribuya a la generaci\u00f3n eficient<\/span><span data-contrast=\"auto\">e, limpia y al uso responsable.\u201d<\/span><span data-ccp-props=\"{&quot;201341983&quot;:0,&quot;335559731&quot;:708,&quot;335559739&quot;:160,&quot;335559740&quot;:240}\">\u00a0<\/span><\/p>\n<p><span data-contrast=\"auto\">Tan s\u00f3lo, para el e<\/span><span data-contrast=\"auto\">stado de Veracruz, en coordinaci\u00f3n con el Consejo Nacional de Ciencia y Tecnolog\u00eda (<\/span><i><span data-contrast=\"auto\">Conacyt<\/span><\/i><span data-contrast=\"auto\">) y la Secretar\u00eda de Econom\u00eda (SE), se plantea instalar una planta de fabricaci\u00f3n de bater\u00edas para autos el\u00e9ctricos<\/span><span data-contrast=\"auto\">.<\/span><span data-ccp-props=\"{&quot;201341983&quot;:0,&quot;335559731&quot;:708,&quot;335559739&quot;:160,&quot;335559740&quot;:240}\">\u00a0<\/span><\/p>\n<p><span data-contrast=\"auto\">Tambi\u00e9n<\/span><span data-contrast=\"auto\"> se piensa apostarle a la <\/span><span data-contrast=\"auto\">sustituci\u00f3n gradual<\/span><span data-contrast=\"auto\"> de la gasolina, por lo que habr\u00e1 un programa de fomento con est\u00edmulos al uso de veh\u00edculos el\u00e9ctricos urbanos <\/span><span data-contrast=\"auto\">a<\/span><span data-contrast=\"auto\"> fabricantes y usuarios, as\u00ed co<\/span><span data-contrast=\"auto\">mo subsidio sexenal <\/span><span data-contrast=\"auto\">para un<\/span><span data-contrast=\"auto\"> combustible<\/span><span data-contrast=\"auto\"> sustentable<\/span><span data-contrast=\"auto\">.<\/span><span data-ccp-props=\"{&quot;201341983&quot;:0,&quot;335559739&quot;:160,&quot;335559740&quot;:240}\">\u00a0<\/span><\/p>\n<p><span data-contrast=\"auto\">Por otra parte, se contempla la generaci\u00f3n y <\/span><span data-contrast=\"auto\">consumo eficiente de energ\u00eda renovable para activar el desarrollo productivo agropecuario y silv\u00edcola<\/span><span data-contrast=\"auto\">.<\/span><span data-ccp-props=\"{&quot;201341983&quot;:0,&quot;335559731&quot;:708,&quot;335559739&quot;:160,&quot;335559740&quot;:240}\">\u00a0<\/span><\/p>\n<p><span data-contrast=\"auto\">Gonz\u00e1lez Quijano d<\/span><span data-contrast=\"auto\">io a conocer que el presidente Andr\u00e9s Manuel L\u00f3pez Obrador propone el rescate de la infraestructura <\/span><span data-contrast=\"auto\">de las empresas colectivas del e<\/span><span data-contrast=\"auto\">stado<\/span><span data-contrast=\"auto\"> de Veracruz<\/span><span data-contrast=\"auto\">, con el fin de que aprovechen la virtud de las energ\u00edas renovables y las apliquen a sus procesos en uso y generaci\u00f3n de energ\u00eda.<\/span><span data-ccp-props=\"{&quot;201341983&quot;:0,&quot;335559731&quot;:708,&quot;335559739&quot;:160,&quot;335559740&quot;:240}\">\u00a0<\/span><\/p>\n<p><span data-contrast=\"auto\">Por ello, otro de los proyectos futuros para la entidad es poner en marcha uno de varios corredores industriales de este tipo en el pa\u00eds, desde el cual se generar\u00e1 mucha energ\u00eda del conocimiento.<\/span><span data-ccp-props=\"{&quot;201341983&quot;:0,&quot;335559731&quot;:708,&quot;335559739&quot;:160,&quot;335559740&quot;:240}\">\u00a0<\/span><\/p>\n<p><span data-contrast=\"auto\">Adem\u00e1s, es necesario que en materia de agricultura se cuente con energ\u00edas renovables, pues en muchas zonas pr\u00f3digas ya es imposible extraer el agua a profundidades enormes. Esto exige un gran gasto energ\u00e9tico y las energ\u00edas renovables ya tienen soluciones al respecto.<\/span><span data-ccp-props=\"{&quot;201341983&quot;:0,&quot;335559731&quot;:708,&quot;335559739&quot;:160,&quot;335559740&quot;:240}\">\u00a0<\/span><\/p>\n<p><span data-contrast=\"auto\">M<\/span><span data-contrast=\"auto\">encion\u00f3 que hace unos d\u00edas en la C\u00e1mara de Diputados se present\u00f3 el Plan Nacional de Desarrollo, instrumento clave a trav\u00e9s del cual se trazan las pol\u00edticas p\u00fablicas del gobierno para los pr\u00f3ximos seis a\u00f1os.<\/span><span data-ccp-props=\"{&quot;201341983&quot;:0,&quot;335559731&quot;:708,&quot;335559739&quot;:160,&quot;335559740&quot;:240}\">\u00a0<\/span><\/p>\n<p><span data-contrast=\"auto\">Ah\u00ed, <\/span><span data-contrast=\"auto\">se establece que el gobierno federal est\u00e1 comprometido con el desarrollo sostenible, obviamente con el cumplimiento de metas internacionales en materia de cambio clim\u00e1tico.<\/span><span data-ccp-props=\"{&quot;201341983&quot;:0,&quot;335559731&quot;:708,&quot;335559739&quot;:160,&quot;335559740&quot;:240}\">\u00a0<\/span><\/p>\n<p><span data-contrast=\"auto\">Esta situaci\u00f3n es muy importante, <\/span><span data-contrast=\"auto\">dijo, <\/span><span data-contrast=\"auto\">pues es indispensable establecer compromisos \u00e9ticos, sociales, ambientales y econ\u00f3micos alrededor de ello.<\/span><span data-ccp-props=\"{&quot;201341983&quot;:0,&quot;335559731&quot;:708,&quot;335559739&quot;:160,&quot;335559740&quot;:240}\">\u00a0<\/span><\/p>\n<p><span data-contrast=\"auto\">Sobre lo anterior, puntualiz\u00f3 que muchos de los recursos cient\u00edficos aterrizar\u00e1n en producci\u00f3n y formaci\u00f3n a alto nivel, y as\u00ed concentrar a los j\u00f3venes en espacios especializados.<\/span><span data-ccp-props=\"{&quot;201341983&quot;:0,&quot;335559731&quot;:708,&quot;335559739&quot;:160,&quot;335559740&quot;:240}\">\u00a0<\/span><\/p>\n<p><span data-contrast=\"auto\">\u201cHay una necesidad de crear una formaci\u00f3n \u00e9tica en los j\u00f3venes para que entiendan cu<\/span><span data-contrast=\"auto\">\u00e1<\/span><span data-contrast=\"auto\">l es el prop\u00f3sito y qu<\/span><span data-contrast=\"auto\">\u00e9<\/span><span data-contrast=\"auto\"> hay detr\u00e1s de la transici\u00f3n energ\u00e9tica<\/span><span data-contrast=\"auto\">, a fin de que<\/span><span data-contrast=\"auto\"> sirva como una ruta de vida para e<\/span><span data-contrast=\"auto\">llos.\u201d<\/span><span data-ccp-props=\"{&quot;201341983&quot;:0,&quot;335559731&quot;:708,&quot;335559739&quot;:160,&quot;335559740&quot;:240}\">\u00a0<\/span><\/p>\n","protected":false},"excerpt":{"rendered":"<p>El jefe de la Unidad de Energ\u00edas Renovables de la Secretar\u00eda de Energ\u00eda advirti\u00f3 que si la transici\u00f3n cultural no acompa\u00f1a a la energ\u00e9tica, los esfuerzos e infraestructura no servir\u00e1n de nada<\/p>\n","protected":false},"author":1508,"featured_media":67801,"comment_status":"closed","ping_status":"closed","sticky":false,"template":"","format":"standard","meta":{"footnotes":""},"categories":[61],"tags":[],"class_list":["post-67800","post","type-post","status-publish","format-standard","has-post-thumbnail","hentry","category-banner"],"_links":{"self":[{"href":"https:\/\/www.uv.mx\/prensa\/wp-json\/wp\/v2\/posts\/67800","targetHints":{"allow":["GET"]}}],"collection":[{"href":"https:\/\/www.uv.mx\/prensa\/wp-json\/wp\/v2\/posts"}],"about":[{"href":"https:\/\/www.uv.mx\/prensa\/wp-json\/wp\/v2\/types\/post"}],"author":[{"embeddable":true,"href":"https:\/\/www.uv.mx\/prensa\/wp-json\/wp\/v2\/users\/1508"}],"replies":[{"embeddable":true,"href":"https:\/\/www.uv.mx\/prensa\/wp-json\/wp\/v2\/comments?post=67800"}],"version-history":[{"count":0,"href":"https:\/\/www.uv.mx\/prensa\/wp-json\/wp\/v2\/posts\/67800\/revisions"}],"wp:featuredmedia":[{"embeddable":true,"href":"https:\/\/www.uv.mx\/prensa\/wp-json\/wp\/v2\/media\/67801"}],"wp:attachment":[{"href":"https:\/\/www.uv.mx\/prensa\/wp-json\/wp\/v2\/media?parent=67800"}],"wp:term":[{"taxonomy":"category","embeddable":true,"href":"https:\/\/www.uv.mx\/prensa\/wp-json\/wp\/v2\/categories?post=67800"},{"taxonomy":"post_tag","embeddable":true,"href":"https:\/\/www.uv.mx\/prensa\/wp-json\/wp\/v2\/tags?post=67800"}],"curies":[{"name":"wp","href":"https:\/\/api.w.org\/{rel}","templated":true}]}}