{"id":67737,"date":"2019-05-09T20:52:11","date_gmt":"2019-05-10T01:52:11","guid":{"rendered":"https:\/\/www.uv.mx\/prensa\/?p=67737"},"modified":"2019-05-09T20:52:11","modified_gmt":"2019-05-10T01:52:11","slug":"rectora-de-la-uv-recibio-nombramiento-como-vicepresidenta-del-cive","status":"publish","type":"post","link":"https:\/\/www.uv.mx\/prensa\/banner\/rectora-de-la-uv-recibio-nombramiento-como-vicepresidenta-del-cive\/","title":{"rendered":"Rectora de la UV recibi\u00f3 nombramiento como vicepresidenta del CIVE"},"content":{"rendered":"<ul>\n<li data-leveltext=\"\uf0b7\" data-font=\"Symbol\" data-listid=\"1\" data-aria-posinset=\"1\" data-aria-level=\"1\"><i><span data-contrast=\"auto\">El titular de la SEV, <\/span><\/i><i><span data-contrast=\"auto\">Zenyazen<\/span><\/i><i><span data-contrast=\"auto\"> Roberto Escobar Garc\u00eda agradeci\u00f3 el inter\u00e9s de la m\u00e1xima casa de estudios de la entidad, en este organismo\u00a0<\/span><\/i><span data-ccp-props=\"{&quot;134233279&quot;:true,&quot;201341983&quot;:0,&quot;335551550&quot;:6,&quot;335551620&quot;:6,&quot;335559739&quot;:160,&quot;335559740&quot;:240}\">\u00a0<\/span><\/li>\n<\/ul>\n<p>&nbsp;<\/p>\n<div id=\"attachment_67738\" style=\"width: 732px\" class=\"wp-caption aligncenter\"><a href=\"https:\/\/www.uv.mx\/prensa\/files\/2019\/05\/090519-CIVE.jpg\"><img loading=\"lazy\" decoding=\"async\" aria-describedby=\"caption-attachment-67738\" class=\"size-full wp-image-67738\" src=\"https:\/\/www.uv.mx\/prensa\/files\/2019\/05\/090519-CIVE.jpg\" alt=\"\" width=\"722\" height=\"481\" srcset=\"https:\/\/www.uv.mx\/prensa\/files\/2019\/05\/090519-CIVE.jpg 722w, https:\/\/www.uv.mx\/prensa\/files\/2019\/05\/090519-CIVE-300x200.jpg 300w\" sizes=\"auto, (max-width: 722px) 100vw, 722px\" \/><\/a><p id=\"caption-attachment-67738\" class=\"wp-caption-text\">Sara Ladr\u00f3n de Guevara tiene a su cargo la vicepresidencia del Consejo <span data-contrast=\"auto\">Interinstitucional Veracruzano de Educaci\u00f3n<\/span><\/p><\/div>\n<p>&nbsp;<\/p>\n<p><b><i><span data-contrast=\"auto\">Karina de la Paz Reyes D\u00edaz<\/span><\/i><\/b><span data-ccp-props=\"{&quot;134233279&quot;:true,&quot;201341983&quot;:0,&quot;335551550&quot;:6,&quot;335551620&quot;:6,&quot;335559685&quot;:360,&quot;335559739&quot;:160,&quot;335559740&quot;:240}\">\u00a0<\/span><\/p>\n<p><b><i><span data-contrast=\"auto\">09\/05\/19, Xalapa, Ver.-<\/span><\/i><\/b> <span data-contrast=\"auto\">El Consejo Interinstitucional Veracruzano de Educaci\u00f3n (CIVE) desarroll\u00f3 su primera Sesi\u00f3n Ordinaria, en la que se formaliz\u00f3 la entrega de nombramientos a la Vicepresidenta, la rectora de la Universidad Veracruzana (UV), Sara Ladr\u00f3n de Guevara, as\u00ed como a los<\/span><span data-contrast=\"auto\"> presidentes, vicepresidentes y<\/span> <span data-contrast=\"auto\">secretarios t<\/span><span data-contrast=\"auto\">\u00e9cnicos de cada comisi\u00f3n y subcomisi\u00f3n.<\/span><span data-ccp-props=\"{&quot;134233279&quot;:true,&quot;201341983&quot;:0,&quot;335551550&quot;:6,&quot;335551620&quot;:6,&quot;335559685&quot;:360,&quot;335559739&quot;:160,&quot;335559740&quot;:240}\">\u00a0<\/span><\/p>\n<p><span data-contrast=\"auto\">Cabe recordar que el <\/span><span data-contrast=\"auto\">28 de marzo<\/span><span data-contrast=\"auto\"> tuvo lugar la ceremonia de instalaci\u00f3n del CIVE y en ella se inform\u00f3 que <\/span><span data-contrast=\"auto\">el organismo,<\/span><span data-contrast=\"auto\"> responsable de dar coherencia y pertinencia a la pol\u00edtica educativa federal<\/span><span data-contrast=\"auto\">, es <\/span><span data-contrast=\"auto\">presidido por <\/span><span data-contrast=\"auto\">Zenyazen<\/span><span data-contrast=\"auto\"> Escobar Garc\u00eda, titular de la Secretar\u00eda<\/span><span data-contrast=\"auto\"> de Educaci\u00f3n de Veracruz (SEV);<\/span> <span data-contrast=\"auto\">el <\/span><span data-contrast=\"auto\">presidente honorario <\/span><span data-contrast=\"auto\">es<\/span><span data-contrast=\"auto\"> Cuitl\u00e1huac Garc\u00eda Jim\u00e9nez, go<\/span><span data-contrast=\"auto\">bernador del estado de Veracruz; y <\/span><span data-contrast=\"auto\">Sara Ladr\u00f3n de G<\/span><span data-contrast=\"auto\">uevara, rectora de la UV, tiene<\/span><span data-contrast=\"auto\"> a su cargo la vicepresidencia del CIVE<\/span><span data-contrast=\"auto\">.<\/span><span data-ccp-props=\"{&quot;134233279&quot;:true,&quot;201341983&quot;:0,&quot;335551550&quot;:6,&quot;335551620&quot;:6,&quot;335559685&quot;:360,&quot;335559739&quot;:160,&quot;335559740&quot;:240}\">\u00a0<\/span><\/p>\n<p><span data-contrast=\"auto\">En la primera Sesi\u00f3n Ordinaria, desarrollada el 9 de mayo en la Sala de Secretarios de la SEV, el primer punto del Orden del D\u00eda fue la formalizaci\u00f3n de entrega de nombramientos a los 27 miembros del Consejo, es decir<\/span><span data-contrast=\"auto\">,<\/span><span data-contrast=\"auto\"> a la Vicepresidenta, as\u00ed como a los Secretarios T\u00e9cnicos de cada comisi\u00f3n y subcomisi\u00f3n.<\/span><span data-ccp-props=\"{&quot;134233279&quot;:true,&quot;201341983&quot;:0,&quot;335551550&quot;:6,&quot;335551620&quot;:6,&quot;335559685&quot;:360,&quot;335559739&quot;:160,&quot;335559740&quot;:240}\">\u00a0<\/span><\/p>\n<p><span data-contrast=\"auto\">En su intervenci\u00f3n en calidad de presidenta de la subcomisi\u00f3n de Ecolog\u00eda, la <\/span><span data-contrast=\"auto\">Secretar\u00eda de Medio Ambiente (SEDEMA), a trav\u00e9s de su titular, Mar\u00eda del Roc\u00edo P\u00e9rez <\/span><span data-contrast=\"auto\">P\u00e9rez<\/span><span data-contrast=\"auto\">,<\/span><span data-contrast=\"auto\"> expuso: \u201c<\/span><span data-contrast=\"auto\">Me queda claro que nuestro principal reto ser\u00e1 el construir los cimientos para formular el planteamiento necesario en la formaci\u00f3n de j\u00f3venes conscientes y capaces de proponer las soluciones a los problem<\/span><span data-contrast=\"auto\">as que como sociedad <\/span><span data-contrast=\"auto\">enfrentamo<\/span><span data-contrast=\"auto\">s<\/span><span data-contrast=\"auto\">\u201d.<\/span><span data-ccp-props=\"{&quot;134233279&quot;:true,&quot;201341983&quot;:0,&quot;335551550&quot;:6,&quot;335551620&quot;:6,&quot;335559685&quot;:360,&quot;335559739&quot;:160,&quot;335559740&quot;:240}\">\u00a0<\/span><\/p>\n<p><span data-contrast=\"auto\">En su mensaje<\/span><span data-contrast=\"auto\">, <\/span><span data-contrast=\"auto\">Zenyazen<\/span><span data-contrast=\"auto\"> Escobar Garc\u00eda<\/span><span data-contrast=\"auto\"> apreci\u00f3 el inter\u00e9s y la coordinaci\u00f3n que la SEV tiene con la UV, as\u00ed como con representantes de c\u00e1maras empresariales que se suman al objetivo establecido de esta Secretar\u00eda.\u00a0<\/span><span data-ccp-props=\"{&quot;134233279&quot;:true,&quot;201341983&quot;:0,&quot;335551550&quot;:6,&quot;335551620&quot;:6,&quot;335559685&quot;:360,&quot;335559739&quot;:160,&quot;335559740&quot;:240}\">\u00a0<\/span><\/p>\n<p><span data-contrast=\"auto\">Habl\u00f3 de la reingenier\u00eda que se alista en este Consejo y remarc\u00f3 estar convencido de que la educaci\u00f3n es la base fundamental para el crecimiento y desarrollo sostenible en beneficio de la sociedad veracruzana, porque la educaci\u00f3n no es un privilegio <\/span><span data-contrast=\"auto\">sino un derecho.<\/span><span data-ccp-props=\"{&quot;134233279&quot;:true,&quot;201341983&quot;:0,&quot;335551550&quot;:6,&quot;335551620&quot;:6,&quot;335559685&quot;:360,&quot;335559739&quot;:160,&quot;335559740&quot;:240}\">\u00a0<\/span><\/p>\n<p><span data-contrast=\"auto\">\u201cDoy la bienvenida a las y los presentes, a los 12 presidentes,<\/span><span data-contrast=\"auto\"> a los seis vicepresidentes<\/span><span data-contrast=\"auto\"> (de <\/span><span data-contrast=\"auto\">subcomis<\/span><span data-contrast=\"auto\">i<\/span><span data-contrast=\"auto\">ones<\/span><span data-contrast=\"auto\">)<\/span><span data-contrast=\"auto\"> y 11<\/span><span data-contrast=\"auto\"> comisionados que i<\/span><span data-contrast=\"auto\">ntegran el CIVE, a la Rectora d<\/span><span data-contrast=\"auto\">e<\/span> <span data-contrast=\"auto\">la m\u00e1xima casa de estudios de la entidad, Sara Ladr\u00f3n de Guevara Gonz\u00e1lez; a la secretaria de Medio Ambiente, <\/span><span data-contrast=\"auto\">Mar\u00eda del Roc\u00edo P\u00e9rez <\/span><span data-contrast=\"auto\">P\u00e9rez<\/span><span data-contrast=\"auto\">; a la titular de la Secretar\u00eda del Trabajo, Previsi\u00f3n Social y Productividad, <\/span><span data-contrast=\"auto\">Guadalupe Arg\u00fcello Lozano<\/span><span data-contrast=\"auto\">, a los empresarios que nos acompa\u00f1an. A todos y todas los que contribuyen desde e<\/span><span data-contrast=\"auto\">sta trinchera al bienestar de<\/span><span data-contrast=\"auto\">l lugar<\/span><span data-contrast=\"auto\"> donde vivimos.\u201d<\/span><span data-ccp-props=\"{&quot;134233279&quot;:true,&quot;201341983&quot;:0,&quot;335551550&quot;:6,&quot;335551620&quot;:6,&quot;335559685&quot;:360,&quot;335559739&quot;:160,&quot;335559740&quot;:240}\">\u00a0<\/span><\/p>\n","protected":false},"excerpt":{"rendered":"<p>El titular de la SEV, Zenyazen Roberto Escobar Garc\u00eda agradeci\u00f3 el inter\u00e9s de la m\u00e1xima casa de estudios de la entidad en este organismo  <\/p>\n","protected":false},"author":1508,"featured_media":0,"comment_status":"closed","ping_status":"closed","sticky":false,"template":"","format":"standard","meta":{"footnotes":""},"categories":[61],"tags":[],"class_list":["post-67737","post","type-post","status-publish","format-standard","hentry","category-banner"],"_links":{"self":[{"href":"https:\/\/www.uv.mx\/prensa\/wp-json\/wp\/v2\/posts\/67737","targetHints":{"allow":["GET"]}}],"collection":[{"href":"https:\/\/www.uv.mx\/prensa\/wp-json\/wp\/v2\/posts"}],"about":[{"href":"https:\/\/www.uv.mx\/prensa\/wp-json\/wp\/v2\/types\/post"}],"author":[{"embeddable":true,"href":"https:\/\/www.uv.mx\/prensa\/wp-json\/wp\/v2\/users\/1508"}],"replies":[{"embeddable":true,"href":"https:\/\/www.uv.mx\/prensa\/wp-json\/wp\/v2\/comments?post=67737"}],"version-history":[{"count":0,"href":"https:\/\/www.uv.mx\/prensa\/wp-json\/wp\/v2\/posts\/67737\/revisions"}],"wp:attachment":[{"href":"https:\/\/www.uv.mx\/prensa\/wp-json\/wp\/v2\/media?parent=67737"}],"wp:term":[{"taxonomy":"category","embeddable":true,"href":"https:\/\/www.uv.mx\/prensa\/wp-json\/wp\/v2\/categories?post=67737"},{"taxonomy":"post_tag","embeddable":true,"href":"https:\/\/www.uv.mx\/prensa\/wp-json\/wp\/v2\/tags?post=67737"}],"curies":[{"name":"wp","href":"https:\/\/api.w.org\/{rel}","templated":true}]}}