{"id":67734,"date":"2019-05-13T09:00:39","date_gmt":"2019-05-13T14:00:39","guid":{"rendered":"https:\/\/www.uv.mx\/prensa\/?p=67734"},"modified":"2019-05-09T20:37:30","modified_gmt":"2019-05-10T01:37:30","slug":"estudiantes-de-bioanalisis-uv-organizaron-evento-sobre-bacterias","status":"publish","type":"post","link":"https:\/\/www.uv.mx\/prensa\/general\/estudiantes-de-bioanalisis-uv-organizaron-evento-sobre-bacterias\/","title":{"rendered":"Estudiantes de Bioan\u00e1lisis-UV organizaron evento sobre bacterias"},"content":{"rendered":"<ul>\n<li><em><span class=\"TextRun SCXW87743422 BCX2\" lang=\"ES-MX\" xml:lang=\"ES-MX\" data-contrast=\"auto\"><span class=\"NormalTextRun SCXW87743422 BCX2\">C<\/span><\/span><span class=\"TextRun SCXW87743422 BCX2\" lang=\"ES-MX\" xml:lang=\"ES-MX\" data-contrast=\"auto\"><span class=\"NormalTextRun SCXW87743422 BCX2\">omo <\/span><\/span><span class=\"TextRun SCXW87743422 BCX2\" lang=\"ES-MX\" xml:lang=\"ES-MX\" data-contrast=\"auto\"><span class=\"NormalTextRun SCXW87743422 BCX2\">alumnos<\/span><\/span><span class=\"TextRun SCXW87743422 BCX2\" lang=\"ES-MX\" xml:lang=\"ES-MX\" data-contrast=\"auto\"><span class=\"NormalTextRun SCXW87743422 BCX2\"> y profesionales debemos saber que existen diversas bacterias <\/span><\/span><span class=\"TextRun SCXW87743422 BCX2\" lang=\"ES-MX\" xml:lang=\"ES-MX\" data-contrast=\"auto\"><span class=\"NormalTextRun SCXW87743422 BCX2\">que intervienen en procesos bioqu\u00edmicos, farmac\u00e9uticos, gen\u00e9ticos, agr\u00edcolas e industriales<\/span><\/span><\/em><\/li>\n<\/ul>\n<p>&nbsp;<\/p>\n<div id=\"attachment_67732\" style=\"width: 732px\" class=\"wp-caption aligncenter\"><a href=\"https:\/\/www.uv.mx\/prensa\/files\/2019\/05\/080519-PAOLA-Bacterias-amigas-1.jpg\"><img loading=\"lazy\" decoding=\"async\" aria-describedby=\"caption-attachment-67732\" class=\"size-full wp-image-67732\" src=\"https:\/\/www.uv.mx\/prensa\/files\/2019\/05\/080519-PAOLA-Bacterias-amigas-1.jpg\" alt=\"\" width=\"722\" height=\"481\" srcset=\"https:\/\/www.uv.mx\/prensa\/files\/2019\/05\/080519-PAOLA-Bacterias-amigas-1.jpg 722w, https:\/\/www.uv.mx\/prensa\/files\/2019\/05\/080519-PAOLA-Bacterias-amigas-1-300x200.jpg 300w\" sizes=\"auto, (max-width: 722px) 100vw, 722px\" \/><\/a><p id=\"caption-attachment-67732\" class=\"wp-caption-text\">Edal\u00ed Varo junto con algunos de sus estudiantes que organizaron el evento acad\u00e9mico<\/p><\/div>\n<p>&nbsp;<\/p>\n<p><b><i><span data-contrast=\"auto\">Paola Cort\u00e9s P\u00e9rez<\/span><\/i><\/b><span data-ccp-props=\"{}\">\u00a0<\/span><\/p>\n<p><b><i><span data-contrast=\"auto\">13\/05\/19, Xalapa, Ver.-<\/span><\/i><\/b><span data-contrast=\"auto\"> Estudiantes de la Secci\u00f3n 404 de la Facultad de Bioan\u00e1lisis de la Universidad Veracruzana (UV) llevaron a cabo el evento \u201cBacterias amigas y sus aplicaciones\u201d, como una forma l\u00fadica de aprender <\/span><span data-contrast=\"auto\">su<\/span><span data-contrast=\"auto\"> utilidad y beneficio.<\/span><span data-ccp-props=\"{}\">\u00a0<\/span><\/p>\n<p><span data-contrast=\"auto\">Es la segunda ocasi\u00f3n que se organiza este evento, aunque es la primera vez que se hace en el aula magna de la Unidad de Ciencias de<\/span> <span data-contrast=\"auto\">la Salud, coment\u00f3 Edal\u00ed Varo Rodr\u00edguez, profesora de la Experiencia Educativa (EE) Patolog\u00eda Cl\u00ednica.<\/span><span data-ccp-props=\"{&quot;335559731&quot;:708}\">\u00a0<\/span><\/p>\n<p>&nbsp;<\/p>\n<div id=\"attachment_67730\" style=\"width: 732px\" class=\"wp-caption aligncenter\"><a href=\"https:\/\/www.uv.mx\/prensa\/files\/2019\/05\/080519-PAOLA-Bacterias-amigas-2.jpg\"><img loading=\"lazy\" decoding=\"async\" aria-describedby=\"caption-attachment-67730\" class=\"size-full wp-image-67730\" src=\"https:\/\/www.uv.mx\/prensa\/files\/2019\/05\/080519-PAOLA-Bacterias-amigas-2.jpg\" alt=\"\" width=\"722\" height=\"481\" srcset=\"https:\/\/www.uv.mx\/prensa\/files\/2019\/05\/080519-PAOLA-Bacterias-amigas-2.jpg 722w, https:\/\/www.uv.mx\/prensa\/files\/2019\/05\/080519-PAOLA-Bacterias-amigas-2-300x200.jpg 300w\" sizes=\"auto, (max-width: 722px) 100vw, 722px\" \/><\/a><p id=\"caption-attachment-67730\" class=\"wp-caption-text\">Dibujos hechos por los estudiantes<\/p><\/div>\n<p>&nbsp;<\/p>\n<p><span data-contrast=\"auto\">Con el paso del tiempo, los seres humanos hemos evolucionado al igual que las bacterias, estas \u00faltimas se han vuelto m\u00e1s resistentes a diversas condic<\/span><span data-contrast=\"auto\">iones <\/span><span data-contrast=\"auto\">tanto <\/span><span data-contrast=\"auto\">qu\u00edmicas como ambientales, explicaron los estudiantes a directivos de la Facultad y estudiantes presentes.<\/span><span data-ccp-props=\"{&quot;335559731&quot;:708}\">\u00a0<\/span><\/p>\n<p><span data-contrast=\"auto\">Cuando se habla sobre bacterias lo primero que viene a nuestra mente es que son organismos pat\u00f3genos cau<\/span><span data-contrast=\"auto\">santes de diversas enfermedades;<\/span><span data-contrast=\"auto\"> sin embargo, como<\/span><span data-contrast=\"auto\"> estudiantes y profesionales de<\/span> <span data-contrast=\"auto\">Bioan\u00e1lisis<\/span><span data-contrast=\"auto\"> debemos saber que existen <\/span><span data-contrast=\"auto\">diversas <\/span><span data-contrast=\"auto\">bacterias que intervienen en procesos bioqu\u00edmicos, farmac\u00e9uticos, gen\u00e9ticos, agr\u00edcolas e industriales, apunt\u00f3 <\/span><span data-contrast=\"auto\">Edal\u00ed<\/span><span data-contrast=\"auto\"> Varo.<\/span><span data-ccp-props=\"{&quot;335559731&quot;:708}\">\u00a0<\/span><\/p>\n<p>&nbsp;<\/p>\n<div id=\"attachment_67729\" style=\"width: 732px\" class=\"wp-caption aligncenter\"><a href=\"https:\/\/www.uv.mx\/prensa\/files\/2019\/05\/080519-PAOLA-Bacterias-amigas-3.jpg\"><img loading=\"lazy\" decoding=\"async\" aria-describedby=\"caption-attachment-67729\" class=\"size-full wp-image-67729\" src=\"https:\/\/www.uv.mx\/prensa\/files\/2019\/05\/080519-PAOLA-Bacterias-amigas-3.jpg\" alt=\"\" width=\"722\" height=\"481\" srcset=\"https:\/\/www.uv.mx\/prensa\/files\/2019\/05\/080519-PAOLA-Bacterias-amigas-3.jpg 722w, https:\/\/www.uv.mx\/prensa\/files\/2019\/05\/080519-PAOLA-Bacterias-amigas-3-300x200.jpg 300w\" sizes=\"auto, (max-width: 722px) 100vw, 722px\" \/><\/a><p id=\"caption-attachment-67729\" class=\"wp-caption-text\">Los estudiantes elaboraron maquetas sobre las bacterias y su aplicaci\u00f3n<\/p><\/div>\n<p>&nbsp;<\/p>\n<p><span data-contrast=\"auto\">\u201cEste evento tiene como fin<\/span><span data-contrast=\"auto\">alidad<\/span><span data-contrast=\"auto\"> dar a conocer las diversas herramientas que las bacterias pueden brindarnos<\/span><span data-contrast=\"auto\">.<\/span> <span data-contrast=\"auto\">L<\/span><span data-contrast=\"auto\">os estudiantes se organizaron en cuatro grupos de trabajo, cada uno investig\u00f3 y explic\u00f3 diversos tipos de bacterias de acuerdo a su uso industrial, ambiental, farmac\u00e9utico, bioqu\u00edmico, miner\u00eda, biolog\u00eda molecular, entre otros.<\/span><span data-ccp-props=\"{&quot;335559731&quot;:708}\">\u00a0<\/span><\/p>\n<p><span data-contrast=\"auto\">\u201dCon este tipo de actividades <\/span><span data-contrast=\"auto\">se <\/span><span data-contrast=\"auto\">busc\u00f3 que los alumnos no se queden con un solo enfoque, sino que les abran <\/span><span data-contrast=\"auto\">un<\/span><span data-contrast=\"auto\"> panorama sobre la diversidad de aplicaciones que tienen las bacterias.\u201d<\/span><span data-ccp-props=\"{&quot;335559731&quot;:708}\">\u00a0<\/span><\/p>\n<p>&nbsp;<\/p>\n<div id='gallery-1' class='gallery galleryid-67734 gallery-columns-2 gallery-size-full'><dl class='gallery-item'>\n\t\t\t<dt class='gallery-icon landscape'>\n\t\t\t\t<a href='https:\/\/www.uv.mx\/prensa\/files\/2019\/05\/080519-PAOLA-Bacterias-amigas-4.jpg'><img loading=\"lazy\" decoding=\"async\" width=\"722\" height=\"481\" src=\"https:\/\/www.uv.mx\/prensa\/files\/2019\/05\/080519-PAOLA-Bacterias-amigas-4.jpg\" class=\"attachment-full size-full\" alt=\"\" aria-describedby=\"gallery-1-67728\" srcset=\"https:\/\/www.uv.mx\/prensa\/files\/2019\/05\/080519-PAOLA-Bacterias-amigas-4.jpg 722w, https:\/\/www.uv.mx\/prensa\/files\/2019\/05\/080519-PAOLA-Bacterias-amigas-4-300x200.jpg 300w\" sizes=\"auto, (max-width: 722px) 100vw, 722px\" \/><\/a>\n\t\t\t<\/dt>\n\t\t\t\t<dd class='wp-caption-text gallery-caption' id='gallery-1-67728'>\n\t\t\t\tSe organizaron en cuatro equipos de trabajo \n\t\t\t\t<\/dd><\/dl><dl class='gallery-item'>\n\t\t\t<dt class='gallery-icon landscape'>\n\t\t\t\t<a href='https:\/\/www.uv.mx\/prensa\/files\/2019\/05\/080519-PAOLA-Bacterias-amigas-5.jpg'><img loading=\"lazy\" decoding=\"async\" width=\"722\" height=\"481\" src=\"https:\/\/www.uv.mx\/prensa\/files\/2019\/05\/080519-PAOLA-Bacterias-amigas-5.jpg\" class=\"attachment-full size-full\" alt=\"\" aria-describedby=\"gallery-1-67727\" srcset=\"https:\/\/www.uv.mx\/prensa\/files\/2019\/05\/080519-PAOLA-Bacterias-amigas-5.jpg 722w, https:\/\/www.uv.mx\/prensa\/files\/2019\/05\/080519-PAOLA-Bacterias-amigas-5-300x200.jpg 300w\" sizes=\"auto, (max-width: 722px) 100vw, 722px\" \/><\/a>\n\t\t\t<\/dt>\n\t\t\t\t<dd class='wp-caption-text gallery-caption' id='gallery-1-67727'>\n\t\t\t\tLa directora de la Facultad, Sandra Gonz\u00e1lez, recorri\u00f3 cada uno de los equipos\n\t\t\t\t<\/dd><\/dl><br style=\"clear: both\" \/>\n\t\t<\/div>\n\n","protected":false},"excerpt":{"rendered":"<p>\u201cComo estudiantes y profesionales de Bioan\u00e1lisis debemos saber que existen diversas bacterias que intervienen en procesos bioqu\u00edmicos, farmac\u00e9uticos, gen\u00e9ticos, agr\u00edcolas e industriales\u201d: Edal\u00ed Varo <\/p>\n","protected":false},"author":1508,"featured_media":0,"comment_status":"closed","ping_status":"closed","sticky":false,"template":"","format":"standard","meta":{"footnotes":""},"categories":[1],"tags":[],"class_list":["post-67734","post","type-post","status-publish","format-standard","hentry","category-general"],"_links":{"self":[{"href":"https:\/\/www.uv.mx\/prensa\/wp-json\/wp\/v2\/posts\/67734","targetHints":{"allow":["GET"]}}],"collection":[{"href":"https:\/\/www.uv.mx\/prensa\/wp-json\/wp\/v2\/posts"}],"about":[{"href":"https:\/\/www.uv.mx\/prensa\/wp-json\/wp\/v2\/types\/post"}],"author":[{"embeddable":true,"href":"https:\/\/www.uv.mx\/prensa\/wp-json\/wp\/v2\/users\/1508"}],"replies":[{"embeddable":true,"href":"https:\/\/www.uv.mx\/prensa\/wp-json\/wp\/v2\/comments?post=67734"}],"version-history":[{"count":0,"href":"https:\/\/www.uv.mx\/prensa\/wp-json\/wp\/v2\/posts\/67734\/revisions"}],"wp:attachment":[{"href":"https:\/\/www.uv.mx\/prensa\/wp-json\/wp\/v2\/media?parent=67734"}],"wp:term":[{"taxonomy":"category","embeddable":true,"href":"https:\/\/www.uv.mx\/prensa\/wp-json\/wp\/v2\/categories?post=67734"},{"taxonomy":"post_tag","embeddable":true,"href":"https:\/\/www.uv.mx\/prensa\/wp-json\/wp\/v2\/tags?post=67734"}],"curies":[{"name":"wp","href":"https:\/\/api.w.org\/{rel}","templated":true}]}}