{"id":67720,"date":"2019-05-09T19:57:40","date_gmt":"2019-05-10T00:57:40","guid":{"rendered":"https:\/\/www.uv.mx\/prensa\/?p=67720"},"modified":"2019-05-09T19:57:40","modified_gmt":"2019-05-10T00:57:40","slug":"usbi-veracruz-exhibe-100-carteles-sobre-mexico-68","status":"publish","type":"post","link":"https:\/\/www.uv.mx\/prensa\/regiones\/veracruz\/usbi-veracruz-exhibe-100-carteles-sobre-mexico-68\/","title":{"rendered":"USBI-Veracruz exhibe 100 carteles sobre M\u00e9xico 68"},"content":{"rendered":"<p>&nbsp;<\/p>\n<div id=\"attachment_67716\" style=\"width: 732px\" class=\"wp-caption aligncenter\"><a href=\"https:\/\/www.uv.mx\/prensa\/files\/2019\/05\/090519-veracruz-Mexico-68-1.jpg\"><img aria-describedby=\"caption-attachment-67716\" decoding=\"async\" loading=\"lazy\" class=\"size-full wp-image-67716\" src=\"https:\/\/www.uv.mx\/prensa\/files\/2019\/05\/090519-veracruz-Mexico-68-1.jpg\" alt=\"\" width=\"722\" height=\"481\" srcset=\"https:\/\/www.uv.mx\/prensa\/files\/2019\/05\/090519-veracruz-Mexico-68-1.jpg 722w, https:\/\/www.uv.mx\/prensa\/files\/2019\/05\/090519-veracruz-Mexico-68-1-300x200.jpg 300w\" sizes=\"(max-width: 722px) 100vw, 722px\" \/><\/a><p id=\"caption-attachment-67716\" class=\"wp-caption-text\">Artistas visuales compartieron su experiencia sobre lo ocurrido el 2 de octubre de 1968<\/p><\/div>\n<p>&nbsp;<\/p>\n<p><b><i><span data-contrast=\"auto\">09\/05\/19, <\/span><\/i><\/b><b><i><span data-contrast=\"auto\">Boca del R\u00edo, Ver.-<\/span><\/i><\/b> <span data-contrast=\"auto\">A 50 a\u00f1os de la matanza de Tlatelolco<\/span><span data-contrast=\"auto\">,<\/span> <span data-contrast=\"auto\">un centenar de<\/span><span data-contrast=\"auto\"> artistas visuales plasman su visi\u00f3n sobre este hecho hist\u00f3rico en la <\/span><span data-contrast=\"auto\">muestra<\/span> <i><span data-contrast=\"auto\">M\u00e9xico 68\/18. 100 carteles<\/span><\/i><span data-contrast=\"auto\">, <\/span><span data-contrast=\"auto\">que se exhibe en la galer\u00eda de la Unidad de Servicios Bibliotecarios y de Informaci\u00f3n (USBI) <\/span><span data-contrast=\"auto\">de l<\/span><span data-contrast=\"auto\">a Universidad Veracruzana (UV)<\/span><span data-contrast=\"auto\">.<\/span><span data-ccp-props=\"{&quot;201341983&quot;:0,&quot;335559739&quot;:160,&quot;335559740&quot;:240}\">\u00a0<\/span><\/p>\n<p><span data-contrast=\"auto\">La exposici\u00f3n es <\/span><span data-contrast=\"auto\">organizada por el Instituto de Artes Pl\u00e1sticas <\/span><span data-contrast=\"auto\">y <\/span><span data-contrast=\"auto\">contiene <\/span><span data-contrast=\"auto\">las obras de <\/span><span data-contrast=\"auto\">seis<\/span><span data-contrast=\"auto\"> generaciones de dise\u00f1adores provenientes de 14 es<\/span><span data-contrast=\"auto\">tados de la Rep\u00fablica Mexicana.<\/span><span data-ccp-props=\"{&quot;201341983&quot;:0,&quot;335559731&quot;:708,&quot;335559739&quot;:160,&quot;335559740&quot;:240}\">\u00a0<\/span><\/p>\n<p><span data-contrast=\"auto\">Previo a la inauguraci\u00f3n<\/span><span data-contrast=\"auto\">,<\/span><span data-contrast=\"auto\"> los <\/span><span data-contrast=\"auto\">artistas Manuel <\/span><span data-contrast=\"auto\">A<\/span><span data-contrast=\"auto\">lverdi<\/span><span data-contrast=\"auto\"> Camus, \u00c1ngel <\/span><span data-contrast=\"auto\">Lagunes<\/span><span data-contrast=\"auto\"> y <\/span><span data-contrast=\"auto\">Jos\u00e9 Manuel Morelos compartieron con estudiantes de la UV y p\u00fablico asistente su visi\u00f3n sobre la matanza de 1968.<\/span><span data-ccp-props=\"{&quot;201341983&quot;:0,&quot;335559731&quot;:708,&quot;335559739&quot;:160,&quot;335559740&quot;:240}\">\u00a0<\/span><\/p>\n<p><span data-contrast=\"auto\">En su mensaje, <\/span><span data-contrast=\"auto\">Alverdi<\/span> <span data-contrast=\"auto\">Camus <\/span><span data-contrast=\"auto\">platic\u00f3 lo sucedido la tarde del 2 de octubre<\/span><span data-contrast=\"auto\"> de aquel a\u00f1o y<\/span><span data-contrast=\"auto\"> exhort\u00f3 a no dejar impune este hecho y declarar como genocidio lo ocurrido. \u201cMataron a muchos j\u00f3venes y con ello el sue\u00f1o y el f<\/span><span data-contrast=\"auto\">uturo de nuestro pa\u00eds\u201d, afirm\u00f3.<\/span><span data-ccp-props=\"{&quot;201341983&quot;:0,&quot;335559731&quot;:708,&quot;335559739&quot;:160,&quot;335559740&quot;:240}\">\u00a0<\/span><\/p>\n<p><span data-contrast=\"auto\">\u00c1ngel <\/span><span data-contrast=\"auto\">Lagunes<\/span><span data-contrast=\"auto\">, <\/span><span data-contrast=\"auto\">otro<\/span><span data-contrast=\"auto\"> de los expositores<\/span><span data-contrast=\"auto\">,<\/span><span data-contrast=\"auto\"> coment\u00f3 que vivi\u00f3 el momento a trav\u00e9s de los relatos de otros y eso le inspir\u00f3 para <\/span><span data-contrast=\"auto\">representarlo en una imagen.<\/span><span data-ccp-props=\"{&quot;201341983&quot;:0,&quot;335559731&quot;:708,&quot;335559739&quot;:160,&quot;335559740&quot;:240}\">\u00a0<\/span><\/p>\n<p>&nbsp;<\/p>\n<div id=\"attachment_67717\" style=\"width: 732px\" class=\"wp-caption aligncenter\"><a href=\"https:\/\/www.uv.mx\/prensa\/files\/2019\/05\/090519-veracruz-Mexico-68-2.jpg\"><img aria-describedby=\"caption-attachment-67717\" decoding=\"async\" loading=\"lazy\" class=\"size-full wp-image-67717\" src=\"https:\/\/www.uv.mx\/prensa\/files\/2019\/05\/090519-veracruz-Mexico-68-2.jpg\" alt=\"\" width=\"722\" height=\"481\" srcset=\"https:\/\/www.uv.mx\/prensa\/files\/2019\/05\/090519-veracruz-Mexico-68-2.jpg 722w, https:\/\/www.uv.mx\/prensa\/files\/2019\/05\/090519-veracruz-Mexico-68-2-300x200.jpg 300w\" sizes=\"(max-width: 722px) 100vw, 722px\" \/><\/a><p id=\"caption-attachment-67717\" class=\"wp-caption-text\">El Vicerrector y artistas inauguraron la muestra<\/p><\/div>\n<p>&nbsp;<\/p>\n<p><span data-contrast=\"auto\">Indic\u00f3 que 1968 fue una \u00e9poca de rebeld\u00eda y actualment<\/span><span data-contrast=\"auto\">e se atraviesa por algo similar;<\/span><span data-contrast=\"auto\"> \u201csin embargo<\/span><span data-contrast=\"auto\">,<\/span><span data-contrast=\"auto\"> hoy les invito a vivir una rebeld\u00eda cr\u00edtica e informada porque en esa rebeld\u00eda es donde est\u00e1 la esperanza\u201d<\/span><span data-contrast=\"auto\">.<\/span><span data-ccp-props=\"{&quot;201341983&quot;:0,&quot;335559731&quot;:708,&quot;335559739&quot;:160,&quot;335559740&quot;:240}\">\u00a0<\/span><\/p>\n<p><span data-contrast=\"auto\">Por \u00faltimo <\/span><span data-contrast=\"auto\">Jos\u00e9 Manuel <\/span><span data-contrast=\"auto\">Morelos, quien es el coordinador del proyecto<\/span><span data-contrast=\"auto\">,<\/span><span data-contrast=\"auto\"> detall\u00f3 que originalmente se convocaron a 50 dise\u00f1adores pero la respuesta a nivel nacional fue amplia<\/span><span data-contrast=\"auto\">,<\/span><span data-contrast=\"auto\"> por lo que aumentaron el n\u00famero a 100.<\/span><span data-ccp-props=\"{&quot;201341983&quot;:0,&quot;335559731&quot;:708,&quot;335559739&quot;:160,&quot;335559740&quot;:240}\">\u00a0<\/span><\/p>\n<p><span data-contrast=\"auto\">\u201cEsta muestra representa las visiones de <\/span><span data-contrast=\"auto\">seis<\/span><span data-contrast=\"auto\"> generaciones de personas que alzan la voz ante ese hecho lamentable\u201d, puntualiz\u00f3.<\/span><span data-ccp-props=\"{&quot;201341983&quot;:0,&quot;335559731&quot;:708,&quot;335559739&quot;:160,&quot;335559740&quot;:240}\">\u00a0<\/span><\/p>\n<p><span data-contrast=\"auto\">La inauguraci\u00f3n fue realizada por la coordinadora regional de <\/span><span data-contrast=\"auto\">D<\/span><span data-contrast=\"auto\">ifusi\u00f3n <\/span><span data-contrast=\"auto\">C<\/span><span data-contrast=\"auto\">ultural<\/span><span data-contrast=\"auto\">,<\/span><span data-contrast=\"auto\"> Ana Lilia Salda\u00f1a Ortiz<\/span><span data-contrast=\"auto\">;<\/span><span data-contrast=\"auto\"> el <\/span><span data-contrast=\"auto\">v<\/span><span data-contrast=\"auto\">icerrector Alfonso P\u00e9rez Morales, <\/span><span data-contrast=\"auto\">as\u00ed como <\/span><span data-contrast=\"auto\">los artistas vis<\/span><span data-contrast=\"auto\">uales y la directora de la USBI-<\/span><span data-contrast=\"auto\">Veracruz<\/span><span data-contrast=\"auto\">,<\/span><span data-contrast=\"auto\"> Martha Delia Castro Montoya.<\/span><span data-ccp-props=\"{&quot;201341983&quot;:0,&quot;335559731&quot;:708,&quot;335559739&quot;:160,&quot;335559740&quot;:240}\">\u00a0<\/span><\/p>\n<p><span data-contrast=\"auto\">La muestra permanecer\u00e1 hasta julio en <\/span><span data-contrast=\"auto\">la galer\u00eda de la USBI-<\/span><span data-contrast=\"auto\">Veracruz.<\/span><span data-ccp-props=\"{&quot;201341983&quot;:0,&quot;335559731&quot;:708,&quot;335559739&quot;:160,&quot;335559740&quot;:240}\">\u00a0<\/span><\/p>\n<p>&nbsp;<\/p>\n<div id=\"attachment_67718\" style=\"width: 732px\" class=\"wp-caption aligncenter\"><a href=\"https:\/\/www.uv.mx\/prensa\/files\/2019\/05\/090519-veracruz-Mexico-68-3.jpg\"><img aria-describedby=\"caption-attachment-67718\" decoding=\"async\" loading=\"lazy\" class=\"size-full wp-image-67718\" src=\"https:\/\/www.uv.mx\/prensa\/files\/2019\/05\/090519-veracruz-Mexico-68-3.jpg\" alt=\"\" width=\"722\" height=\"481\" srcset=\"https:\/\/www.uv.mx\/prensa\/files\/2019\/05\/090519-veracruz-Mexico-68-3.jpg 722w, https:\/\/www.uv.mx\/prensa\/files\/2019\/05\/090519-veracruz-Mexico-68-3-300x200.jpg 300w\" sizes=\"(max-width: 722px) 100vw, 722px\" \/><\/a><p id=\"caption-attachment-67718\" class=\"wp-caption-text\">En la galer\u00eda de la USBI-Veracruz se exhibe <em>M\u00e9xico 68\/18. 100 carteles<\/em><\/p><\/div>\n","protected":false},"excerpt":{"rendered":"<p>\u201cEsta muestra representa las visiones de seis generaciones de personas que alzan la voz ante ese hecho lamentable\u201d: Jos\u00e9 Manuel Morelos<\/p>\n","protected":false},"author":1508,"featured_media":67717,"comment_status":"closed","ping_status":"closed","sticky":false,"template":"","format":"standard","meta":[],"categories":[55],"tags":[],"_links":{"self":[{"href":"https:\/\/www.uv.mx\/prensa\/wp-json\/wp\/v2\/posts\/67720"}],"collection":[{"href":"https:\/\/www.uv.mx\/prensa\/wp-json\/wp\/v2\/posts"}],"about":[{"href":"https:\/\/www.uv.mx\/prensa\/wp-json\/wp\/v2\/types\/post"}],"author":[{"embeddable":true,"href":"https:\/\/www.uv.mx\/prensa\/wp-json\/wp\/v2\/users\/1508"}],"replies":[{"embeddable":true,"href":"https:\/\/www.uv.mx\/prensa\/wp-json\/wp\/v2\/comments?post=67720"}],"version-history":[{"count":0,"href":"https:\/\/www.uv.mx\/prensa\/wp-json\/wp\/v2\/posts\/67720\/revisions"}],"wp:featuredmedia":[{"embeddable":true,"href":"https:\/\/www.uv.mx\/prensa\/wp-json\/wp\/v2\/media\/67717"}],"wp:attachment":[{"href":"https:\/\/www.uv.mx\/prensa\/wp-json\/wp\/v2\/media?parent=67720"}],"wp:term":[{"taxonomy":"category","embeddable":true,"href":"https:\/\/www.uv.mx\/prensa\/wp-json\/wp\/v2\/categories?post=67720"},{"taxonomy":"post_tag","embeddable":true,"href":"https:\/\/www.uv.mx\/prensa\/wp-json\/wp\/v2\/tags?post=67720"}],"curies":[{"name":"wp","href":"https:\/\/api.w.org\/{rel}","templated":true}]}}