{"id":67706,"date":"2019-05-13T09:00:55","date_gmt":"2019-05-13T14:00:55","guid":{"rendered":"https:\/\/www.uv.mx\/prensa\/?p=67706"},"modified":"2019-05-09T18:20:14","modified_gmt":"2019-05-09T23:20:14","slug":"supresion-emocional-factor-de-riesgo-para-desarrollar-cancer-de-mama-tania-romo","status":"publish","type":"post","link":"https:\/\/www.uv.mx\/prensa\/ciencia\/supresion-emocional-factor-de-riesgo-para-desarrollar-cancer-de-mama-tania-romo\/","title":{"rendered":"Supresi\u00f3n emocional, factor de riesgo para desarrollar c\u00e1ncer de mama: Tania Romo"},"content":{"rendered":"<ul>\n<li data-leveltext=\"\uf0b7\" data-font=\"Symbol\" data-listid=\"2\" data-aria-posinset=\"1\" data-aria-level=\"1\"><i><span data-contrast=\"auto\">\u201cP<\/span><\/i><i><span data-contrast=\"auto\">ara obtener un panorama m\u00e1s preciso y no dejar todo el peso al estudio <\/span><\/i><i><span data-contrast=\"auto\">mastogr\u00e1fico<\/span><\/i><i><span data-contrast=\"auto\">, <\/span><\/i><i><span data-contrast=\"auto\">tambi\u00e9n hay que reunir indicadores de <\/span><\/i><i><span data-contrast=\"auto\">corte cl\u00ednico, psicol\u00f3gico y de sangr<\/span><\/i><i><span data-contrast=\"auto\">e\u201d, <\/span><\/i><i><span data-contrast=\"auto\">afirm\u00f3<\/span><\/i><span data-ccp-props=\"{&quot;201341983&quot;:0,&quot;335559739&quot;:0,&quot;335559740&quot;:240}\">\u00a0<\/span><\/li>\n<\/ul>\n<p>&nbsp;<\/p>\n<div id=\"attachment_67707\" style=\"width: 732px\" class=\"wp-caption aligncenter\"><a href=\"https:\/\/www.uv.mx\/prensa\/files\/2019\/05\/080519-Entrevista-Tania-Romo-1.jpg\"><img loading=\"lazy\" decoding=\"async\" aria-describedby=\"caption-attachment-67707\" class=\"size-full wp-image-67707\" src=\"https:\/\/www.uv.mx\/prensa\/files\/2019\/05\/080519-Entrevista-Tania-Romo-1.jpg\" alt=\"\" width=\"722\" height=\"481\" srcset=\"https:\/\/www.uv.mx\/prensa\/files\/2019\/05\/080519-Entrevista-Tania-Romo-1.jpg 722w, https:\/\/www.uv.mx\/prensa\/files\/2019\/05\/080519-Entrevista-Tania-Romo-1-300x200.jpg 300w\" sizes=\"auto, (max-width: 722px) 100vw, 722px\" \/><\/a><p id=\"caption-attachment-67707\" class=\"wp-caption-text\">Tania Romo Gonz\u00e1lez de la Parra<\/p><\/div>\n<p>&nbsp;<\/p>\n<p><b><i><span data-contrast=\"auto\">Jos\u00e9 Luis <\/span><\/i><\/b><b><i><span data-contrast=\"auto\">Couttolenc<\/span><\/i><\/b><b><i><span data-contrast=\"auto\"> Soto<\/span><\/i><\/b><span data-ccp-props=\"{&quot;201341983&quot;:0,&quot;335559739&quot;:0,&quot;335559740&quot;:240}\">\u00a0<\/span><\/p>\n<p><b><i><span data-contrast=\"auto\">13\/05\/19, Xalapa, <\/span><\/i><\/b><b><i><span data-contrast=\"auto\">Ver.-<\/span><\/i><\/b><span data-contrast=\"auto\"> En M\u00e9xico, el c\u00e1ncer de mama es ya la primera causa de muerte en mujeres, es un padecimiento multicausal que involucra antecedentes patol\u00f3gicos familiares, menopausia tard\u00eda, tratamiento hormonal, <\/span><span data-contrast=\"auto\">nuliparidad<\/span><span data-contrast=\"auto\">, tabaquismo, menarqu\u00eda precoz, alcoholismo y la no lactancia materna, entre otros, pero existe un factor al que se le ha puesto poca atenci\u00f3<\/span><span data-contrast=\"auto\">n<\/span><span data-contrast=\"auto\">, la supresi\u00f3n emocional, pues se est\u00e1 demostrando que es importante para detonar la enfermedad.<\/span><span data-ccp-props=\"{&quot;201341983&quot;:0,&quot;335559739&quot;:0,&quot;335559740&quot;:240}\">\u00a0<\/span><\/p>\n<p><span data-contrast=\"auto\">Tania Romo Gonz\u00e1lez de la Parra, adscrita al Instituto de Investigaciones Biol\u00f3gicas (IIB) de la Universidad Veracruzana (UV), dio a conocer lo anterior el viernes 3 de mayo en su conferencia \u201cFactores de riesgo para el desarrollo de c\u00e1ncer de mama: un abordaje multidisciplinario\u201d, con la que particip\u00f3 en el 2\u00ba Congreso de Salud Sexual y Reproductiva realizado del 2 al 4 de mayo en Xalapa<\/span><span data-contrast=\"auto\">, bajo la coordinaci\u00f3n de la Cl\u00ednica Universitaria de Salud Reproductiva y Sexual de la UV.<\/span><span data-ccp-props=\"{&quot;201341983&quot;:0,&quot;335559739&quot;:0,&quot;335559740&quot;:240}\">\u00a0<\/span><\/p>\n<p><span data-contrast=\"auto\">Para el diagn\u00f3stico del <\/span><span data-contrast=\"auto\">c\u00e1ncer de mama <\/span><span data-contrast=\"auto\">se<\/span><span data-contrast=\"auto\"> considera e<\/span><span data-contrast=\"auto\">l tema gen\u00e9tico, dijo la investigadora<\/span><span data-contrast=\"auto\"> y<\/span><span data-contrast=\"auto\"> apunt<\/span><span data-contrast=\"auto\">\u00f3 <\/span><span data-contrast=\"auto\">que los genes s\u00f3lo se expresan si existen ciertas condiciones que se relacionan con lo cultural, \u201ccon lo que nos ense\u00f1an, a hombres y mujeres, para contener emociones, a no expresarlas, y en particular las negativas<\/span><span data-contrast=\"auto\">; <\/span><span data-contrast=\"auto\">esto genera un estr\u00e9s cr\u00f3nico en el cuerpo que evita que haya una vigilancia del sistema inmunol\u00f3gico de las c\u00e9lulas cancer\u00edgenas que se producen todos los d\u00edas de manera natural\u201d.<\/span><span data-ccp-props=\"{&quot;201341983&quot;:0,&quot;335559739&quot;:0,&quot;335559740&quot;:240}\">\u00a0<\/span><\/p>\n<p><span data-contrast=\"auto\">La investigadora e<\/span><span data-contrast=\"auto\">xplic\u00f3 que la supresi\u00f3n emocional <\/span><span data-contrast=\"auto\">consciente <\/span><span data-contrast=\"auto\">\u2013<\/span><span data-contrast=\"auto\">de la ira, la tristeza, la ansiedad y los estilos represivos inconscientes de<\/span><span data-contrast=\"auto\"> las emociones negativas\u2013 lleva<\/span><span data-contrast=\"auto\"> a un estr\u00e9s cr\u00f3nico que debilita el cuerpo y el sistema inmunol\u00f3gico, por lo que consider\u00f3<\/span><span data-contrast=\"auto\"> necesario aprend<\/span><span data-contrast=\"auto\">er a comunicar lo que se siente;<\/span><span data-contrast=\"auto\"> adem\u00e1s<\/span><span data-contrast=\"auto\">,<\/span><span data-contrast=\"auto\"> es deseable<\/span><span data-contrast=\"auto\"> mantener una actividad f\u00edsica regular, una alimentaci\u00f3n saludable, dormir bien<\/span><span data-contrast=\"auto\">,<\/span> <span data-contrast=\"auto\">procurar todos los factores que son protectores para muchas cosas y que resultan tambi\u00e9n ben\u00e9ficos para prevenir el c\u00e1ncer de mama.<\/span><span data-ccp-props=\"{&quot;201341983&quot;:0,&quot;335559739&quot;:0,&quot;335559740&quot;:240}\">\u00a0<\/span><\/p>\n<p><span data-contrast=\"auto\">L<\/span><span data-contrast=\"auto\">a ponente record\u00f3 <\/span><span data-contrast=\"auto\">que<\/span><span data-contrast=\"auto\">,<\/span><span data-contrast=\"auto\"> de acuerdo a estudios realizados por el Hospital General de M\u00e9xico, se observ\u00f3 que las caracter\u00edsticas de personalidad son fuertes indicadores para el diagn\u00f3stico del <\/span><span data-contrast=\"auto\">c\u00e1ncer de mama<\/span><span data-contrast=\"auto\">, pero no deja de ser importante tambi\u00e9n reunir otros de corte cl\u00ednico, psicol\u00f3gico y de sangre, para obtener un panorama m\u00e1s preciso y no dejar todo el peso al estudio <\/span><span data-contrast=\"auto\">mastogr\u00e1fico<\/span><span data-contrast=\"auto\">.<\/span><span data-ccp-props=\"{&quot;201341983&quot;:0,&quot;335559739&quot;:0,&quot;335559740&quot;:240}\">\u00a0<\/span><\/p>\n<p><span data-contrast=\"auto\">Tania <\/span><span data-contrast=\"auto\">Romo <\/span><span data-contrast=\"auto\">dijo tambi\u00e9n que con<\/span><span data-contrast=\"auto\"> base <\/span><span data-contrast=\"auto\">en<\/span><span data-contrast=\"auto\"> muestras de la poblaci\u00f3n veracruzana,<\/span><span data-contrast=\"auto\"> el IIB trabaja<\/span><span data-contrast=\"auto\"> desde 2014 <\/span><span data-contrast=\"auto\">en la b\u00fasqueda de perfiles <\/span><span data-contrast=\"auto\">psicol\u00f3gicos, endocrinos e inmunes que aporten informaci\u00f3n cl\u00ednica y gen\u00e9tica que predisponga al <\/span><span data-contrast=\"auto\">c\u00e1ncer de mama<\/span><span data-contrast=\"auto\">.<\/span><span data-ccp-props=\"{&quot;201341983&quot;:0,&quot;335559739&quot;:0,&quot;335559740&quot;:240}\">\u00a0<\/span><\/p>\n<p><span data-contrast=\"auto\">De esta investigaci\u00f3n surgi\u00f3 un cuestionario <\/span><span data-contrast=\"auto\">en el <\/span><span data-contrast=\"auto\">que<\/span><span data-contrast=\"auto\">,<\/span><span data-contrast=\"auto\"> a trav\u00e9s de una plataforma virtual, la poblaci\u00f3n femenina en edad reproductiva podr\u00e1 dar respuesta para conocer los porcentajes de riesgo de padecer la enfermedad <\/span><span data-contrast=\"auto\">co<\/span><span data-contrast=\"auto\">n base <\/span><span data-contrast=\"auto\">en <\/span><span data-contrast=\"auto\">factores cl\u00ednicos y psicol\u00f3gicos.<\/span><span data-ccp-props=\"{&quot;201341983&quot;:0,&quot;335559739&quot;:0,&quot;335559740&quot;:240}\">\u00a0<\/span><\/p>\n<p><span data-contrast=\"auto\">Finalmente<\/span><span data-contrast=\"auto\">,<\/span><span data-contrast=\"auto\"> destac\u00f3 la importancia de que se atienda este problema que se presenta con mayor prevalencia a partir de los 45 a\u00f1os de edad, <\/span><span data-contrast=\"auto\">aunque <\/span><span data-contrast=\"auto\">en la actualidad<\/span><span data-contrast=\"auto\"> se empieza a registrar de manera m\u00e1s temprana.<\/span><span data-ccp-props=\"{&quot;201341983&quot;:0,&quot;335559739&quot;:0,&quot;335559740&quot;:240}\">\u00a0<\/span><\/p>\n<p>&nbsp;<\/p>\n<div id=\"attachment_67708\" style=\"width: 732px\" class=\"wp-caption aligncenter\"><a href=\"https:\/\/www.uv.mx\/prensa\/files\/2019\/05\/080519-Entrevista-Tania-Romo-2.jpg\"><img loading=\"lazy\" decoding=\"async\" aria-describedby=\"caption-attachment-67708\" class=\"size-full wp-image-67708\" src=\"https:\/\/www.uv.mx\/prensa\/files\/2019\/05\/080519-Entrevista-Tania-Romo-2.jpg\" alt=\"\" width=\"722\" height=\"482\" srcset=\"https:\/\/www.uv.mx\/prensa\/files\/2019\/05\/080519-Entrevista-Tania-Romo-2.jpg 722w, https:\/\/www.uv.mx\/prensa\/files\/2019\/05\/080519-Entrevista-Tania-Romo-2-300x200.jpg 300w\" sizes=\"auto, (max-width: 722px) 100vw, 722px\" \/><\/a><p id=\"caption-attachment-67708\" class=\"wp-caption-text\">M\u00e1s de 300 escucharon la conferencia de la investigadora<\/p><\/div>\n","protected":false},"excerpt":{"rendered":"<p>Las caracter\u00edsticas de personalidad son fuertes indicadores para el diagn\u00f3stico del c\u00e1ncer de mama, pero no deja de ser importante tambi\u00e9n reunir otros de corte cl\u00ednico, psicol\u00f3gico y de sangre<\/p>\n","protected":false},"author":1508,"featured_media":67707,"comment_status":"closed","ping_status":"closed","sticky":false,"template":"","format":"standard","meta":{"footnotes":""},"categories":[45],"tags":[],"class_list":["post-67706","post","type-post","status-publish","format-standard","has-post-thumbnail","hentry","category-ciencia"],"_links":{"self":[{"href":"https:\/\/www.uv.mx\/prensa\/wp-json\/wp\/v2\/posts\/67706","targetHints":{"allow":["GET"]}}],"collection":[{"href":"https:\/\/www.uv.mx\/prensa\/wp-json\/wp\/v2\/posts"}],"about":[{"href":"https:\/\/www.uv.mx\/prensa\/wp-json\/wp\/v2\/types\/post"}],"author":[{"embeddable":true,"href":"https:\/\/www.uv.mx\/prensa\/wp-json\/wp\/v2\/users\/1508"}],"replies":[{"embeddable":true,"href":"https:\/\/www.uv.mx\/prensa\/wp-json\/wp\/v2\/comments?post=67706"}],"version-history":[{"count":0,"href":"https:\/\/www.uv.mx\/prensa\/wp-json\/wp\/v2\/posts\/67706\/revisions"}],"wp:featuredmedia":[{"embeddable":true,"href":"https:\/\/www.uv.mx\/prensa\/wp-json\/wp\/v2\/media\/67707"}],"wp:attachment":[{"href":"https:\/\/www.uv.mx\/prensa\/wp-json\/wp\/v2\/media?parent=67706"}],"wp:term":[{"taxonomy":"category","embeddable":true,"href":"https:\/\/www.uv.mx\/prensa\/wp-json\/wp\/v2\/categories?post=67706"},{"taxonomy":"post_tag","embeddable":true,"href":"https:\/\/www.uv.mx\/prensa\/wp-json\/wp\/v2\/tags?post=67706"}],"curies":[{"name":"wp","href":"https:\/\/api.w.org\/{rel}","templated":true}]}}