{"id":67649,"date":"2019-05-11T09:00:37","date_gmt":"2019-05-11T14:00:37","guid":{"rendered":"https:\/\/www.uv.mx\/prensa\/?p=67649"},"modified":"2019-05-08T20:49:09","modified_gmt":"2019-05-09T01:49:09","slug":"arquitectura-alojo-5to-concurso-comextrends-universitario-2019","status":"publish","type":"post","link":"https:\/\/www.uv.mx\/prensa\/general\/arquitectura-alojo-5to-concurso-comextrends-universitario-2019\/","title":{"rendered":"Arquitectura aloj\u00f3 5to Concurso #Comextrends Universitario 2019"},"content":{"rendered":"<ul>\n<li data-leveltext=\"\uf0b7\" data-font=\"Symbol\" data-listid=\"5\" data-aria-posinset=\"1\" data-aria-level=\"1\"><i><span data-contrast=\"auto\">Estudiantes de arquitectura y dise\u00f1o de Xalapa <\/span><\/i><i><span data-contrast=\"auto\">crearon piezas inspirados en las tendencias de color <\/span><\/i><i><span data-contrast=\"auto\">hiperlocal<\/span><\/i><i><span data-contrast=\"auto\">, <\/span><\/i><i><span data-contrast=\"auto\">accionismo<\/span><\/i><i><span data-contrast=\"auto\">, end\u00e9mico y reflejo<\/span><\/i><span data-ccp-props=\"{}\">\u00a0<\/span><\/li>\n<li data-leveltext=\"\uf0b7\" data-font=\"Symbol\" data-listid=\"5\" data-aria-posinset=\"2\" data-aria-level=\"1\"><i><span data-contrast=\"auto\">Dentro del evento <\/span><\/i><i><span data-contrast=\"auto\">Emiliano Godoy y Rodrigo No<\/span><\/i><i><span data-contrast=\"auto\">riega impartieron los talleres <\/span><\/i><i><span data-contrast=\"auto\">Objetos e Innovaci\u00f3n<\/span><\/i><i><span data-contrast=\"auto\">,<\/span><\/i><i><span data-contrast=\"auto\"> respectivamente<\/span><\/i><span data-ccp-props=\"{}\">\u00a0<\/span><\/li>\n<\/ul>\n<p>&nbsp;<\/p>\n<div id=\"attachment_67654\" style=\"width: 732px\" class=\"wp-caption aligncenter\"><a href=\"https:\/\/www.uv.mx\/prensa\/files\/2019\/05\/080519-Comex-Trends-2.jpg\"><img loading=\"lazy\" decoding=\"async\" aria-describedby=\"caption-attachment-67654\" class=\"size-full wp-image-67654\" src=\"https:\/\/www.uv.mx\/prensa\/files\/2019\/05\/080519-Comex-Trends-2.jpg\" alt=\"\" width=\"722\" height=\"481\" srcset=\"https:\/\/www.uv.mx\/prensa\/files\/2019\/05\/080519-Comex-Trends-2.jpg 722w, https:\/\/www.uv.mx\/prensa\/files\/2019\/05\/080519-Comex-Trends-2-300x200.jpg 300w\" sizes=\"auto, (max-width: 722px) 100vw, 722px\" \/><\/a><p id=\"caption-attachment-67654\" class=\"wp-caption-text\">Naim Farcug Espinosa<\/p><\/div>\n<p>&nbsp;<\/p>\n<p><b><i><span data-contrast=\"auto\">Carlos Hugo Hermida Rosales<\/span><\/i><\/b><span data-ccp-props=\"{}\">\u00a0<\/span><\/p>\n<p><b><i><span data-contrast=\"auto\">11\/05\/<\/span><\/i><\/b><b><i><span data-contrast=\"auto\">19<\/span><\/i><\/b><b><i><span data-contrast=\"auto\">,<\/span><\/i><\/b> <b><i><span data-contrast=\"auto\">Xalapa, Ver.<\/span><\/i><\/b><b><i><span data-contrast=\"auto\">&#8211;<\/span><\/i><\/b> <span data-contrast=\"auto\">La Facultad de Arquitectura de <\/span><span data-contrast=\"auto\">la Universidad Veracruzana (UV)<\/span> <span data-contrast=\"auto\">fue <\/span><span data-contrast=\"auto\">una de las sedes<\/span><span data-contrast=\"auto\"> del 5to Concurso #<\/span><span data-contrast=\"auto\">Comextrends<\/span><span data-contrast=\"auto\"> Universitario 2019<\/span><span data-contrast=\"auto\">, <\/span><span data-contrast=\"auto\">realizado el 8 de mayo <\/span><span data-contrast=\"auto\">y <\/span><span data-contrast=\"auto\">dirigido a estudiantes de dise\u00f1o, arquitectura y artes de instituciones de educaci\u00f3n superior de toda la <\/span><span data-contrast=\"auto\">R<\/span><span data-contrast=\"auto\">ep\u00fablica <\/span><span data-contrast=\"auto\">M<\/span><span data-contrast=\"auto\">exicana.<\/span><span data-ccp-props=\"{}\">\u00a0<\/span><\/p>\n<p><span data-contrast=\"auto\">Este <\/span><span data-contrast=\"auto\">concurso<\/span><span data-contrast=\"auto\"> organizado por la empresa <\/span><i><span data-contrast=\"auto\">Comex<\/span><\/i><span data-contrast=\"auto\"> se dividi\u00f3 en dos partes. La primera fue una competencia en la que los j\u00f3venes crearon una pieza o espacio representado gr\u00e1ficamente, inspirados en alguna de las tendencias de color 2019 \u2013<\/span><span data-contrast=\"auto\">hiperlocal<\/span><span data-contrast=\"auto\">, <\/span><span data-contrast=\"auto\">accionismo<\/span><span data-contrast=\"auto\">, end\u00e9mico y <\/span><span data-contrast=\"auto\">reflejo<\/span><span data-contrast=\"auto\">.<\/span><span data-ccp-props=\"{&quot;335559731&quot;:708}\">\u00a0<\/span><\/p>\n<p><span data-contrast=\"auto\">La segunda parte incluy\u00f3 los talleres <\/span><span data-contrast=\"auto\">Objetos<\/span><span data-contrast=\"auto\">,<\/span><span data-contrast=\"auto\"> impartido por <\/span><span data-contrast=\"auto\">el dise\u00f1ador industrial <\/span><span data-contrast=\"auto\">Emiliano Godoy, e <\/span><span data-contrast=\"auto\">Innovaci\u00f3n<\/span><span data-contrast=\"auto\">, realizado p<\/span><span data-contrast=\"auto\">or el dise\u00f1ador Rodrigo Noriega, a los que acudieron estudiantes de Arquitectura de la UV, as\u00ed como alumnos de la Universidad de Xalapa, <\/span><span data-contrast=\"auto\">Universidad <\/span><span data-contrast=\"auto\">Euro Hispanoamericana<\/span><span data-contrast=\"auto\"> y <\/span><span data-contrast=\"auto\">Universidad <\/span><span data-contrast=\"auto\">Gestalt de Dise\u00f1o<\/span><span data-contrast=\"auto\">.<\/span><span data-ccp-props=\"{&quot;335559731&quot;:708}\">\u00a0<\/span><\/p>\n<p><span data-contrast=\"auto\">Dentro de estos talleres<\/span><span data-contrast=\"auto\">,<\/span><span data-contrast=\"auto\"> los participantes crearon las piezas para participar en el concurso mencionado.<\/span><span data-ccp-props=\"{&quot;335559731&quot;:708}\">\u00a0<\/span><\/p>\n<p><span data-contrast=\"auto\">La inauguraci\u00f3n fue encabezada por Noemi <\/span><span data-contrast=\"auto\">Uehara<\/span><span data-contrast=\"auto\"> Guerrero, directora de la Facultad de Arquitectura, quien destac\u00f3 que a lo largo de su trayectoria esta entidad acad\u00e9mica se ha distinguido por fomentar la vinculaci\u00f3n de sus estudiantes y docentes con diferentes sectores productivos de la sociedad.<\/span><span data-ccp-props=\"{&quot;335559731&quot;:708}\">\u00a0<\/span><\/p>\n<p><span data-contrast=\"auto\">\u201cAgradezco el inter\u00e9s de la empresa <\/span><i><span data-contrast=\"auto\">Comex<\/span><\/i><span data-contrast=\"auto\"> por impartir talleres en la UV, y darles la oportunidad a nuestros estudiantes de <\/span><span data-contrast=\"auto\">formarse bajo la tutela de<\/span><span data-contrast=\"auto\"> profesionistas con amplia experiencia en el ramo\u201d<\/span><span data-contrast=\"auto\">, declar\u00f3.<\/span><span data-ccp-props=\"{&quot;335559731&quot;:708}\">\u00a0<\/span><\/p>\n<p><span data-contrast=\"auto\">Naim<\/span> <span data-contrast=\"auto\">F<\/span><span data-contrast=\"auto\">arcug<\/span><span data-contrast=\"auto\"> Espinosa,<\/span><span data-contrast=\"auto\"> g<\/span><span data-contrast=\"auto\">erente de Vinculaci\u00f3n con Profesionales y Universitarios <\/span><span data-contrast=\"auto\">de <\/span><i><span data-contrast=\"auto\">Comex<\/span><\/i><span data-contrast=\"auto\">, enfatiz\u00f3 que el prop\u00f3sito d<\/span><span data-contrast=\"auto\">e<\/span><span data-contrast=\"auto\">l <\/span><span data-contrast=\"auto\">dise\u00f1o es <\/span><span data-contrast=\"auto\">encontrar soluciones por medio de un proceso creativo a problem\u00e1ticas del ser humano, para <\/span><span data-contrast=\"auto\">as\u00ed<\/span><span data-contrast=\"auto\"> mejorar y embellecer la calidad de vida<\/span><span data-contrast=\"auto\">.<\/span><span data-ccp-props=\"{&quot;335559731&quot;:708}\">\u00a0<\/span><\/p>\n<p><span data-contrast=\"auto\">Explic\u00f3 que el proceso creativo es un m\u00e9todo de experimentaci\u00f3n, que busca que surja algo extraordi<\/span><span data-contrast=\"auto\">nario a partir de lo ordinario.<\/span><span data-ccp-props=\"{&quot;335559731&quot;:708}\">\u00a0<\/span><\/p>\n<p><span data-contrast=\"auto\">\u201cLas nuevas generaciones de arquitectos deben estar disp<\/span><span data-contrast=\"auto\">uesta<\/span><span data-contrast=\"auto\">s a equivocarse, y a partir de ello aprender y obtener un resultado diferente de todos los dem\u00e1s\u201d enunci\u00f3.<\/span><span data-ccp-props=\"{&quot;335559731&quot;:708}\">\u00a0<\/span><\/p>\n<p>&nbsp;<\/p>\n<div id=\"attachment_67650\" style=\"width: 732px\" class=\"wp-caption aligncenter\"><a href=\"https:\/\/www.uv.mx\/prensa\/files\/2019\/05\/080519-Comex-Trends-1.jpg\"><img loading=\"lazy\" decoding=\"async\" aria-describedby=\"caption-attachment-67650\" class=\"size-full wp-image-67650\" src=\"https:\/\/www.uv.mx\/prensa\/files\/2019\/05\/080519-Comex-Trends-1.jpg\" alt=\"\" width=\"722\" height=\"481\" srcset=\"https:\/\/www.uv.mx\/prensa\/files\/2019\/05\/080519-Comex-Trends-1.jpg 722w, https:\/\/www.uv.mx\/prensa\/files\/2019\/05\/080519-Comex-Trends-1-300x200.jpg 300w\" sizes=\"auto, (max-width: 722px) 100vw, 722px\" \/><\/a><p id=\"caption-attachment-67650\" class=\"wp-caption-text\"><span data-contrast=\"auto\">El concurso congreg\u00f3 <\/span><span data-contrast=\"auto\">a estudiantes de diversas universidades de Xalapa<\/span><span data-ccp-props=\"{}\">\u00a0<\/span><\/p><\/div>\n","protected":false},"excerpt":{"rendered":"<p>El proceso creativo es un m\u00e9todo de experimentaci\u00f3n, que busca que surja algo extraordinario a partir de lo ordinario: Naim Farcug Espinosa <\/p>\n","protected":false},"author":1508,"featured_media":67650,"comment_status":"closed","ping_status":"closed","sticky":false,"template":"","format":"standard","meta":{"footnotes":""},"categories":[1],"tags":[],"class_list":["post-67649","post","type-post","status-publish","format-standard","has-post-thumbnail","hentry","category-general"],"_links":{"self":[{"href":"https:\/\/www.uv.mx\/prensa\/wp-json\/wp\/v2\/posts\/67649","targetHints":{"allow":["GET"]}}],"collection":[{"href":"https:\/\/www.uv.mx\/prensa\/wp-json\/wp\/v2\/posts"}],"about":[{"href":"https:\/\/www.uv.mx\/prensa\/wp-json\/wp\/v2\/types\/post"}],"author":[{"embeddable":true,"href":"https:\/\/www.uv.mx\/prensa\/wp-json\/wp\/v2\/users\/1508"}],"replies":[{"embeddable":true,"href":"https:\/\/www.uv.mx\/prensa\/wp-json\/wp\/v2\/comments?post=67649"}],"version-history":[{"count":0,"href":"https:\/\/www.uv.mx\/prensa\/wp-json\/wp\/v2\/posts\/67649\/revisions"}],"wp:featuredmedia":[{"embeddable":true,"href":"https:\/\/www.uv.mx\/prensa\/wp-json\/wp\/v2\/media\/67650"}],"wp:attachment":[{"href":"https:\/\/www.uv.mx\/prensa\/wp-json\/wp\/v2\/media?parent=67649"}],"wp:term":[{"taxonomy":"category","embeddable":true,"href":"https:\/\/www.uv.mx\/prensa\/wp-json\/wp\/v2\/categories?post=67649"},{"taxonomy":"post_tag","embeddable":true,"href":"https:\/\/www.uv.mx\/prensa\/wp-json\/wp\/v2\/tags?post=67649"}],"curies":[{"name":"wp","href":"https:\/\/api.w.org\/{rel}","templated":true}]}}