{"id":67647,"date":"2019-05-10T09:10:37","date_gmt":"2019-05-10T14:10:37","guid":{"rendered":"https:\/\/www.uv.mx\/prensa\/?p=67647"},"modified":"2026-06-04T11:14:34","modified_gmt":"2026-06-04T17:14:34","slug":"oliva-rosales-mujer-tenaz-responsable-y-comprometida-ciies","status":"publish","type":"post","link":"https:\/\/www.uv.mx\/prensa\/banner\/oliva-rosales-mujer-tenaz-responsable-y-comprometida-ciies\/","title":{"rendered":"Oliva Rosales, mujer tenaz, responsable y comprometida: CIIES"},"content":{"rendered":"<ul>\n<li data-leveltext=\"\uf0b7\" data-font=\"Symbol\" data-listid=\"1\" data-aria-posinset=\"1\" data-aria-level=\"1\"><i><span data-contrast=\"auto\">Sus compa\u00f1eros y amigos de trabajo recuerdan c\u00f3mo fue su proceso de integraci\u00f3n a la UV, su alma m\u00e1ter\u00a0<\/span><\/i><span data-ccp-props=\"{&quot;134233279&quot;:true,&quot;201341983&quot;:0,&quot;335559739&quot;:160,&quot;335559740&quot;:240}\">\u00a0<\/span><\/li>\n<li data-leveltext=\"\uf0b7\" data-font=\"Symbol\" data-listid=\"1\" data-aria-posinset=\"2\" data-aria-level=\"1\"><i><span data-contrast=\"auto\">Naci\u00f3 un 22 de julio de 1969 y falleci\u00f3 el pasado 5 de mayo, aqu\u00ed en su ciudad de origen<\/span><\/i><\/li>\n<\/ul>\n<p>&nbsp;<\/p>\n<div id=\"attachment_67684\" style=\"width: 709px\" class=\"wp-caption aligncenter\"><a href=\"https:\/\/www.uv.mx\/prensa\/files\/2019\/05\/100519-Oliva-Rosales-Ok.jpg\"><img loading=\"lazy\" decoding=\"async\" aria-describedby=\"caption-attachment-67684\" class=\"size-full wp-image-67684\" src=\"https:\/\/www.uv.mx\/prensa\/files\/2019\/05\/100519-Oliva-Rosales-Ok.jpg\" alt=\"\" width=\"699\" height=\"722\" srcset=\"https:\/\/www.uv.mx\/prensa\/files\/2019\/05\/100519-Oliva-Rosales-Ok.jpg 699w, https:\/\/www.uv.mx\/prensa\/files\/2019\/05\/100519-Oliva-Rosales-Ok-290x300.jpg 290w\" sizes=\"auto, (max-width: 699px) 100vw, 699px\" \/><\/a><p id=\"caption-attachment-67684\" class=\"wp-caption-text\">Fue egresada de la UV y acad\u00e9mica de la propia instituci\u00f3n por m\u00e1s de 20 a\u00f1os<\/p><\/div>\n<p>&nbsp;<\/p>\n<p><b><i><span data-contrast=\"auto\">Karina de la Paz Reyes<\/span><\/i><\/b><span data-ccp-props=\"{&quot;134233279&quot;:true,&quot;201341983&quot;:0,&quot;335559739&quot;:160,&quot;335559740&quot;:240}\">\u00a0<\/span><\/p>\n<p><b><i><span data-contrast=\"auto\">10<\/span><\/i><\/b><b><i><span data-contrast=\"auto\">\/05\/19, Xalapa, Ver.-<\/span><\/i><\/b><span data-contrast=\"auto\"> Oliva Adela Rosales Rodr\u00edguez fue una universitaria de coraz\u00f3n, dedicada como estudiante y m\u00e1s comprometida como acad\u00e9mica, cuyo deceso impact\u00f3 a sus amigos y compa\u00f1eros del Centro de Investigaci\u00f3n e Innovaci\u00f3n en Educaci\u00f3n Superior (CIIES) adscrito a la Direcci\u00f3n General de Investigaciones (DGI) de la Universidad Veracruzana (UV).<\/span><span data-ccp-props=\"{&quot;134233279&quot;:true,&quot;201341983&quot;:0,&quot;335559739&quot;:160,&quot;335559740&quot;:240}\">\u00a0<\/span><\/p>\n<p><span data-contrast=\"auto\">En su corto paso por esta vida, naci\u00f3 en <\/span><span data-contrast=\"auto\">Xalapa, Veracruz <\/span><span data-contrast=\"auto\">el <\/span><span data-contrast=\"auto\">22 de julio 1969<\/span><span data-contrast=\"auto\"> y falleci\u00f3 el <\/span><span data-contrast=\"auto\">5 de mayo de 2019<\/span><span data-contrast=\"auto\">, Oliva siempre demostr\u00f3 el gusto por<\/span><span data-contrast=\"auto\"> las labores que desarrollaba y su compromiso con la instituci\u00f3n.<\/span><span data-ccp-props=\"{&quot;134233279&quot;:true,&quot;201341983&quot;:0,&quot;335559731&quot;:708,&quot;335559739&quot;:160,&quot;335559740&quot;:240}\">\u00a0<\/span><\/p>\n<p><span data-contrast=\"auto\">Estudi\u00f3 la Licenc<\/span><span data-contrast=\"auto\">iatura en Estad\u00edstica en la UV,<\/span><span data-contrast=\"auto\"> la Maestr\u00eda en Ciencias Educativas en la Universidad Au<\/span><span data-contrast=\"auto\">t\u00f3noma de Baja California, y se desempe\u00f1aba como<\/span> <span data-contrast=\"auto\">t<\/span><span data-contrast=\"auto\">\u00e9cnico acad\u00e9mico tiempo completo<\/span><span data-contrast=\"auto\"> del CIIES.<\/span><span data-ccp-props=\"{&quot;134233279&quot;:true,&quot;201341983&quot;:0,&quot;335559739&quot;:160,&quot;335559740&quot;:240}\">\u00a0<\/span><\/p>\n<p><span data-contrast=\"auto\">Ragueb<\/span> <span data-contrast=\"auto\">Chain<\/span><span data-contrast=\"auto\"> Revuelta<\/span><span data-contrast=\"auto\">, acad\u00e9mico del CIIES, comparti\u00f3 que tuvo la fortuna de haber invitado a <\/span><span data-contrast=\"auto\">Oliva Adela Rosales<\/span><span data-contrast=\"auto\"> y <\/span><span data-contrast=\"auto\">Nancy J\u00e1come \u00c1vila<\/span><span data-contrast=\"auto\">, reci\u00e9n egresadas de la licenciatura,<\/span><span data-contrast=\"auto\"> a sumarse a<\/span><span data-contrast=\"auto\"> la investigaci\u00f3n que en aquel entonces desarrollaba (hace m\u00e1s de 20 a\u00f1os).<\/span><span data-contrast=\"auto\"> Asimismo, subray\u00f3 el trabajo, la amistad y solidaridad que se <\/span><span data-contrast=\"auto\">desencaden\u00f3 a partir de ese momento.<\/span><span data-ccp-props=\"{&quot;134233279&quot;:true,&quot;201341983&quot;:0,&quot;335559739&quot;:160,&quot;335559740&quot;:240}\">\u00a0<\/span><\/p>\n<p><span data-contrast=\"auto\">\u00a0\u201c\u00c9se fue el inicio de una carrera \u2013para m\u00ed\u2013 muy fruct\u00edfera, porque Oliva era una persona muy bien formada y dedicada a su trabajo; sobre todo, me ayudaba a ordenar y limpiar todo lo que deb\u00eda estar bien estructurado.\u201d<\/span><span data-ccp-props=\"{&quot;134233279&quot;:true,&quot;201341983&quot;:0,&quot;335559731&quot;:708,&quot;335559739&quot;:160,&quot;335559740&quot;:240}\">\u00a0<\/span><\/p>\n<p><span data-contrast=\"auto\">Dijo que ella <\/span><span data-contrast=\"auto\">contribuy\u00f3 e<\/span><span data-contrast=\"auto\">n varios trabajos <\/span><span data-contrast=\"auto\">mismos<\/span><span data-contrast=\"auto\"> que fueron publicados, principalmente en lo que se refiere a trayectorias escolares. \u201cElla fue un pilar en la estructuraci\u00f3n de un paquete de c\u00f3mputo llamado Sistema de Consulta de Perfil de Ingreso, junto con Juan Carlos (Ortega Guerrero) controlaba que todo estuviera bien\u201d.<\/span><span data-ccp-props=\"{&quot;134233279&quot;:true,&quot;201341983&quot;:0,&quot;335559731&quot;:708,&quot;335559739&quot;:160,&quot;335559740&quot;:240}\">\u00a0<\/span><\/p>\n<p><span data-contrast=\"auto\">Un recuerdo m\u00e1s de <\/span><span data-contrast=\"auto\">Ragueb<\/span> <span data-contrast=\"auto\">Chain<\/span><span data-contrast=\"auto\"> es la elaboraci\u00f3n de la Carpeta Electr\u00f3nica del Tutor, cuando las tutor\u00edas empezaban a ser relevantes para las autoridades universitarias. Asimismo, destac\u00f3 que mientras se desarroll<\/span><span data-contrast=\"auto\">\u00f3 <\/span><span data-contrast=\"auto\">una serie de proyectos acad\u00e9micos como grupo de trabajo, <\/span><span data-contrast=\"auto\">Oliva Adela Rosales<\/span><span data-contrast=\"auto\"> tambi\u00e9n fue mam\u00e1 y protagoniz\u00f3 <\/span><span data-contrast=\"auto\">otras actividades m\u00e1s<\/span><span data-contrast=\"auto\"> en su vida personal<\/span><span data-contrast=\"auto\">.<\/span><span data-ccp-props=\"{&quot;134233279&quot;:true,&quot;201341983&quot;:0,&quot;335559731&quot;:708,&quot;335559739&quot;:160,&quot;335559740&quot;:240}\">\u00a0<\/span><\/p>\n<p><span data-contrast=\"auto\">Por su parte, el c<\/span><span data-contrast=\"auto\">oordinador <\/span><span data-contrast=\"auto\">del CIIES, Juan Carlos Ortega, <\/span><span data-contrast=\"auto\">remarc\u00f3<\/span><span data-contrast=\"auto\"> las aportaciones de<\/span> <span data-contrast=\"auto\">Oliva Adela Rosales<\/span><span data-contrast=\"auto\"> a investigaciones <\/span><span data-contrast=\"auto\">que como equipo de trabajo han desarrollado <\/span><span data-contrast=\"auto\">en lo que se refiere a orden y sistem<\/span><span data-contrast=\"auto\">atizaci\u00f3n de datos. Labores que<\/span> <span data-contrast=\"auto\">en la academia no <\/span><span data-contrast=\"auto\">siempre son <\/span><span data-contrast=\"auto\">visibles.<\/span><span data-contrast=\"auto\"> \u201cSiempre destacan los renombres y las personas que hacen mucho <\/span><span data-contrast=\"auto\">trabajo <\/span><span data-contrast=\"auto\">indispensable<\/span><span data-contrast=\"auto\"> quedan por ah\u00ed\u201d.<\/span><span data-ccp-props=\"{&quot;134233279&quot;:true,&quot;201341983&quot;:0,&quot;335559739&quot;:160,&quot;335559740&quot;:240}\">\u00a0<\/span><\/p>\n<p><span data-contrast=\"auto\">Nancy J\u00e1come <\/span><span data-contrast=\"auto\">comparti\u00f3 que la conoci\u00f3 desde que estudiaban la licenciatura y <\/span><span data-contrast=\"auto\">en<\/span><span data-contrast=\"auto\"> todos <\/span><span data-contrast=\"auto\">estos a\u00f1os de trabajo colaborativo le reconoci\u00f3 lo ordenada que era como acad\u00e9mica, as\u00ed como la honestidad y justicia con la que se conduc\u00eda.<\/span><span data-ccp-props=\"{&quot;134233279&quot;:true,&quot;201341983&quot;:0,&quot;335559739&quot;:160,&quot;335559740&quot;:240}\">\u00a0<\/span><\/p>\n<p><span data-contrast=\"auto\">\u201cTen\u00eda un car\u00e1cter <\/span><span data-contrast=\"auto\">fuerte, pero era alguien que acad\u00e9micament<\/span><span data-contrast=\"auto\">e le gustaba mucho lo que hac\u00eda,<\/span><span data-contrast=\"auto\"> siempre expres\u00f3 que le hab\u00eda atinado con haber estudiado estad\u00edstica. Algo que siempre recuerdo <\/span><span data-contrast=\"auto\">es que <\/span><span data-contrast=\"auto\">fue muy insistente<\/span><span data-contrast=\"auto\"> y<\/span><span data-contrast=\"auto\"> aguda para hacer las cosas en cuanto a lo acad\u00e9mico. En <\/span><span data-contrast=\"auto\">general,<\/span><span data-contrast=\"auto\"> tener su amistad fue un honor; haberla tenido cerca y observar esa f<\/span><span data-contrast=\"auto\">ortaleza de car\u00e1cter<\/span><span data-contrast=\"auto\">,<\/span><span data-contrast=\"auto\"> muy clara \u2013<\/span><span data-contrast=\"auto\">porque<\/span> <span data-contrast=\"auto\">era muy radical, era \u2018s\u00ed o no\u2019<\/span><span data-contrast=\"auto\">\u2013<\/span><span data-contrast=\"auto\"> fue alg<\/span><span data-contrast=\"auto\">uien<\/span><span data-contrast=\"auto\"> excelente. Acad\u00e9micamente la Universidad perdi\u00f3 algo importante.\u201d<\/span><\/p>\n<div id=\"attachment_67630\" style=\"width: 732px\" class=\"wp-caption aligncenter\"><a href=\"https:\/\/www.uv.mx\/prensa\/files\/2019\/05\/100519-Oliva-Rosales-2.jpg\"><img loading=\"lazy\" decoding=\"async\" aria-describedby=\"caption-attachment-67630\" class=\"size-full wp-image-67630\" src=\"https:\/\/www.uv.mx\/prensa\/files\/2019\/05\/100519-Oliva-Rosales-2.jpg\" alt=\"\" width=\"722\" height=\"481\" srcset=\"https:\/\/www.uv.mx\/prensa\/files\/2019\/05\/100519-Oliva-Rosales-2.jpg 722w, https:\/\/www.uv.mx\/prensa\/files\/2019\/05\/100519-Oliva-Rosales-2-300x200.jpg 300w\" sizes=\"auto, (max-width: 722px) 100vw, 722px\" \/><\/a><p id=\"caption-attachment-67630\" class=\"wp-caption-text\">Compa\u00f1eros de trabajo del CIIES le recuerdan por su amistad y compromiso<\/p><\/div>\n<p><span data-contrast=\"auto\">Asimismo, <\/span><span data-contrast=\"auto\">Roc\u00edo L\u00f3pez Gonz\u00e1lez<\/span><span data-contrast=\"auto\">, tambi\u00e9n investigadora del CIIES, resalt\u00f3 el compromiso de <\/span><span data-contrast=\"auto\">Oliva Adela <\/span><span data-contrast=\"auto\">con los estudiantes, lo cual vivi<\/span><span data-contrast=\"auto\">\u00f3 en carne propia; <\/span><span data-contrast=\"auto\">mientras <\/span><span data-contrast=\"auto\">Nadia Denise Hern\u00e1ndez y Hern\u00e1ndez<\/span><span data-contrast=\"auto\">, tambi\u00e9n adscrita a<\/span><span data-contrast=\"auto\">l c<\/span><span data-contrast=\"auto\">entro, la recuerda como una mujer de car\u00e1cter \u201cduro\u201d, pero una vez que se lograba tener u<\/span><span data-contrast=\"auto\">n contacto m\u00e1s estrecho <\/span><span data-contrast=\"auto\">se romp\u00eda tal barrera y permit\u00eda conocer a una person<\/span><span data-contrast=\"auto\">a comprometida con su trabajo.<\/span><span data-ccp-props=\"{&quot;134233279&quot;:true,&quot;201341983&quot;:0,&quot;335559739&quot;:160,&quot;335559740&quot;:240}\">\u00a0<\/span><\/p>\n<p><span data-contrast=\"auto\">\u201c<\/span><span data-contrast=\"auto\">C<\/span><span data-contrast=\"auto\">uando sea grande quiero ser como ella, poder decir las cosas de manera directa, sin tapujos y sin perder la amistad, algo que dif\u00edcilmente logramos<\/span><span data-contrast=\"auto\">. Fue un honor conocerla<\/span><span data-contrast=\"auto\">\u201d,<\/span> <span data-contrast=\"auto\">comparti\u00f3<\/span> <span data-contrast=\"auto\">Nadia Denise<\/span><span data-contrast=\"auto\">.<\/span><span data-ccp-props=\"{&quot;134233279&quot;:true,&quot;201341983&quot;:0,&quot;335559731&quot;:708,&quot;335559739&quot;:160,&quot;335559740&quot;:240}\">\u00a0<\/span><\/p>\n<p><span data-contrast=\"auto\">Judith Portilla Montiel, jubilada de la UV, relat\u00f3 que conoci\u00f3 a Oliva Adela Rosales cuando \u00e9sta era muy jovencita e iniciaba sus labores en la <\/span><span data-contrast=\"auto\">instituci\u00f3n<\/span><span data-contrast=\"auto\">: \u201cLa describir\u00eda como un gran ser humano, muy tenaz, responsable y adem\u00e1s comprometida con todo lo que emprend\u00eda\u201d.<\/span><span data-ccp-props=\"{&quot;134233279&quot;:true,&quot;201341983&quot;:0,&quot;335559731&quot;:708,&quot;335559739&quot;:160,&quot;335559740&quot;:240}\">\u00a0<\/span><\/p>\n<p><span data-contrast=\"auto\">R<\/span><span data-contrast=\"auto\">ecord\u00f3 que <\/span><span data-contrast=\"auto\">era la proveedora de datos que <\/span><span data-contrast=\"auto\">Oliva Adela<\/span> <span data-contrast=\"auto\">sistematizaba, por eso aprovech\u00f3 la ocasi\u00f3<\/span><span data-contrast=\"auto\">n para externar agradecimiento por compartirle los resultados y visibilizar que el esfuerzo de ambas ten\u00eda sentido y valor en una investigaci\u00f3n.<\/span><span data-ccp-props=\"{&quot;134233279&quot;:true,&quot;201341983&quot;:0,&quot;335559739&quot;:160,&quot;335559740&quot;:240}\">\u00a0<\/span><\/p>\n<p><span data-contrast=\"auto\">\u201cNo era una persona d\u00f3cil. Era l\u00edder. A veces, nos coordinaba a muchos en actividades y con mucha efectividad, porque ten\u00eda un <\/span><span data-contrast=\"auto\">razonamiento muy ordenado, estructurado. Eso le permit\u00eda dirigir a un grupo de personas, todas diferentes, <\/span><span data-contrast=\"auto\">con muy buenos resultados. Le tengo admiraci\u00f3n.\u201d<\/span><span data-ccp-props=\"{&quot;134233279&quot;:true,&quot;201341983&quot;:0,&quot;335559739&quot;:160,&quot;335559740&quot;:240}\">\u00a0<\/span><\/p>\n<p><span data-contrast=\"auto\">La acad\u00e9mica jubilada comparti\u00f3 una an\u00e9cdota que habla de la persona que fue <\/span><span data-contrast=\"auto\">su compa\u00f1era de trabajo: <\/span><span data-contrast=\"auto\">\u201c<\/span><span data-contrast=\"auto\">En el <\/span><span data-contrast=\"auto\">C<\/span><span data-contrast=\"auto\">ampus<\/span><span data-contrast=\"auto\"> Sur de la UV habitan cacomiztles y mientras<\/span> <span data-contrast=\"auto\">Judith Portilla era de la idea de que no deber\u00eda fomentarse que se proliferaran, incluso que habitaran hasta en los cub\u00edculos, <\/span><span data-contrast=\"auto\">Oliva Adela <\/span><span data-contrast=\"auto\">era defensora. <\/span><span data-contrast=\"auto\">Era su forma de ver la naturaleza, los seres vivos y eso es muy <\/span><span data-contrast=\"auto\">valioso<\/span><span data-contrast=\"auto\">\u201d.<\/span><span data-ccp-props=\"{&quot;134233279&quot;:true,&quot;201341983&quot;:0,&quot;335559739&quot;:160,&quot;335559740&quot;:240}\">\u00a0<\/span><\/p>\n<p><span data-contrast=\"auto\">Finalmente, el tambi\u00e9n investigador del <\/span><span data-contrast=\"auto\">CIIES<\/span><span data-contrast=\"auto\">, <\/span><span data-contrast=\"auto\">Miguel <\/span><span data-contrast=\"auto\">\u00c1ngel<\/span><span data-contrast=\"auto\"> Casillas Alvarado<\/span><span data-contrast=\"auto\">, expuso que ante tales acontecimientos hay un duelo familiar, <\/span><span data-contrast=\"auto\">pero tambi\u00e9n uno institucional.<\/span><span data-ccp-props=\"{&quot;134233279&quot;:true,&quot;201341983&quot;:0,&quot;335559739&quot;:160,&quot;335559740&quot;:240}\">\u00a0<\/span><\/p>\n<p><span data-contrast=\"auto\">M\u00e1s all\u00e1 de la vida persona<\/span><span data-contrast=\"auto\">l<\/span><span data-contrast=\"auto\">, \u201chay otra dimensi\u00f3n que es la del trabajo, donde pasamos toda la vida, todo el d\u00eda, a veces estamos m\u00e1s tiempo en el trabajo que en nuestras casas<\/span><span data-contrast=\"auto\">;<\/span><span data-contrast=\"auto\"> por lo tanto, el tipo de interacciones y v\u00ednculos con las personas que t<\/span><span data-contrast=\"auto\">rabajas es fuerte, estrecho,<\/span><span data-contrast=\"auto\"> genera amistad, cari\u00f1o\u201d.<\/span><span data-ccp-props=\"{&quot;134233279&quot;:true,&quot;201341983&quot;:0,&quot;335559739&quot;:160,&quot;335559740&quot;:240}\">\u00a0<\/span><\/p>\n<p><span data-contrast=\"auto\">Al igual que <\/span><span data-contrast=\"auto\">Ragueb<\/span> <span data-contrast=\"auto\">Chain<\/span><span data-contrast=\"auto\"> y Juan Carlos Ortega, hizo hincapi\u00e9 en el valor que ten\u00eda el trabajo que realiz\u00f3 <\/span><span data-contrast=\"auto\">Oliva Adela<\/span><span data-contrast=\"auto\">: \u201cTodas las operaciones estad\u00edsticas, <\/span><span data-contrast=\"auto\">los <\/span><span data-contrast=\"auto\">an\u00e1lisis de bases de datos era un trabajo<\/span><span data-contrast=\"auto\"> que estaba atr\u00e1s, poco visible;<\/span><span data-contrast=\"auto\"> sin embargo, indispensable para que <\/span><span data-contrast=\"auto\">los investigadores <\/span><span data-contrast=\"auto\">podamos <\/span><span data-contrast=\"auto\">publicar nuestros art\u00edculos\u201d.<\/span><span data-ccp-props=\"{&quot;134233279&quot;:true,&quot;201341983&quot;:0,&quot;335559739&quot;:160,&quot;335559740&quot;:240}\">\u00a0<\/span><\/p>\n<p><span data-contrast=\"auto\">Para <\/span><span data-contrast=\"auto\">Miguel \u00c1ngel Casillas<\/span><span data-contrast=\"auto\">,<\/span> <span data-contrast=\"auto\">de alguna manera<\/span> <span data-contrast=\"auto\">la UV necesita<\/span> <span data-contrast=\"auto\">rendir homenaje a sus trabajadores en general, no <\/span><span data-contrast=\"auto\">s\u00f3lo a los grandes funcionarios, toda vez que <\/span><span data-contrast=\"auto\">\u201c<\/span><span data-contrast=\"auto\">l<\/span><span data-contrast=\"auto\">a Universidad pierde tanto cuando <\/span><span data-contrast=\"auto\">fallece<\/span><span data-contrast=\"auto\"> un rector o un funcionario, como cuando <\/span><span data-contrast=\"auto\">lo hace<\/span><span data-contrast=\"auto\"> un profesor\u201d.<\/span><\/p>\n<div id=\"attachment_67629\" style=\"width: 732px\" class=\"wp-caption aligncenter\"><a href=\"https:\/\/www.uv.mx\/prensa\/files\/2019\/05\/100519-Oliva-Rosales-3.jpg\"><img loading=\"lazy\" decoding=\"async\" aria-describedby=\"caption-attachment-67629\" class=\"size-full wp-image-67629\" src=\"https:\/\/www.uv.mx\/prensa\/files\/2019\/05\/100519-Oliva-Rosales-3.jpg\" alt=\"\" width=\"722\" height=\"481\" srcset=\"https:\/\/www.uv.mx\/prensa\/files\/2019\/05\/100519-Oliva-Rosales-3.jpg 722w, https:\/\/www.uv.mx\/prensa\/files\/2019\/05\/100519-Oliva-Rosales-3-300x200.jpg 300w\" sizes=\"auto, (max-width: 722px) 100vw, 722px\" \/><\/a><p id=\"caption-attachment-67629\" class=\"wp-caption-text\">Juan Carlos Ortega y Ragueb Chain externaron su duelo por el fallecimiento de Oliva Adela Rosales<\/p><\/div>\n","protected":false},"excerpt":{"rendered":"<p>\u201cFue un honor haberla tenido cerca y observar esa fortaleza de car\u00e1cter, muy clara, fue alguien excelente. Acad\u00e9micamente la Universidad perdi\u00f3 algo importante\u201d <\/p>\n","protected":false},"author":1775,"featured_media":67742,"comment_status":"closed","ping_status":"closed","sticky":false,"template":"","format":"standard","meta":{"footnotes":""},"categories":[61],"tags":[523,1627,1628,3076,3145,4224,11948,33649,33648,1460],"class_list":["post-67647","post","type-post","status-publish","format-standard","has-post-thumbnail","hentry","category-banner","tag-academica","tag-centro-de-investigacion-e-innovacion-en-educacion-superior","tag-ciies","tag-dgi","tag-direccion-general-de-investigaciones","tag-karina-de-la-paz-reyes","tag-licenciatura-en-estadistica","tag-maestria-en-ciencias-educativas","tag-oliva-adela-rosales-rodriguez","tag-universidad-autonoma-de-baja-california"],"_links":{"self":[{"href":"https:\/\/www.uv.mx\/prensa\/wp-json\/wp\/v2\/posts\/67647","targetHints":{"allow":["GET"]}}],"collection":[{"href":"https:\/\/www.uv.mx\/prensa\/wp-json\/wp\/v2\/posts"}],"about":[{"href":"https:\/\/www.uv.mx\/prensa\/wp-json\/wp\/v2\/types\/post"}],"author":[{"embeddable":true,"href":"https:\/\/www.uv.mx\/prensa\/wp-json\/wp\/v2\/users\/1775"}],"replies":[{"embeddable":true,"href":"https:\/\/www.uv.mx\/prensa\/wp-json\/wp\/v2\/comments?post=67647"}],"version-history":[{"count":1,"href":"https:\/\/www.uv.mx\/prensa\/wp-json\/wp\/v2\/posts\/67647\/revisions"}],"predecessor-version":[{"id":170070,"href":"https:\/\/www.uv.mx\/prensa\/wp-json\/wp\/v2\/posts\/67647\/revisions\/170070"}],"wp:featuredmedia":[{"embeddable":true,"href":"https:\/\/www.uv.mx\/prensa\/wp-json\/wp\/v2\/media\/67742"}],"wp:attachment":[{"href":"https:\/\/www.uv.mx\/prensa\/wp-json\/wp\/v2\/media?parent=67647"}],"wp:term":[{"taxonomy":"category","embeddable":true,"href":"https:\/\/www.uv.mx\/prensa\/wp-json\/wp\/v2\/categories?post=67647"},{"taxonomy":"post_tag","embeddable":true,"href":"https:\/\/www.uv.mx\/prensa\/wp-json\/wp\/v2\/tags?post=67647"}],"curies":[{"name":"wp","href":"https:\/\/api.w.org\/{rel}","templated":true}]}}