{"id":67645,"date":"2019-05-10T20:23:45","date_gmt":"2019-05-11T01:23:45","guid":{"rendered":"https:\/\/www.uv.mx\/prensa\/?p=67645"},"modified":"2019-05-08T20:25:38","modified_gmt":"2019-05-09T01:25:38","slug":"cuarto-trimestre-clave-para-el-desarrollo-neurofisiologico-y-metabolico-del-bebe","status":"publish","type":"post","link":"https:\/\/www.uv.mx\/prensa\/ciencia\/cuarto-trimestre-clave-para-el-desarrollo-neurofisiologico-y-metabolico-del-bebe\/","title":{"rendered":"Cuarto trimestre, clave para el desarrollo neurofisiol\u00f3gico y metab\u00f3lico del beb\u00e9"},"content":{"rendered":"<ul>\n<li data-leveltext=\"\uf0b7\" data-font=\"Symbol\" data-listid=\"1\" data-aria-posinset=\"1\" data-aria-level=\"1\"><i><span data-contrast=\"auto\">En la actualidad los casos de depresi\u00f3n post-parto son m\u00e1s visibles, debido a que las <\/span><\/i><i><span data-contrast=\"auto\">mujeres hacen<\/span><\/i><i><span data-contrast=\"auto\"> las actividades de crianza en solitario<\/span><\/i><span data-ccp-props=\"{&quot;134233279&quot;:true}\">\u00a0<\/span><\/li>\n<\/ul>\n<p>&nbsp;<\/p>\n<div id=\"attachment_67640\" style=\"width: 732px\" class=\"wp-caption aligncenter\"><a href=\"https:\/\/www.uv.mx\/prensa\/files\/2019\/05\/070519-Conferencia-Cuarto-trimestre.jpg\"><img loading=\"lazy\" decoding=\"async\" aria-describedby=\"caption-attachment-67640\" class=\"size-full wp-image-67640\" src=\"https:\/\/www.uv.mx\/prensa\/files\/2019\/05\/070519-Conferencia-Cuarto-trimestre.jpg\" alt=\"\" width=\"722\" height=\"478\" srcset=\"https:\/\/www.uv.mx\/prensa\/files\/2019\/05\/070519-Conferencia-Cuarto-trimestre.jpg 722w, https:\/\/www.uv.mx\/prensa\/files\/2019\/05\/070519-Conferencia-Cuarto-trimestre-300x199.jpg 300w\" sizes=\"auto, (max-width: 722px) 100vw, 722px\" \/><\/a><p id=\"caption-attachment-67640\" class=\"wp-caption-text\">Alejandra N\u00fa\u00f1ez, investigadora de la UV<\/p><\/div>\n<p><span data-ccp-props=\"{}\" data-contrast=\"auto\">\u00a0<\/span><\/p>\n<p><b><i><span data-contrast=\"auto\">Paola Cort\u00e9s P\u00e9rez<\/span><\/i><\/b><span data-ccp-props=\"{}\">\u00a0<\/span><\/p>\n<p><b><i><span data-contrast=\"auto\">10<\/span><\/i><\/b><b><i><span data-contrast=\"auto\">\/05\/<\/span><\/i><\/b><b><i><span data-contrast=\"auto\">19, Xalapa, Ver.-<\/span><\/i><\/b> <span data-contrast=\"auto\">Al nacer, los humanos son el primate menos<\/span><span data-contrast=\"auto\"> maduro neurol\u00f3gicamente y el m\u00e1<\/span><span data-contrast=\"auto\">s dependiente de sus cuidadoras, por ello<\/span><span data-contrast=\"auto\"> el cuarto trimestre despu\u00e9s de<\/span><span data-contrast=\"auto\">l<\/span><span data-contrast=\"auto\"> nacimiento es considerado cr\u00edtico y relevante, se\u00f1al\u00f3 Alejandra N\u00fa\u00f1ez de la Mora, <\/span><span data-contrast=\"auto\">adscrita al Instituto de Investigaciones Psicol\u00f3gicas de la Universidad Veracruzana (UV).<\/span><span data-ccp-props=\"{}\">\u00a0<\/span><\/p>\n<p><span data-contrast=\"auto\">La investigadora particip\u00f3<\/span><span data-contrast=\"auto\"> con la conferencia \u201cEl cuarto trimestre, una perspectiva evolutiva de la salud materno-infantil\u201d en el <\/span><span data-contrast=\"auto\">2<\/span><span data-contrast=\"auto\">\u00ba <\/span><span data-contrast=\"auto\">Congreso de Salud Sexual y Reproductiva, organizado por la Cl\u00ednica de Salud Reproductiva y Sexual de la UV.<\/span><span data-ccp-props=\"{&quot;335559731&quot;:567}\">\u00a0<\/span><\/p>\n<p><span data-contrast=\"auto\">Explic\u00f3 que el cuarto trimestre es el periodo de transici\u00f3n que ocurre posterior al nacimiento, durante los primeros meses de vida fuera del <\/span><span data-contrast=\"auto\">\u00fatero<\/span><span data-contrast=\"auto\"> materno, y tambi\u00e9n corresponde a los primeros meses de vida como madre.<\/span><span data-ccp-props=\"{&quot;335559731&quot;:567}\">\u00a0<\/span><\/p>\n<p><span data-contrast=\"auto\">\u201c<\/span><span data-contrast=\"auto\">En <\/span><span data-contrast=\"auto\">enfermer\u00eda de la maternidad<\/span><span data-contrast=\"auto\">, depresi\u00f3n post-parto<\/span><span data-contrast=\"auto\"> se refiere al periodo<\/span><span data-contrast=\"auto\"> comprendido<\/span><span data-contrast=\"auto\"> de <\/span><span data-contrast=\"auto\">tres a seis mes<\/span><span data-contrast=\"auto\">es <\/span><span data-contrast=\"auto\">despu\u00e9s de dar a luz<\/span><span data-contrast=\"auto\">, la mujer transita a un nuevo estado fisiol\u00f3gico, psicol\u00f3gico, emocional y sociocultural<\/span><span data-contrast=\"auto\">.\u201d<\/span><span data-ccp-props=\"{&quot;335559731&quot;:567}\">\u00a0<\/span><\/p>\n<p><span data-contrast=\"auto\">Tambi\u00e9n es un periodo considerado cr<\/span><span data-contrast=\"auto\">\u00ed<\/span><span data-contrast=\"auto\">tico porque es cuando en el <\/span><span data-contrast=\"auto\">reci\u00e9n <\/span><span data-contrast=\"auto\">nacido se manifiestan algunas condiciones cong\u00e9nitas, y tambi\u00e9n se da el desarrollo neurofisiol\u00f3gico y metab\u00f3lico que ser\u00e1n clave para el beb\u00e9.<\/span><span data-ccp-props=\"{&quot;335559731&quot;:567}\">\u00a0<\/span><\/p>\n<p><span data-contrast=\"auto\">\u201c<\/span><span data-contrast=\"auto\">Al nac<\/span><span data-contrast=\"auto\">er <\/span><span data-contrast=\"auto\">los humanos <\/span><span data-contrast=\"auto\">somos el primate menos maduro neurol\u00f3gicamente y <\/span><span data-contrast=\"auto\">el <\/span><span data-contrast=\"auto\">m\u00e1s dependiente en regulaci\u00f3n fisiol\u00f3gica por parte de sus cuidadoras<\/span><span data-contrast=\"auto\">; sin embargo,<\/span><span data-contrast=\"auto\"> nacemos con <\/span><span data-contrast=\"auto\">habilidades<\/span><span data-contrast=\"auto\"> de <\/span><span data-contrast=\"auto\">visi\u00f3n<\/span><span data-contrast=\"auto\"> y lectura de cara <\/span><span data-contrast=\"auto\">superiores<\/span> <span data-contrast=\"auto\">a<\/span> <span data-contrast=\"auto\">l<\/span><span data-contrast=\"auto\">as<\/span><span data-contrast=\"auto\"> de <\/span><span data-contrast=\"auto\">cualquier<\/span><span data-contrast=\"auto\"> otro primate<\/span><span data-contrast=\"auto\">.\u201d<\/span><span data-ccp-props=\"{&quot;335559731&quot;:567}\">\u00a0<\/span><\/p>\n<p><span data-contrast=\"auto\">\u00bfQu\u00e9 pasa con la situaci\u00f3n del puerperio y la salud infantil en M\u00e9xico?<\/span><span data-contrast=\"auto\"> Alejandra N\u00fa\u00f1ez dijo que <\/span><span data-contrast=\"auto\">se tienen pocas estad\u00edsticas e informaci\u00f3n<\/span><span data-contrast=\"auto\"> sobre la salud de las madres y de los infantes<\/span><span data-contrast=\"auto\">.<\/span><span data-ccp-props=\"{&quot;335559731&quot;:567}\">\u00a0<\/span><\/p>\n<p><span data-contrast=\"auto\">\u201cSabemos que hay complicaciones muy delicadas durante el parto, con un alarmante incremento en condiciones cr\u00f3nicas que <\/span><span data-contrast=\"auto\">provienen del embarazo (algunas se agravan o se mantienen), tambi\u00e9n hay poca informaci\u00f3n <\/span><span data-contrast=\"auto\">sobre la salud materna mental.\u201d<\/span><span data-ccp-props=\"{&quot;335559731&quot;:567}\">\u00a0<\/span><\/p>\n<p><span data-contrast=\"auto\">A\u00f1adi\u00f3 que las pocas evidencias que existen muestran <\/span><span data-contrast=\"auto\">que<\/span><span data-contrast=\"auto\">,<\/span><span data-contrast=\"auto\"> en nuestro pa\u00eds, independientemente de las complicaciones, el 70 por ciento de las mujeres no tuvo una revisi\u00f3n posterior al parto.<\/span><span data-ccp-props=\"{&quot;335559731&quot;:567}\">\u00a0<\/span><\/p>\n<p><span data-contrast=\"auto\">Alejandra N\u00fa\u00f1ez <\/span><span data-contrast=\"auto\">coment\u00f3 que en la actualidad los casos de depresi\u00f3n post-parto <\/span><span data-contrast=\"auto\">son m\u00e1s visibles, <\/span><span data-contrast=\"auto\">debido a que las mujeres hacen todas las actividades de crianza en un contexto de soledad.<\/span><span data-ccp-props=\"{&quot;335559731&quot;:567}\">\u00a0<\/span><\/p>\n<p><span data-contrast=\"auto\">\u201cDespu\u00e9s de todo lo sucedido durante el embarazo, despu\u00e9s del parto, con todos los cambios fisiol\u00f3gicos y hormonales,<\/span><span data-contrast=\"auto\"> se tiene<\/span><span data-contrast=\"auto\">n<\/span><span data-contrast=\"auto\"> expectativas sobre la maternidad<\/span><span data-contrast=\"auto\"> y<\/span><span data-contrast=\"auto\"> todas estas nociones han impactado en lo que tiene que ser y hacer una madre.\u201d<\/span><span data-ccp-props=\"{&quot;335559731&quot;:567}\">\u00a0<\/span><\/p>\n<p><span data-contrast=\"auto\">Los pocos estudios muestran que los principales factores de riesgo detectados son el bajo apoyo social y la crianza en solitario<\/span><span data-contrast=\"auto\">, sin un grupo de apoyo<\/span><span data-contrast=\"auto\"> o sin pareja.<\/span><span data-ccp-props=\"{&quot;335559731&quot;:567}\">\u00a0<\/span><\/p>\n","protected":false},"excerpt":{"rendered":"<p>\u201cEn enfermer\u00eda de la maternidad, depresi\u00f3n post-parto se refiere al periodo comprendido de tres a seis meses despu\u00e9s de dar a luz\u201d: Alejandra N\u00fa\u00f1ez de la Mora\u00a0<\/p>\n","protected":false},"author":1508,"featured_media":67640,"comment_status":"closed","ping_status":"closed","sticky":false,"template":"","format":"standard","meta":{"footnotes":""},"categories":[45],"tags":[],"class_list":["post-67645","post","type-post","status-publish","format-standard","has-post-thumbnail","hentry","category-ciencia"],"_links":{"self":[{"href":"https:\/\/www.uv.mx\/prensa\/wp-json\/wp\/v2\/posts\/67645","targetHints":{"allow":["GET"]}}],"collection":[{"href":"https:\/\/www.uv.mx\/prensa\/wp-json\/wp\/v2\/posts"}],"about":[{"href":"https:\/\/www.uv.mx\/prensa\/wp-json\/wp\/v2\/types\/post"}],"author":[{"embeddable":true,"href":"https:\/\/www.uv.mx\/prensa\/wp-json\/wp\/v2\/users\/1508"}],"replies":[{"embeddable":true,"href":"https:\/\/www.uv.mx\/prensa\/wp-json\/wp\/v2\/comments?post=67645"}],"version-history":[{"count":0,"href":"https:\/\/www.uv.mx\/prensa\/wp-json\/wp\/v2\/posts\/67645\/revisions"}],"wp:featuredmedia":[{"embeddable":true,"href":"https:\/\/www.uv.mx\/prensa\/wp-json\/wp\/v2\/media\/67640"}],"wp:attachment":[{"href":"https:\/\/www.uv.mx\/prensa\/wp-json\/wp\/v2\/media?parent=67645"}],"wp:term":[{"taxonomy":"category","embeddable":true,"href":"https:\/\/www.uv.mx\/prensa\/wp-json\/wp\/v2\/categories?post=67645"},{"taxonomy":"post_tag","embeddable":true,"href":"https:\/\/www.uv.mx\/prensa\/wp-json\/wp\/v2\/tags?post=67645"}],"curies":[{"name":"wp","href":"https:\/\/api.w.org\/{rel}","templated":true}]}}