{"id":67440,"date":"2019-05-06T15:02:33","date_gmt":"2019-05-06T20:02:33","guid":{"rendered":"https:\/\/www.uv.mx\/prensa\/?p=67440"},"modified":"2019-05-06T15:07:48","modified_gmt":"2019-05-06T20:07:48","slug":"estudiantes-de-fcas-presentaran-campana-mi-apoyo-en-tutorias-uv","status":"publish","type":"post","link":"https:\/\/www.uv.mx\/prensa\/eventos\/estudiantes-de-fcas-presentaran-campana-mi-apoyo-en-tutorias-uv\/","title":{"rendered":"Estudiantes de FCAS presentar\u00e1n campa\u00f1a \u201cMi apoyo en tutor\u00edas UV\u201d"},"content":{"rendered":"<ul>\n<li><i><span data-contrast=\"auto\">Se trata de<\/span><\/i><i><span data-contrast=\"auto\"> un <\/span><\/i><i><span data-contrast=\"auto\">proyect<\/span><\/i><i><span data-contrast=\"auto\">o<\/span><\/i><i><span data-contrast=\"auto\">, cuyo objetivo es destacar los beneficios\u00a0<\/span><\/i><i><span data-contrast=\"auto\">de este programa de seguimiento acad\u00e9mico al que tienen\u00a0<\/span><\/i><i><span data-contrast=\"auto\">derecho todos los alumnos<\/span><\/i><\/li>\n<li><i><span data-contrast=\"auto\">E<\/span><\/i><i><span data-contrast=\"auto\">xpondr\u00e1n ejemplos de experiencias exitosas de tutorados<\/span><\/i><i><span data-contrast=\"auto\"> el\u00a0<\/span><\/i><i><span data-contrast=\"auto\">pr\u00f3ximo 24 de mayo, en la USBI-Xalapa, a las 10:00 horas<\/span><\/i><\/li>\n<\/ul>\n<p>&nbsp;<\/p>\n<div id=\"attachment_67444\" style=\"width: 732px\" class=\"wp-caption aligncenter\"><a href=\"https:\/\/www.uv.mx\/prensa\/files\/2019\/05\/060519-CARLOS-Mi-apoyo-en-tutorias-ok.jpg\"><img loading=\"lazy\" decoding=\"async\" aria-describedby=\"caption-attachment-67444\" class=\"size-full wp-image-67444\" src=\"https:\/\/www.uv.mx\/prensa\/files\/2019\/05\/060519-CARLOS-Mi-apoyo-en-tutorias-ok.jpg\" alt=\"\" width=\"722\" height=\"481\" srcset=\"https:\/\/www.uv.mx\/prensa\/files\/2019\/05\/060519-CARLOS-Mi-apoyo-en-tutorias-ok.jpg 722w, https:\/\/www.uv.mx\/prensa\/files\/2019\/05\/060519-CARLOS-Mi-apoyo-en-tutorias-ok-300x200.jpg 300w\" sizes=\"auto, (max-width: 722px) 100vw, 722px\" \/><\/a><p id=\"caption-attachment-67444\" class=\"wp-caption-text\">Ana Karen Cabrera y Josu\u00e9 Sosa<\/p><\/div>\n<p>&nbsp;<\/p>\n<p><b><i><span data-contrast=\"auto\">Carlos Hugo Hermida Rosales<\/span><\/i><\/b><span data-ccp-props=\"{}\">\u00a0<\/span><\/p>\n<p><b><i><span data-contrast=\"auto\">06\/05<\/span><\/i><\/b><b><i><span data-contrast=\"auto\">\/<\/span><\/i><\/b><b><i><span data-contrast=\"auto\">2019<\/span><\/i><\/b><b><i><span data-contrast=\"auto\">,<\/span><\/i><\/b> <b><i><span data-contrast=\"auto\">Xalapa, Ver.<\/span><\/i><\/b><b><i><span data-contrast=\"auto\">&#8211;<\/span><\/i><\/b> <span data-contrast=\"auto\">Estudiantes de la L<\/span><span data-contrast=\"auto\">icenciatura en Publicidad y Relaciones P\u00fablicas de la Facultad de Ciencias Administrativas y Sociales (FCAS) de la Universidad Veracruzana (UV), presentar\u00e1n el 24 de mayo en la sala de videoconferencias de la Unidad de Servicios Bibliotecarios y de Informaci\u00f3n (USBI) la campa\u00f1a <\/span><span data-contrast=\"auto\">\u201cMi apoyo en tutor\u00edas UV\u201d, que tiene por objetivo <\/span><span data-contrast=\"auto\">destacar<\/span><span data-contrast=\"auto\"> los beneficios del programa de tutor\u00edas <\/span><span data-contrast=\"auto\">acad\u00e9micas.<\/span><span data-ccp-props=\"{}\">\u00a0<\/span><\/p>\n<p><span data-contrast=\"auto\">Los j\u00f3venes agrupados en el colectivo <\/span><span data-contrast=\"auto\">Sinergo<\/span><span data-contrast=\"auto\"> S<\/span><span data-contrast=\"auto\">ecci\u00f3n <\/span><span data-contrast=\"auto\">R<\/span><span data-contrast=\"auto\">osa,<\/span><span data-contrast=\"auto\"> reali<\/span><span data-contrast=\"auto\">zar\u00e1<\/span><span data-contrast=\"auto\">n este evento como parte de <\/span><span data-contrast=\"auto\">las actividades acad\u00e9micas<\/span> <span data-contrast=\"auto\">de las experiencias educativas <\/span><span data-contrast=\"auto\">Campa\u00f1a Publicitaria y Desarrollo de eventos estrat\u00e9gicos.<\/span><span data-ccp-props=\"{&quot;335559731&quot;:708}\">\u00a0<\/span><\/p>\n<p><span data-contrast=\"auto\">Ana Karen Cabrera \u00c1lvarez, estudiante de la FCAS e integrante del colectivo<\/span><i><span data-contrast=\"auto\">, <\/span><\/i><span data-contrast=\"auto\">mencion\u00f3 que <\/span><span data-contrast=\"auto\">mediante<\/span><span data-contrast=\"auto\"> esta campa\u00f1a publicitaria dise\u00f1ar\u00e1n una estrategia para auxiliar al Departamento de Apoyo a la Formaci\u00f3n Integral del Estudiante de la UV, en la difusi\u00f3n de la importancia de las tutor\u00edas como estrategia para la formaci\u00f3n acad\u00e9mica y desarrollo integral del estudiante.<\/span><span data-ccp-props=\"{&quot;335559731&quot;:708}\">\u00a0<\/span><\/p>\n<p><span data-contrast=\"auto\">\u201cEn ocasiones los alumnos de la UV no muestran inter\u00e9s y no programan citas con sus tutores, por lo que esta campa\u00f1a promover\u00e1 una buena imagen del programa de tutor\u00edas para que los estudiantes asistan a ellas\u201d, declar\u00f3.<\/span><span data-ccp-props=\"{&quot;335559731&quot;:708}\">\u00a0<\/span><\/p>\n<p><span data-contrast=\"auto\">Josu\u00e9 Sosa Jim\u00e9nez, tambi\u00e9n del colectivo <\/span><span data-contrast=\"auto\">Sinergo<\/span><i><span data-contrast=\"auto\">, <\/span><\/i><span data-contrast=\"auto\">coment\u00f3 que las tutor\u00edas acad\u00e9micas se menosprecian por muchos motivos, entre ellos se encuentra el que generaciones de estudiantes mayores les dicen a estudiantes m\u00e1s j\u00f3venes que <\/span><span data-contrast=\"auto\">\u00e9<\/span><span data-contrast=\"auto\">stas no ayudan en nada.<\/span><span data-ccp-props=\"{&quot;335559731&quot;:708}\">\u00a0<\/span><\/p>\n<p><span data-contrast=\"auto\">\u201cCon esta campa\u00f1a se expondr\u00e1n ejemplos de experiencias exitosas de tutorados, para mostrar a lo<\/span><span data-contrast=\"auto\">s estudiantes que su tutor no s\u00f3<\/span><span data-contrast=\"auto\">lo puede apoyarlos en problemas acad\u00e9micos, sino <\/span><span data-contrast=\"auto\">ayudarlos <\/span><span data-contrast=\"auto\">para <\/span><span data-contrast=\"auto\">obtener alguna beca econ\u00f3mica o alguna <\/span><span data-contrast=\"auto\">experiencia<\/span><span data-contrast=\"auto\"> de intercambio<\/span><span data-contrast=\"auto\"> acad\u00e9mico<\/span><span data-contrast=\"auto\">\u201d, relat\u00f3.<\/span><span data-ccp-props=\"{&quot;335559731&quot;:708}\">\u00a0<\/span><\/p>\n<p><span data-contrast=\"auto\">La exposici\u00f3n de la campa\u00f1a \u201cMi apoyo en tutor\u00edas UV\u201d se <\/span><span data-contrast=\"auto\">realizar\u00e1<\/span><span data-contrast=\"auto\"> el 24 de mayo a las 10:00 horas en la<\/span> <span data-contrast=\"auto\">sala de videoconferencias de la <\/span><span data-contrast=\"auto\">USBI. <\/span><span data-contrast=\"auto\">La entrada est\u00e1 restringida a <\/span><span data-contrast=\"auto\">directivos<\/span><span data-contrast=\"auto\">, coordinadores de tutor\u00edas, tutores y tutorados.<\/span><span data-ccp-props=\"{&quot;335559731&quot;:708}\">\u00a0<\/span><\/p>\n","protected":false},"excerpt":{"rendered":"<p>Realizar\u00e1n este evento como parte de las actividades acad\u00e9micas de las experiencias educativas Campa\u00f1a Publicitaria y Desarrollo de eventos estrat\u00e9gicos<\/p>\n","protected":false},"author":1809,"featured_media":67444,"comment_status":"closed","ping_status":"closed","sticky":false,"template":"","format":"standard","meta":{"footnotes":""},"categories":[47],"tags":[],"class_list":["post-67440","post","type-post","status-publish","format-standard","has-post-thumbnail","hentry","category-eventos"],"_links":{"self":[{"href":"https:\/\/www.uv.mx\/prensa\/wp-json\/wp\/v2\/posts\/67440","targetHints":{"allow":["GET"]}}],"collection":[{"href":"https:\/\/www.uv.mx\/prensa\/wp-json\/wp\/v2\/posts"}],"about":[{"href":"https:\/\/www.uv.mx\/prensa\/wp-json\/wp\/v2\/types\/post"}],"author":[{"embeddable":true,"href":"https:\/\/www.uv.mx\/prensa\/wp-json\/wp\/v2\/users\/1809"}],"replies":[{"embeddable":true,"href":"https:\/\/www.uv.mx\/prensa\/wp-json\/wp\/v2\/comments?post=67440"}],"version-history":[{"count":0,"href":"https:\/\/www.uv.mx\/prensa\/wp-json\/wp\/v2\/posts\/67440\/revisions"}],"wp:featuredmedia":[{"embeddable":true,"href":"https:\/\/www.uv.mx\/prensa\/wp-json\/wp\/v2\/media\/67444"}],"wp:attachment":[{"href":"https:\/\/www.uv.mx\/prensa\/wp-json\/wp\/v2\/media?parent=67440"}],"wp:term":[{"taxonomy":"category","embeddable":true,"href":"https:\/\/www.uv.mx\/prensa\/wp-json\/wp\/v2\/categories?post=67440"},{"taxonomy":"post_tag","embeddable":true,"href":"https:\/\/www.uv.mx\/prensa\/wp-json\/wp\/v2\/tags?post=67440"}],"curies":[{"name":"wp","href":"https:\/\/api.w.org\/{rel}","templated":true}]}}