{"id":67410,"date":"2019-05-06T09:00:08","date_gmt":"2019-05-06T14:00:08","guid":{"rendered":"https:\/\/www.uv.mx\/prensa\/?p=67410"},"modified":"2019-05-03T20:05:17","modified_gmt":"2019-05-04T01:05:17","slug":"estudiantes-de-fcas-realizaran-el-evento-ilumina-enciende-nuevas-experiencias","status":"publish","type":"post","link":"https:\/\/www.uv.mx\/prensa\/general\/estudiantes-de-fcas-realizaran-el-evento-ilumina-enciende-nuevas-experiencias\/","title":{"rendered":"Estudiantes de FCAS realizar\u00e1n el evento   Ilumina: Enciende Nuevas Experiencias"},"content":{"rendered":"<ul>\n<li data-leveltext=\"\uf0b7\" data-font=\"Symbol\" data-listid=\"1\" data-aria-posinset=\"1\" data-aria-level=\"1\"><i><span data-contrast=\"auto\">Tendr\u00e1 lugar el pr\u00f3ximo 21 de mayo en<\/span><\/i><i><span data-contrast=\"auto\"> la<\/span><\/i><i><span data-contrast=\"auto\"> Galer\u00eda de Arte Contempor\u00e1neo<\/span><\/i><i><span data-contrast=\"auto\">, a las 18:00 horas<\/span><\/i><span data-ccp-props=\"{&quot;134233279&quot;:true,&quot;201341983&quot;:0,&quot;335559739&quot;:160,&quot;335559740&quot;:240}\">\u00a0<\/span><\/li>\n<li data-leveltext=\"\uf0b7\" data-font=\"Symbol\" data-listid=\"1\" data-aria-posinset=\"2\" data-aria-level=\"1\"><i><span data-contrast=\"auto\">Habr\u00e1 una mesa de di\u00e1logo con tres artistas internacionales, expertos en arte lum\u00ednico y una muestra <\/span><\/i><i><span data-contrast=\"auto\">de piezas art\u00edsticas<\/span><\/i><span data-ccp-props=\"{&quot;134233279&quot;:true,&quot;201341983&quot;:0,&quot;335559739&quot;:160,&quot;335559740&quot;:240}\">\u00a0<\/span><\/li>\n<\/ul>\n<p>&nbsp;<\/p>\n<div id=\"attachment_67411\" style=\"width: 477px\" class=\"wp-caption aligncenter\"><a href=\"https:\/\/www.uv.mx\/prensa\/files\/2019\/05\/030519-SENDA-FCAS-1.jpg\"><img loading=\"lazy\" decoding=\"async\" aria-describedby=\"caption-attachment-67411\" class=\"size-full wp-image-67411\" src=\"https:\/\/www.uv.mx\/prensa\/files\/2019\/05\/030519-SENDA-FCAS-1.jpg\" alt=\"\" width=\"467\" height=\"722\" srcset=\"https:\/\/www.uv.mx\/prensa\/files\/2019\/05\/030519-SENDA-FCAS-1.jpg 467w, https:\/\/www.uv.mx\/prensa\/files\/2019\/05\/030519-SENDA-FCAS-1-194x300.jpg 194w\" sizes=\"auto, (max-width: 467px) 100vw, 467px\" \/><\/a><p id=\"caption-attachment-67411\" class=\"wp-caption-text\">El 21 de mayo se desarrollar\u00e1 el evento Ilumina: Enciende Nuevas Experiencias<\/p><\/div>\n<p>&nbsp;<\/p>\n<p><b><i><span data-contrast=\"auto\">Claudia Peralta V\u00e1zquez<\/span><\/i><\/b><span data-ccp-props=\"{&quot;201341983&quot;:0,&quot;335559739&quot;:160,&quot;335559740&quot;:240}\">\u00a0<\/span><\/p>\n<p><b><i><span data-contrast=\"auto\">06\/05\/19, Xalapa, Ver.- <\/span><\/i><\/b><span data-contrast=\"auto\">Estudiantes de la Licenciatura en Publicidad y Relaciones P\u00fablicas de la Facultad de Ciencias Administrativas y Sociales (FCAS) de la Universidad Veracruzana (UV), r<\/span><span data-contrast=\"auto\">ealizar\u00e1n<\/span><span data-contrast=\"auto\"> el evento Ilumina: Enciende Nuevas Experiencias, el cual tendr\u00e1 lugar el martes 21 de mayo en la Galer\u00eda de Arte Contempor\u00e1neo, a las 18:00 horas.<\/span><span data-ccp-props=\"{&quot;201341983&quot;:0,&quot;335559739&quot;:160,&quot;335559740&quot;:240}\">\u00a0<\/span><\/p>\n<p><span data-contrast=\"auto\">Andr\u00e9s Vargas Chac\u00f3n<\/span><span data-contrast=\"auto\"> y Edison Sol\u00eds R\u00edos,<\/span><span data-contrast=\"auto\"> integran<\/span><span data-contrast=\"auto\">tes de<\/span><span data-contrast=\"auto\">l colectivo<\/span><span data-contrast=\"auto\"> Senda<\/span><span data-contrast=\"auto\"> Azul Cadete<\/span><span data-contrast=\"auto\"> sobre<\/span><span data-contrast=\"auto\"> Arte y Creatividad,<\/span><span data-contrast=\"auto\"> y<\/span><span data-contrast=\"auto\"> alumnos de<\/span><span data-contrast=\"auto\"> octavo semestre de este programa educativo (PE), <\/span><span data-contrast=\"auto\">destacaron que <\/span><span data-contrast=\"auto\">este foro es resultado de las expe<\/span><span data-contrast=\"auto\">riencias educativas (EE)<\/span><span data-contrast=\"auto\"> Campa\u00f1a Publicitaria y Desarrollo de Eventos Estrat\u00e9gicos<\/span><span data-contrast=\"auto\">.<\/span><span data-ccp-props=\"{&quot;201341983&quot;:0,&quot;335559731&quot;:708,&quot;335559739&quot;:160,&quot;335559740&quot;:240}\">\u00a0<\/span><\/p>\n<p><span data-contrast=\"auto\">Se desarrolla en el marco de otro evento general que es <\/span><span data-contrast=\"auto\">el Foro <\/span><span data-contrast=\"auto\">Emerge<\/span><span data-contrast=\"auto\"> 2019<\/span><span data-contrast=\"auto\">, el cual tendr\u00e1 lugar del 20 al 24 de mayo, y abarca los temas de: Arte y creatividad, Promoci\u00f3n de la salud, Derechos humanos y Justicia.<\/span><span data-ccp-props=\"{&quot;201341983&quot;:0,&quot;335559731&quot;:708,&quot;335559739&quot;:160,&quot;335559740&quot;:240}\">\u00a0<\/span><\/p>\n<p><span data-contrast=\"auto\">Por tanto, para ese d\u00eda<\/span><span data-contrast=\"auto\"> han <\/span><span data-contrast=\"auto\">programado una <\/span><span data-contrast=\"auto\">mesa de di\u00e1logo con la participaci\u00f3n de<\/span><span data-contrast=\"auto\"> tres<\/span><span data-contrast=\"auto\"> ponentes de tray<\/span><span data-contrast=\"auto\">ectoria internacional, quienes abordar\u00e1n \u201cEl arte lum\u00ednico como transform<\/span><span data-contrast=\"auto\">ador de los espacios p\u00fablicos\u201d.<\/span><span data-ccp-props=\"{&quot;201341983&quot;:0,&quot;335559731&quot;:708,&quot;335559739&quot;:160,&quot;335559740&quot;:240}\">\u00a0<\/span><\/p>\n<p><span data-contrast=\"auto\">Ellos <\/span><span data-contrast=\"auto\">son: Lorena Montiel, coordinadora de programaci\u00f3n <\/span><span data-contrast=\"auto\">en <\/span><span data-contrast=\"auto\">varias ediciones del Festival Internacional de las Luces de la Ciudad de M\u00e9xico; Mar <\/span><span data-contrast=\"auto\">Namira<\/span><span data-contrast=\"auto\">, organizadora de algunos colectivos de arte digital y lum\u00ednico; y Jaime Lobato, c<\/span><span data-contrast=\"auto\">ompositor, artista mul<\/span><span data-contrast=\"auto\">timedia y curador independien<\/span><span data-contrast=\"auto\">te, quien adem\u00e1s <\/span><span data-contrast=\"auto\">ese d\u00eda<\/span> <span data-contrast=\"auto\">presentar\u00e1 una m<\/span><span data-contrast=\"auto\">uestra de piezas art\u00edsticas de arte lum\u00ednico<\/span><span data-contrast=\"auto\">.<\/span><span data-ccp-props=\"{&quot;201341983&quot;:0,&quot;335559731&quot;:708,&quot;335559739&quot;:160,&quot;335559740&quot;:240}\">\u00a0<\/span><\/p>\n<p><span data-contrast=\"auto\">Andr\u00e9s Vargas <\/span><span data-contrast=\"auto\">dijo que<\/span> <span data-contrast=\"auto\">\u00e9sta es una oportunidad para <\/span><span data-contrast=\"auto\">aprecia<\/span><span data-contrast=\"auto\">r el trabajo que <\/span><span data-contrast=\"auto\">este artista <\/span><span data-contrast=\"auto\">ha expuesto en pa\u00edses como Per\u00fa, Espa\u00f1a, Alemania y Cuba.<\/span><span data-ccp-props=\"{&quot;201341983&quot;:0,&quot;335559731&quot;:708,&quot;335559739&quot;:160,&quot;335559740&quot;:240}\">\u00a0<\/span><\/p>\n<p><span data-contrast=\"auto\">A trav\u00e9s de esta mesa, los tres invitados <\/span><span data-contrast=\"auto\">discutir\u00e1<\/span><span data-contrast=\"auto\">n<\/span><span data-contrast=\"auto\"> sobre la <\/span><span data-contrast=\"auto\">imp<\/span><span data-contrast=\"auto\">ortancia del arte lum\u00ednico para <\/span><span data-contrast=\"auto\">revitalizar el impact<\/span><span data-contrast=\"auto\">o cultural de <\/span><span data-contrast=\"auto\">espacios p\u00fablicos, mismo que emplea <\/span><span data-contrast=\"auto\">la luz como medio de expresi\u00f3n<\/span><span data-contrast=\"auto\"> y cuya<\/span> <span data-contrast=\"auto\">novedad<\/span> <span data-contrast=\"auto\">se encuentra en la introducci\u00f3n del movimiento real co<\/span><span data-contrast=\"auto\">mo uno de los componentes de la <\/span><span data-contrast=\"auto\">obra<\/span><span data-contrast=\"auto\"> a la que se le introduce<\/span><span data-contrast=\"auto\"> luz artificial.<\/span><span data-ccp-props=\"{&quot;201341983&quot;:0,&quot;335559739&quot;:160,&quot;335559740&quot;:240}\">\u00a0<\/span><\/p>\n<p><span data-contrast=\"auto\">\u201c<\/span><span data-contrast=\"auto\">Dicho arte <\/span><span data-contrast=\"auto\">emerge de una nueva cultura que involucra m\u00e9t<\/span><span data-contrast=\"auto\">odos, procedimientos y recursos <\/span><span data-contrast=\"auto\">tecnol\u00f3gicos para lograr comunicaci\u00f3n est\u00e9tica<\/span><span data-contrast=\"auto\">.<\/span><span data-contrast=\"auto\">\u201d<\/span><span data-ccp-props=\"{&quot;201341983&quot;:0,&quot;335559731&quot;:708,&quot;335559739&quot;:160,&quot;335559740&quot;:240}\">\u00a0<\/span><\/p>\n<p><span data-contrast=\"auto\">Ambos j\u00f3venes consideraron que el arte lum\u00ednico en M\u00e9xico es algo <\/span><span data-contrast=\"auto\">reciente<\/span><span data-contrast=\"auto\">, por lo que es el momento exacto de darlo a conocer en Xalapa.<\/span><span data-ccp-props=\"{&quot;201341983&quot;:0,&quot;335559731&quot;:708,&quot;335559739&quot;:160,&quot;335559740&quot;:240}\">\u00a0<\/span><\/p>\n<p><span data-contrast=\"auto\">Compartieron <\/span><span data-contrast=\"auto\">que la organizaci\u00f3n de este evento ha representado una ardua labor que como futuros publirrelacionistas y profesionales los cultiva.<\/span><span data-ccp-props=\"{&quot;201341983&quot;:0,&quot;335559731&quot;:708,&quot;335559739&quot;:160,&quot;335559740&quot;:240}\">\u00a0<\/span><\/p>\n<p><span data-contrast=\"auto\">Edison Sol\u00eds agreg\u00f3 que tras haber desarrollado esta labor, descubri\u00f3 que hay mucho potencial y aprovechamiento en esas experiencias.<\/span><span data-ccp-props=\"{&quot;201341983&quot;:0,&quot;335559731&quot;:708,&quot;335559739&quot;:160,&quot;335559740&quot;:240}\">\u00a0<\/span><\/p>\n<p><span data-contrast=\"auto\">Cada semestre tienen la oportunidad de organizar uno o dos eventos y todos intentan tocar esos puntos de inserci\u00f3n del publirrelacionista.<\/span><span data-ccp-props=\"{&quot;201341983&quot;:0,&quot;335559731&quot;:708,&quot;335559739&quot;:160,&quot;335559740&quot;:240}\">\u00a0<\/span><\/p>\n<p><span data-contrast=\"auto\">\u201cAhora estamos h<\/span><span data-contrast=\"auto\">ablando de arte y creatividad, <\/span><span data-contrast=\"auto\">pero otros equipos abordan aspectos como salud o <\/span><span data-contrast=\"auto\">derechos humanos.\u201d<\/span><span data-ccp-props=\"{&quot;201341983&quot;:0,&quot;335559731&quot;:708,&quot;335559739&quot;:160,&quot;335559740&quot;:240}\">\u00a0<\/span><\/p>\n<p>&nbsp;<\/p>\n<p><b><span data-contrast=\"auto\">Senda. Publicidad y relaciones p\u00fablicas<\/span><\/b><span data-ccp-props=\"{&quot;201341983&quot;:0,&quot;335559731&quot;:708,&quot;335559739&quot;:160,&quot;335559740&quot;:240}\">\u00a0<\/span><\/p>\n<p><span data-contrast=\"auto\">Otro evento de FCAS es Interactiva: Arte diferente, tambi\u00e9n inmerso en el Foro Emerge.<\/span><span data-ccp-props=\"{&quot;201341983&quot;:0,&quot;335559731&quot;:708,&quot;335559739&quot;:160,&quot;335559740&quot;:240}\">\u00a0<\/span><\/p>\n<p><span data-contrast=\"auto\">Participar\u00e1n ponentes especializados en el tema de las nuevas formas de interacci\u00f3n con el arte y, como actividad complementaria, se realizar\u00e1 una muestra art\u00edstica para reforzar el acercamiento con el p\u00fablico.<\/span><span data-ccp-props=\"{&quot;201341983&quot;:0,&quot;335559731&quot;:708,&quot;335559739&quot;:160,&quot;335559740&quot;:240}\">\u00a0<\/span><\/p>\n<p><span data-contrast=\"auto\">La inauguraci\u00f3n ser\u00e1 a las 10 horas del 20 de mayo, en la galer\u00eda Dom\u00ednguez y <\/span><span data-contrast=\"auto\">Buis<\/span><span data-contrast=\"auto\">, ubicado en avenida Arco Sur 72.<\/span><span data-ccp-props=\"{&quot;201341983&quot;:0,&quot;335559731&quot;:708,&quot;335559739&quot;:160,&quot;335559740&quot;:240}\">\u00a0<\/span><\/p>\n<p><span data-contrast=\"auto\">El coordinador del evento, Emilio Santiago Mar\u00edn, tambi\u00e9n inform\u00f3 <\/span><span data-contrast=\"auto\">que<\/span><span data-contrast=\"auto\"> despu\u00e9s de la inauguraci\u00f3n, 10:30, habr\u00e1 una mesa de di\u00e1logo en la que participar\u00e1n <\/span><span data-contrast=\"auto\">Misus<\/span><span data-contrast=\"auto\"> Ricalde Burgue\u00f1o (Guadalajara), Yunuen Esparza (Ciudad de M\u00e9xico) y Gerardo Mart\u00ednez (Ciudad de M\u00e9xico).<\/span><span data-ccp-props=\"{&quot;201341983&quot;:0,&quot;335559731&quot;:708,&quot;335559739&quot;:160,&quot;335559740&quot;:240}\">\u00a0<\/span><\/p>\n","protected":false},"excerpt":{"rendered":"<p>Los eventos son para mostrar lo aprendido en la experiencia educativa \u201cDesarrollo de eventos estrat\u00e9gicos y campa\u00f1a publicitaria\u201d<\/p>\n","protected":false},"author":1508,"featured_media":67411,"comment_status":"closed","ping_status":"closed","sticky":false,"template":"","format":"standard","meta":{"footnotes":""},"categories":[1],"tags":[],"class_list":["post-67410","post","type-post","status-publish","format-standard","has-post-thumbnail","hentry","category-general"],"_links":{"self":[{"href":"https:\/\/www.uv.mx\/prensa\/wp-json\/wp\/v2\/posts\/67410","targetHints":{"allow":["GET"]}}],"collection":[{"href":"https:\/\/www.uv.mx\/prensa\/wp-json\/wp\/v2\/posts"}],"about":[{"href":"https:\/\/www.uv.mx\/prensa\/wp-json\/wp\/v2\/types\/post"}],"author":[{"embeddable":true,"href":"https:\/\/www.uv.mx\/prensa\/wp-json\/wp\/v2\/users\/1508"}],"replies":[{"embeddable":true,"href":"https:\/\/www.uv.mx\/prensa\/wp-json\/wp\/v2\/comments?post=67410"}],"version-history":[{"count":0,"href":"https:\/\/www.uv.mx\/prensa\/wp-json\/wp\/v2\/posts\/67410\/revisions"}],"wp:featuredmedia":[{"embeddable":true,"href":"https:\/\/www.uv.mx\/prensa\/wp-json\/wp\/v2\/media\/67411"}],"wp:attachment":[{"href":"https:\/\/www.uv.mx\/prensa\/wp-json\/wp\/v2\/media?parent=67410"}],"wp:term":[{"taxonomy":"category","embeddable":true,"href":"https:\/\/www.uv.mx\/prensa\/wp-json\/wp\/v2\/categories?post=67410"},{"taxonomy":"post_tag","embeddable":true,"href":"https:\/\/www.uv.mx\/prensa\/wp-json\/wp\/v2\/tags?post=67410"}],"curies":[{"name":"wp","href":"https:\/\/api.w.org\/{rel}","templated":true}]}}